{"id":47822,"date":"2026-01-23T15:55:35","date_gmt":"2026-01-23T15:55:35","guid":{"rendered":"https:\/\/armstrongyregion.com.ar\/diario\/?p=47822"},"modified":"2026-01-23T15:55:36","modified_gmt":"2026-01-23T15:55:36","slug":"a-52-anos-del-asesinato-de-los-cooperativistas","status":"publish","type":"post","link":"https:\/\/armstrongyregion.com.ar\/diario\/a-52-anos-del-asesinato-de-los-cooperativistas\/","title":{"rendered":"A 52 a\u00f1os del asesinato de los cooperativistas."},"content":{"rendered":"\n<figure class=\"wp-block-image size-large\"><img loading=\"lazy\" decoding=\"async\" width=\"480\" height=\"480\" src=\"https:\/\/armstrongyregion.com.ar\/diario\/wp-content\/uploads\/2026\/01\/COOPERATIVISTAS-26-480x480.jpg\" alt=\"\" class=\"wp-image-47823\" srcset=\"https:\/\/armstrongyregion.com.ar\/diario\/wp-content\/uploads\/2026\/01\/COOPERATIVISTAS-26-480x480.jpg 480w, https:\/\/armstrongyregion.com.ar\/diario\/wp-content\/uploads\/2026\/01\/COOPERATIVISTAS-26-300x300.jpg 300w, https:\/\/armstrongyregion.com.ar\/diario\/wp-content\/uploads\/2026\/01\/COOPERATIVISTAS-26-150x150.jpg 150w, https:\/\/armstrongyregion.com.ar\/diario\/wp-content\/uploads\/2026\/01\/COOPERATIVISTAS-26.jpg 640w\" sizes=\"auto, (max-width: 480px) 100vw, 480px\" \/><\/figure>\n\n\n\n<p>El 23 de enero de 1974 qued\u00f3 marcado como una de las fechas m\u00e1s oscuras para el<br>movimiento cooperativo, para la historia social del pa\u00eds y, sobre todo, de nuestra ciudad,<br>cuando cinco armstronenses fueron injustamente asesinados, hecho tr\u00e1gico ocurrido en un<br>per\u00edodo democr\u00e1tico.<br>El Intendente Municipal Ing. Guillermo Luzzi y toda la comunidad de Armstrong honra sus<br>memorias, destacando el ejemplo que estos hombres visionarios nos dejaron a trav\u00e9s del<br>compromiso de integrar y trabajar en instituciones de la ciudad para el beneficio de los<br>armstronenses.<br>En este 2026 se cumplen 52 a\u00f1os del asesinato de V\u00edctor Cantoia (Gerente), Aldo Alberto<br>Viotto (Jefe de Contadur\u00eda), H\u00e9ctor Blanch (Jefe de la Secci\u00f3n Tienda), Ernesto Pascucci (Jefe<br>de la Secci\u00f3n Almac\u00e9n), integrantes de la Cooperativa Agr\u00edcola Ganadera de Armstrong y<br>Odorico Montorfano (Supervisor contable de la FACA, delegaci\u00f3n Rosario), que los<br>acompa\u00f1aba.<br>Los cinco viajaban hacia la Cooperativa de Colonia Caroya, provincia de C\u00f3rdoba, para<br>interiorizarse sobre el funcionamiento de su supermercado, con el objetivo de instalar uno<br>de similares caracter\u00edsticas en Armstrong.<br>El Comando Radioel\u00e9ctrico de la polic\u00eda cordobesa los intercepta por error entre las<br>localidades de R\u00edo Segundo y Toledo y, para justificarlo, los autores dir\u00e1n que las v\u00edctimas<br>eran subversivos huyendo del frustrado ataque al cuartel de Azul. A trav\u00e9s de la<br>investigaci\u00f3n, se comprobar\u00e1 que el operativo, en realidad, fue montado contra el<br>autom\u00f3vil de caracter\u00edsticas similares perteneciente a la Polic\u00eda Federal que se desplazaba<br>desde Laguna Larga en misi\u00f3n operacional, y que el asesinato fue producto de m\u00f3viles<br>pol\u00edticos encubiertos para derrocar al Gobierno Provincial del Dr. Obreg\u00f3n Cano y de una<br>interna entre la polic\u00eda de la provincia de C\u00f3rdoba y la Federal.<br>A m\u00e1s de cinco d\u00e9cadas, la memoria de los cinco cooperativistas sigue viva en cada<br>experiencia de organizaci\u00f3n solidaria que se construye desde abajo. Recordarlos no es solo<br>un acto de homenaje, sino tambi\u00e9n un ejercicio de memoria colectiva y un compromiso con<br>la verdad y la justicia.<br>Nuestra comunidad se une al reclamo de los familiares para que la sentencia judicial sea<br>anulada y se realice otro juicio considerando que, en realidad, al tratarse de un homicidio a<br>manos de fuerzas dependientes del Estado, el crimen debe ser considerado de Lesa<br>Humanidad y, por lo tanto, imprescriptible.<\/p>\n","protected":false},"excerpt":{"rendered":"<p>El 23 de enero de 1974 qued\u00f3 marcado como una de las fechas m\u00e1s oscuras para elmovimiento cooperativo, para la historia social del pa\u00eds y, sobre todo, de nuestra ciudad,cuando cinco armstronenses fueron injustamente asesinados, hecho tr\u00e1gico ocurrido en unper\u00edodo democr\u00e1tico.El Intendente Municipal Ing. Guillermo Luzzi y toda la comunidad de Armstrong honra susmemorias, destacando <a href=\"https:\/\/armstrongyregion.com.ar\/diario\/a-52-anos-del-asesinato-de-los-cooperativistas\/\" title=\"Read more\" >&#8230;<\/a><\/p>\n","protected":false},"author":1,"featured_media":47823,"comment_status":"open","ping_status":"open","sticky":false,"template":"","format":"image","meta":{"_jetpack_memberships_contains_paid_content":false,"footnotes":"","jetpack_publicize_message":"","jetpack_publicize_feature_enabled":true,"jetpack_social_post_already_shared":true,"jetpack_social_options":{"image_generator_settings":{"template":"highway","default_image_id":0,"enabled":false},"version":2}},"categories":[6,8,1,2,2852,7,3],"tags":[12281,20,12282,5030,12284,12283],"class_list":["post-47822","post","type-post","status-publish","format-image","has-post-thumbnail","hentry","category-cultura-entretenimiento","category-deliberando","category-diario-armstrong","category-locales","category-policiales","category-politica","category-region","tag-52-anos","tag-armstrong","tag-cooperativistas-asesinados","tag-diario-armstrong","tag-memoria-colectiva","tag-recordarlos","post_format-post-format-image"],"jetpack_publicize_connections":[],"jetpack_featured_media_url":"https:\/\/armstrongyregion.com.ar\/diario\/wp-content\/uploads\/2026\/01\/COOPERATIVISTAS-26.jpg","jetpack_shortlink":"https:\/\/wp.me\/p62QDO-crk","jetpack_sharing_enabled":true,"amp_enabled":true,"_links":{"self":[{"href":"https:\/\/armstrongyregion.com.ar\/diario\/wp-json\/wp\/v2\/posts\/47822","targetHints":{"allow":["GET"]}}],"collection":[{"href":"https:\/\/armstrongyregion.com.ar\/diario\/wp-json\/wp\/v2\/posts"}],"about":[{"href":"https:\/\/armstrongyregion.com.ar\/diario\/wp-json\/wp\/v2\/types\/post"}],"author":[{"embeddable":true,"href":"https:\/\/armstrongyregion.com.ar\/diario\/wp-json\/wp\/v2\/users\/1"}],"replies":[{"embeddable":true,"href":"https:\/\/armstrongyregion.com.ar\/diario\/wp-json\/wp\/v2\/comments?post=47822"}],"version-history":[{"count":1,"href":"https:\/\/armstrongyregion.com.ar\/diario\/wp-json\/wp\/v2\/posts\/47822\/revisions"}],"predecessor-version":[{"id":47824,"href":"https:\/\/armstrongyregion.com.ar\/diario\/wp-json\/wp\/v2\/posts\/47822\/revisions\/47824"}],"wp:featuredmedia":[{"embeddable":true,"href":"https:\/\/armstrongyregion.com.ar\/diario\/wp-json\/wp\/v2\/media\/47823"}],"wp:attachment":[{"href":"https:\/\/armstrongyregion.com.ar\/diario\/wp-json\/wp\/v2\/media?parent=47822"}],"wp:term":[{"taxonomy":"category","embeddable":true,"href":"https:\/\/armstrongyregion.com.ar\/diario\/wp-json\/wp\/v2\/categories?post=47822"},{"taxonomy":"post_tag","embeddable":true,"href":"https:\/\/armstrongyregion.com.ar\/diario\/wp-json\/wp\/v2\/tags?post=47822"}],"curies":[{"name":"wp","href":"https:\/\/api.w.org\/{rel}","templated":true}]}}