{"id":47810,"date":"2026-01-12T14:48:10","date_gmt":"2026-01-12T14:48:10","guid":{"rendered":"https:\/\/armstrongyregion.com.ar\/diario\/?p=47810"},"modified":"2026-01-12T14:48:13","modified_gmt":"2026-01-12T14:48:13","slug":"lucero-para-garantizar-un-inicio-de-clases-sin-conflictos-es-imprescindible-que-pullaro-implemente-la-clausula-gatillo","status":"publish","type":"post","link":"https:\/\/armstrongyregion.com.ar\/diario\/lucero-para-garantizar-un-inicio-de-clases-sin-conflictos-es-imprescindible-que-pullaro-implemente-la-clausula-gatillo\/","title":{"rendered":"Lucero: \u201cPara garantizar un inicio de clases sin conflictos es imprescindible que Pullaro implemente la cl\u00e1usula gatillo\u201d"},"content":{"rendered":"\n<figure class=\"wp-block-image size-large\"><img loading=\"lazy\" decoding=\"async\" width=\"640\" height=\"427\" src=\"https:\/\/armstrongyregion.com.ar\/diario\/wp-content\/uploads\/2026\/01\/Foto-Lucero-1-640x427.jpg\" alt=\"\" class=\"wp-image-47811\" srcset=\"https:\/\/armstrongyregion.com.ar\/diario\/wp-content\/uploads\/2026\/01\/Foto-Lucero-1-640x427.jpg 640w, https:\/\/armstrongyregion.com.ar\/diario\/wp-content\/uploads\/2026\/01\/Foto-Lucero-1-300x200.jpg 300w, https:\/\/armstrongyregion.com.ar\/diario\/wp-content\/uploads\/2026\/01\/Foto-Lucero-1.jpg 648w\" sizes=\"auto, (max-width: 640px) 100vw, 640px\" \/><\/figure>\n\n\n\n<h2 class=\"wp-block-heading\"><em>As\u00ed lo manifest\u00f3 el titular de Sadop Rosario, quien adem\u00e1s record\u00f3 que \u201cfue el compromiso que el gobernador asumi\u00f3 en la campa\u00f1a, solo le pedimos que cumpla con su palabra\u201d.<\/em><\/h2>\n\n\n\n<p>El titular de Sadop Rosario, Mart\u00edn Lucero, volvi\u00f3 a reclamar al gobierno provincial por la implementaci\u00f3n de la cl\u00e1usula gatillo para actualizar los salarios de las y los docentes santafesinos.<\/p>\n\n\n\n<p>\u201cLa cl\u00e1usula gatillo puede ser una herramienta fundamental en el contexto actual, donde los salarios vienen creciendo sistem\u00e1ticamente por debajo de la inflaci\u00f3n\u201d afirm\u00f3 Lucero y detall\u00f3: \u201cDurante el \u00faltimo semestre el gobierno de Pullaro otorg\u00f3 un aumento salarial del 7% distribuido en seis cuotas: dos del 1,5% y cuatro del 1%. Posteriormente, se agreg\u00f3 un 2% adicional. De esta manera, el incremento total alcanz\u00f3 el 9%, mientras que la inflaci\u00f3n del per\u00edodo fue del 12%, lo que implic\u00f3 una p\u00e9rdida concreta del poder adquisitivo docente.<\/p>\n\n\n\n<p>Este esquema salarial debi\u00f3 ser implementado por decreto, ya que no logr\u00f3 ser aprobado en el \u00e1mbito paritario debido al rechazo de los sindicatos. Es decir, ante la falta de acuerdo, el gobierno opt\u00f3 por imponer de manera unilateral una propuesta insuficiente.<\/p>\n\n\n\n<p>M\u00e1s adelante, el secretario adjunto de la CGT Rosario, sostuvo que \u201csi el gobernador hubiera cumplido con su promesa de campa\u00f1a de garantizar paritarias libres y la aplicaci\u00f3n de la cl\u00e1usula gatillo no se habr\u00edan producido conflictos. Hoy, a dos a\u00f1os de haber iniciado su gesti\u00f3n, el gobernador tiene una nueva oportunidad de empezar a cumplir las promesas que hizo y que hasta el momento no ha honrado\u201d.<\/p>\n\n\n\n<p>\u201cTambi\u00e9n es importante remarcar que Pullaro no cumpli\u00f3 con el pago de la cl\u00e1usula gatillo adeudada del per\u00edodo correspondiente al gobierno de Omar Perotti, con quien se muestra a diario en actos y fotograf\u00edas oficiales\u201d, analiz\u00f3 m\u00e1s adelante el representante de los docentes privados.<\/p>\n\n\n\n<p>\u201cPor todo esto, entendemos que una v\u00eda concreta para garantizar el inicio de clases sin conflictos y para comenzar a recomponer las relaciones con la docencia \u2014hoy totalmente deterioradas\u2014 es que el gobernador cumpla con su palabra. Hacer lo que est\u00e1 bien implica, simplemente, cumplir lo que se dijo en campa\u00f1a e implementar de una vez por todas la cl\u00e1usula gatillo\u201d, finaliz\u00f3 Lucero.<\/p>\n","protected":false},"excerpt":{"rendered":"<p>As\u00ed lo manifest\u00f3 el titular de Sadop Rosario, quien adem\u00e1s record\u00f3 que \u201cfue el compromiso que el gobernador asumi\u00f3 en la campa\u00f1a, solo le pedimos que cumpla con su palabra\u201d. El titular de Sadop Rosario, Mart\u00edn Lucero, volvi\u00f3 a reclamar al gobierno provincial por la implementaci\u00f3n de la cl\u00e1usula gatillo para actualizar los salarios de <a href=\"https:\/\/armstrongyregion.com.ar\/diario\/lucero-para-garantizar-un-inicio-de-clases-sin-conflictos-es-imprescindible-que-pullaro-implemente-la-clausula-gatillo\/\" title=\"Read more\" >&#8230;<\/a><\/p>\n","protected":false},"author":1,"featured_media":47811,"comment_status":"open","ping_status":"open","sticky":false,"template":"","format":"image","meta":{"_jetpack_memberships_contains_paid_content":false,"footnotes":"","jetpack_publicize_message":"","jetpack_publicize_feature_enabled":true,"jetpack_social_post_already_shared":true,"jetpack_social_options":{"image_generator_settings":{"template":"highway","default_image_id":0,"enabled":false},"version":2}},"categories":[6,8,1,2,7,3],"tags":[12278,4161,12277,12243],"class_list":["post-47810","post","type-post","status-publish","format-image","has-post-thumbnail","hentry","category-cultura-entretenimiento","category-deliberando","category-diario-armstrong","category-locales","category-politica","category-region","tag-clausula-gatillo","tag-conflictos","tag-inicio-de-clases","tag-lucero","post_format-post-format-image"],"jetpack_publicize_connections":[],"jetpack_featured_media_url":"https:\/\/armstrongyregion.com.ar\/diario\/wp-content\/uploads\/2026\/01\/Foto-Lucero-1.jpg","jetpack_shortlink":"https:\/\/wp.me\/p62QDO-cr8","jetpack_sharing_enabled":true,"amp_enabled":true,"_links":{"self":[{"href":"https:\/\/armstrongyregion.com.ar\/diario\/wp-json\/wp\/v2\/posts\/47810","targetHints":{"allow":["GET"]}}],"collection":[{"href":"https:\/\/armstrongyregion.com.ar\/diario\/wp-json\/wp\/v2\/posts"}],"about":[{"href":"https:\/\/armstrongyregion.com.ar\/diario\/wp-json\/wp\/v2\/types\/post"}],"author":[{"embeddable":true,"href":"https:\/\/armstrongyregion.com.ar\/diario\/wp-json\/wp\/v2\/users\/1"}],"replies":[{"embeddable":true,"href":"https:\/\/armstrongyregion.com.ar\/diario\/wp-json\/wp\/v2\/comments?post=47810"}],"version-history":[{"count":1,"href":"https:\/\/armstrongyregion.com.ar\/diario\/wp-json\/wp\/v2\/posts\/47810\/revisions"}],"predecessor-version":[{"id":47812,"href":"https:\/\/armstrongyregion.com.ar\/diario\/wp-json\/wp\/v2\/posts\/47810\/revisions\/47812"}],"wp:featuredmedia":[{"embeddable":true,"href":"https:\/\/armstrongyregion.com.ar\/diario\/wp-json\/wp\/v2\/media\/47811"}],"wp:attachment":[{"href":"https:\/\/armstrongyregion.com.ar\/diario\/wp-json\/wp\/v2\/media?parent=47810"}],"wp:term":[{"taxonomy":"category","embeddable":true,"href":"https:\/\/armstrongyregion.com.ar\/diario\/wp-json\/wp\/v2\/categories?post=47810"},{"taxonomy":"post_tag","embeddable":true,"href":"https:\/\/armstrongyregion.com.ar\/diario\/wp-json\/wp\/v2\/tags?post=47810"}],"curies":[{"name":"wp","href":"https:\/\/api.w.org\/{rel}","templated":true}]}}