{"id":47805,"date":"2026-01-12T14:31:49","date_gmt":"2026-01-12T14:31:49","guid":{"rendered":"https:\/\/armstrongyregion.com.ar\/diario\/?p=47805"},"modified":"2026-01-12T14:31:51","modified_gmt":"2026-01-12T14:31:51","slug":"accidente-fatal-en-la-autopista-rosario-cordoba-un-automovilista-de-casilda-murio-tras-volcar-y-cruzarse-de-carril","status":"publish","type":"post","link":"https:\/\/armstrongyregion.com.ar\/diario\/accidente-fatal-en-la-autopista-rosario-cordoba-un-automovilista-de-casilda-murio-tras-volcar-y-cruzarse-de-carril\/","title":{"rendered":"Accidente fatal en la autopista Rosario-C\u00f3rdoba: un automovilista de Casilda muri\u00f3 tras volcar y cruzarse de carril."},"content":{"rendered":"\n<figure class=\"wp-block-image size-large\"><img loading=\"lazy\" decoding=\"async\" width=\"640\" height=\"391\" src=\"https:\/\/armstrongyregion.com.ar\/diario\/wp-content\/uploads\/2026\/01\/choque-fatal--640x391.jpg\" alt=\"\" class=\"wp-image-47806\" srcset=\"https:\/\/armstrongyregion.com.ar\/diario\/wp-content\/uploads\/2026\/01\/choque-fatal--640x391.jpg 640w, https:\/\/armstrongyregion.com.ar\/diario\/wp-content\/uploads\/2026\/01\/choque-fatal--300x183.jpg 300w, https:\/\/armstrongyregion.com.ar\/diario\/wp-content\/uploads\/2026\/01\/choque-fatal-.jpg 645w\" sizes=\"auto, (max-width: 640px) 100vw, 640px\" \/><\/figure>\n\n\n\n<h2 class=\"wp-block-heading\">El siniestro ocurri\u00f3 durante la noche de este domingo. El veh\u00edculo se despist\u00f3, cruz\u00f3 de carril y termin\u00f3 volcado en la mano contraria. Seg\u00fan el parte policial, no hubo otros autos involucrados<\/h2>\n\n\n\n<p>Un tr\u00e1gico&nbsp;<strong>siniestro vial se cobr\u00f3 la vida de un hombre de 41 a\u00f1os este domingo por la noche en la autopista Rosario-C\u00f3rdoba.<\/strong>&nbsp;El accidente ocurri\u00f3 a la altura del kil\u00f3metro 326, en jurisdicci\u00f3n de San Jer\u00f3nimo Sud, cuando un automovilista perdi\u00f3 el control de su veh\u00edculo, volc\u00f3 y falleci\u00f3 en el acto.<\/p>\n\n\n\n<p>Seg\u00fan el parte oficial de la Unidad Regional XVII, el hecho se registr\u00f3 alrededor de las 21.30. Por razones que a\u00fan se intentan establecer, un Chevrolet Vectra que&nbsp;<strong>circulaba con sentido hacia C\u00f3rdoba se despist\u00f3, cruz\u00f3 el cantero central y termin\u00f3 volcado sobre la calzada opuesta.<\/strong><\/p>\n\n\n\n<p>Al arribar al lugar, el personal de la Comisar\u00eda 8\u00aa constat\u00f3 que el \u00fanico ocupante del rodado, identificado como Cristian A., oriundo de la ciudad de Casilda,<strong>&nbsp;se encontraba sin signos vitales<\/strong>. Seg\u00fan las primeras pericias m\u00e9dicas, el deceso se produjo de manera instant\u00e1nea producto del fuerte impacto.<\/p>\n\n\n\n<p>Las autoridades indicaron que, de acuerdo a los indicios recolectados en el sitio,&nbsp;<strong>no hubo intervenci\u00f3n de terceros veh\u00edculos en el siniestro.<\/strong><\/p>\n","protected":false},"excerpt":{"rendered":"<p>El siniestro ocurri\u00f3 durante la noche de este domingo. El veh\u00edculo se despist\u00f3, cruz\u00f3 de carril y termin\u00f3 volcado en la mano contraria. Seg\u00fan el parte policial, no hubo otros autos involucrados Un tr\u00e1gico&nbsp;siniestro vial se cobr\u00f3 la vida de un hombre de 41 a\u00f1os este domingo por la noche en la autopista Rosario-C\u00f3rdoba.&nbsp;El accidente <a href=\"https:\/\/armstrongyregion.com.ar\/diario\/accidente-fatal-en-la-autopista-rosario-cordoba-un-automovilista-de-casilda-murio-tras-volcar-y-cruzarse-de-carril\/\" title=\"Read more\" >&#8230;<\/a><\/p>\n","protected":false},"author":1,"featured_media":47806,"comment_status":"open","ping_status":"open","sticky":false,"template":"","format":"image","meta":{"_jetpack_memberships_contains_paid_content":false,"footnotes":"","jetpack_publicize_message":"","jetpack_publicize_feature_enabled":true,"jetpack_social_post_already_shared":true,"jetpack_social_options":{"image_generator_settings":{"template":"highway","default_image_id":0,"enabled":false},"version":2}},"categories":[6,8,1,2,7,3],"tags":[12270,12272,9059,4026,12271],"class_list":["post-47805","post","type-post","status-publish","format-image","has-post-thumbnail","hentry","category-cultura-entretenimiento","category-deliberando","category-diario-armstrong","category-locales","category-politica","category-region","tag-accidente-fatal","tag-automovilista","tag-autopista-2","tag-casilda","tag-rosario-cordoba-3","post_format-post-format-image"],"jetpack_publicize_connections":[],"jetpack_featured_media_url":"https:\/\/armstrongyregion.com.ar\/diario\/wp-content\/uploads\/2026\/01\/choque-fatal-.jpg","jetpack_shortlink":"https:\/\/wp.me\/p62QDO-cr3","jetpack_sharing_enabled":true,"amp_enabled":true,"_links":{"self":[{"href":"https:\/\/armstrongyregion.com.ar\/diario\/wp-json\/wp\/v2\/posts\/47805","targetHints":{"allow":["GET"]}}],"collection":[{"href":"https:\/\/armstrongyregion.com.ar\/diario\/wp-json\/wp\/v2\/posts"}],"about":[{"href":"https:\/\/armstrongyregion.com.ar\/diario\/wp-json\/wp\/v2\/types\/post"}],"author":[{"embeddable":true,"href":"https:\/\/armstrongyregion.com.ar\/diario\/wp-json\/wp\/v2\/users\/1"}],"replies":[{"embeddable":true,"href":"https:\/\/armstrongyregion.com.ar\/diario\/wp-json\/wp\/v2\/comments?post=47805"}],"version-history":[{"count":1,"href":"https:\/\/armstrongyregion.com.ar\/diario\/wp-json\/wp\/v2\/posts\/47805\/revisions"}],"predecessor-version":[{"id":47807,"href":"https:\/\/armstrongyregion.com.ar\/diario\/wp-json\/wp\/v2\/posts\/47805\/revisions\/47807"}],"wp:featuredmedia":[{"embeddable":true,"href":"https:\/\/armstrongyregion.com.ar\/diario\/wp-json\/wp\/v2\/media\/47806"}],"wp:attachment":[{"href":"https:\/\/armstrongyregion.com.ar\/diario\/wp-json\/wp\/v2\/media?parent=47805"}],"wp:term":[{"taxonomy":"category","embeddable":true,"href":"https:\/\/armstrongyregion.com.ar\/diario\/wp-json\/wp\/v2\/categories?post=47805"},{"taxonomy":"post_tag","embeddable":true,"href":"https:\/\/armstrongyregion.com.ar\/diario\/wp-json\/wp\/v2\/tags?post=47805"}],"curies":[{"name":"wp","href":"https:\/\/api.w.org\/{rel}","templated":true}]}}