{"id":47792,"date":"2026-01-08T14:34:06","date_gmt":"2026-01-08T14:34:06","guid":{"rendered":"https:\/\/armstrongyregion.com.ar\/diario\/?p=47792"},"modified":"2026-01-08T14:34:08","modified_gmt":"2026-01-08T14:34:08","slug":"armstrong-celebra-el-exito-de-las-escuelas-de-verano-impulsadas-por-la-provincia","status":"publish","type":"post","link":"https:\/\/armstrongyregion.com.ar\/diario\/armstrong-celebra-el-exito-de-las-escuelas-de-verano-impulsadas-por-la-provincia\/","title":{"rendered":"Armstrong celebra el \u00e9xito de las Escuelas de Verano impulsadas por la provincia."},"content":{"rendered":"\n<figure class=\"wp-block-image size-large\"><img loading=\"lazy\" decoding=\"async\" width=\"640\" height=\"427\" src=\"https:\/\/armstrongyregion.com.ar\/diario\/wp-content\/uploads\/2026\/01\/COLONIA-VERANO-26-640x427.jpg\" alt=\"\" class=\"wp-image-47793\" srcset=\"https:\/\/armstrongyregion.com.ar\/diario\/wp-content\/uploads\/2026\/01\/COLONIA-VERANO-26-640x427.jpg 640w, https:\/\/armstrongyregion.com.ar\/diario\/wp-content\/uploads\/2026\/01\/COLONIA-VERANO-26-300x200.jpg 300w, https:\/\/armstrongyregion.com.ar\/diario\/wp-content\/uploads\/2026\/01\/COLONIA-VERANO-26.jpg 709w\" sizes=\"auto, (max-width: 640px) 100vw, 640px\" \/><\/figure>\n\n\n\n<p>Con fuerte participaci\u00f3n de ni\u00f1os de la localidad, las Escuelas de Verano 2026 impulsadas por el<br>Gobierno de la provincia de Santa Fe se consolidan como una de las propuestas educativas y<br>recreativas m\u00e1s exitosas de la temporada estival en Armstrong.<\/p>\n\n\n\n<figure class=\"wp-block-image size-large\"><img loading=\"lazy\" decoding=\"async\" width=\"640\" height=\"427\" src=\"https:\/\/armstrongyregion.com.ar\/diario\/wp-content\/uploads\/2026\/01\/COLONIA-VERANO-26-b--640x427.jpg\" alt=\"\" class=\"wp-image-47794\" srcset=\"https:\/\/armstrongyregion.com.ar\/diario\/wp-content\/uploads\/2026\/01\/COLONIA-VERANO-26-b--640x427.jpg 640w, https:\/\/armstrongyregion.com.ar\/diario\/wp-content\/uploads\/2026\/01\/COLONIA-VERANO-26-b--300x200.jpg 300w, https:\/\/armstrongyregion.com.ar\/diario\/wp-content\/uploads\/2026\/01\/COLONIA-VERANO-26-b-.jpg 718w\" sizes=\"auto, (max-width: 640px) 100vw, 640px\" \/><\/figure>\n\n\n\n<p><br>La iniciativa, que forma parte del programa Santa Fe en Movimiento, combina actividades<br>pedag\u00f3gicas, deportivas, culturales y recreativas para ni\u00f1as, ni\u00f1os y adolescentes de entre 4 y 13<br>a\u00f1os durante el receso escolar.<\/p>\n\n\n\n<figure class=\"wp-block-image size-large\"><img loading=\"lazy\" decoding=\"async\" width=\"640\" height=\"427\" src=\"https:\/\/armstrongyregion.com.ar\/diario\/wp-content\/uploads\/2026\/01\/colonia-verano-26-c-640x427.jpg\" alt=\"\" class=\"wp-image-47795\" srcset=\"https:\/\/armstrongyregion.com.ar\/diario\/wp-content\/uploads\/2026\/01\/colonia-verano-26-c-640x427.jpg 640w, https:\/\/armstrongyregion.com.ar\/diario\/wp-content\/uploads\/2026\/01\/colonia-verano-26-c-300x200.jpg 300w, https:\/\/armstrongyregion.com.ar\/diario\/wp-content\/uploads\/2026\/01\/colonia-verano-26-c.jpg 745w\" sizes=\"auto, (max-width: 640px) 100vw, 640px\" \/><\/figure>\n\n\n\n<p><br>Desde el 2 hasta el 30 de enero, en instalaciones del Club Barraca y bajo la supervisi\u00f3n de docentes,<br>guardavidas y agentes provinciales, m\u00e1s de 60 ni\u00f1os participan diariamente de propuestas que<br>promueven la integraci\u00f3n, la convivencia y el aprendizaje activo fuera del aula tradicional.<\/p>\n\n\n\n<figure class=\"wp-block-image size-large\"><img loading=\"lazy\" decoding=\"async\" width=\"640\" height=\"427\" src=\"https:\/\/armstrongyregion.com.ar\/diario\/wp-content\/uploads\/2026\/01\/colonia-verano-26-d--640x427.jpg\" alt=\"\" class=\"wp-image-47796\" srcset=\"https:\/\/armstrongyregion.com.ar\/diario\/wp-content\/uploads\/2026\/01\/colonia-verano-26-d--640x427.jpg 640w, https:\/\/armstrongyregion.com.ar\/diario\/wp-content\/uploads\/2026\/01\/colonia-verano-26-d--300x200.jpg 300w, https:\/\/armstrongyregion.com.ar\/diario\/wp-content\/uploads\/2026\/01\/colonia-verano-26-d-.jpg 739w\" sizes=\"auto, (max-width: 640px) 100vw, 640px\" \/><\/figure>\n\n\n\n<p><br>Las actividades son gratuitas e incluyen talleres de arte, educaci\u00f3n f\u00edsica, juegos, tecnolog\u00eda,<br>expresi\u00f3n cultural y h\u00e1bitos de vida saludable, con especial atenci\u00f3n a la inclusi\u00f3n y la participaci\u00f3n<br>social reforzando v\u00ednculos sociales, promoviendo el trabajo en equipo y ofreciendo oportunidades<br>educativas durante las vacaciones.<\/p>\n\n\n\n<figure class=\"wp-block-image size-large\"><img loading=\"lazy\" decoding=\"async\" width=\"640\" height=\"427\" src=\"https:\/\/armstrongyregion.com.ar\/diario\/wp-content\/uploads\/2026\/01\/colonia-verano-26-e--640x427.jpg\" alt=\"\" class=\"wp-image-47797\" srcset=\"https:\/\/armstrongyregion.com.ar\/diario\/wp-content\/uploads\/2026\/01\/colonia-verano-26-e--640x427.jpg 640w, https:\/\/armstrongyregion.com.ar\/diario\/wp-content\/uploads\/2026\/01\/colonia-verano-26-e--300x200.jpg 300w, https:\/\/armstrongyregion.com.ar\/diario\/wp-content\/uploads\/2026\/01\/colonia-verano-26-e-.jpg 743w\" sizes=\"auto, (max-width: 640px) 100vw, 640px\" \/><\/figure>\n\n\n\n<p><br>Las inscripciones se agotaron r\u00e1pidamente en la Escuela N\u00ba 600 \u201cGral. Manuel Belgrano\u201d, reflejo de<br>la demanda y la confianza de toda la comunidad en esta pol\u00edtica p\u00fablica.<br>El Intendente Guillermo Luzzi expres\u00f3 su agradecimiento al Senador Verdecchia, a los Ministerios de<br>Educaci\u00f3n y de Igualdad y Desarrollo Humano del Gobierno provincial por acercar esta iniciativa, y a<br>Club Barraca por facilitar sus instalaciones. \u201cEs una actividad espectacular para que los chicos<br>contin\u00faen con su etapa educativa\u201d, agreg\u00f3.<br>A nivel provincial, las Escuelas de Verano superan los 35.000 participantes en 240 sedes distribuidas<br>en toda Santa Fe, una cifra que subraya la magnitud y el impacto de la propuesta dise\u00f1ada por el<br>gobierno provincial. Autoridades educativas se\u00f1alaron que la iniciativa busca \u201ccontinuar<br>fortaleciendo los aprendizajes y ofrecer a las infancias espacios de contenci\u00f3n, cuidado y desarrollo<br>integral durante el receso escolar\u201d.<br>Para los ni\u00f1os armstronenses, las Escuelas de Verano ya no son solo una alternativa recreativa de<br>enero: se han convertido en un espacio de encuentro, pertenencia y crecimiento personal que<br>marca el inicio de un verano activo y enriquecedor en la ciudad.<\/p>\n","protected":false},"excerpt":{"rendered":"<p>Con fuerte participaci\u00f3n de ni\u00f1os de la localidad, las Escuelas de Verano 2026 impulsadas por elGobierno de la provincia de Santa Fe se consolidan como una de las propuestas educativas yrecreativas m\u00e1s exitosas de la temporada estival en Armstrong. La iniciativa, que forma parte del programa Santa Fe en Movimiento, combina actividadespedag\u00f3gicas, deportivas, culturales y <a href=\"https:\/\/armstrongyregion.com.ar\/diario\/armstrong-celebra-el-exito-de-las-escuelas-de-verano-impulsadas-por-la-provincia\/\" title=\"Read more\" >&#8230;<\/a><\/p>\n","protected":false},"author":1,"featured_media":47793,"comment_status":"open","ping_status":"open","sticky":false,"template":"","format":"image","meta":{"_jetpack_memberships_contains_paid_content":false,"footnotes":"","jetpack_publicize_message":"","jetpack_publicize_feature_enabled":true,"jetpack_social_post_already_shared":true,"jetpack_social_options":{"image_generator_settings":{"template":"highway","default_image_id":0,"enabled":false},"version":2}},"categories":[6,8,1,2,7,3],"tags":[20,5030,12268,11675,11907,10733],"class_list":["post-47792","post","type-post","status-publish","format-image","has-post-thumbnail","hentry","category-cultura-entretenimiento","category-deliberando","category-diario-armstrong","category-locales","category-politica","category-region","tag-armstrong","tag-diario-armstrong","tag-escuelas-de-verano","tag-exito-3","tag-int-guillermo-luzzi","tag-senador-pablo-verdecchia","post_format-post-format-image"],"jetpack_publicize_connections":[],"jetpack_featured_media_url":"https:\/\/armstrongyregion.com.ar\/diario\/wp-content\/uploads\/2026\/01\/COLONIA-VERANO-26.jpg","jetpack_shortlink":"https:\/\/wp.me\/p62QDO-cqQ","jetpack_sharing_enabled":true,"amp_enabled":true,"_links":{"self":[{"href":"https:\/\/armstrongyregion.com.ar\/diario\/wp-json\/wp\/v2\/posts\/47792","targetHints":{"allow":["GET"]}}],"collection":[{"href":"https:\/\/armstrongyregion.com.ar\/diario\/wp-json\/wp\/v2\/posts"}],"about":[{"href":"https:\/\/armstrongyregion.com.ar\/diario\/wp-json\/wp\/v2\/types\/post"}],"author":[{"embeddable":true,"href":"https:\/\/armstrongyregion.com.ar\/diario\/wp-json\/wp\/v2\/users\/1"}],"replies":[{"embeddable":true,"href":"https:\/\/armstrongyregion.com.ar\/diario\/wp-json\/wp\/v2\/comments?post=47792"}],"version-history":[{"count":1,"href":"https:\/\/armstrongyregion.com.ar\/diario\/wp-json\/wp\/v2\/posts\/47792\/revisions"}],"predecessor-version":[{"id":47798,"href":"https:\/\/armstrongyregion.com.ar\/diario\/wp-json\/wp\/v2\/posts\/47792\/revisions\/47798"}],"wp:featuredmedia":[{"embeddable":true,"href":"https:\/\/armstrongyregion.com.ar\/diario\/wp-json\/wp\/v2\/media\/47793"}],"wp:attachment":[{"href":"https:\/\/armstrongyregion.com.ar\/diario\/wp-json\/wp\/v2\/media?parent=47792"}],"wp:term":[{"taxonomy":"category","embeddable":true,"href":"https:\/\/armstrongyregion.com.ar\/diario\/wp-json\/wp\/v2\/categories?post=47792"},{"taxonomy":"post_tag","embeddable":true,"href":"https:\/\/armstrongyregion.com.ar\/diario\/wp-json\/wp\/v2\/tags?post=47792"}],"curies":[{"name":"wp","href":"https:\/\/api.w.org\/{rel}","templated":true}]}}