{"id":47786,"date":"2026-01-04T00:13:18","date_gmt":"2026-01-04T00:13:18","guid":{"rendered":"https:\/\/armstrongyregion.com.ar\/diario\/?p=47786"},"modified":"2026-01-04T00:13:20","modified_gmt":"2026-01-04T00:13:20","slug":"el-espiritu-de-los-reyes-magos-llega-a-armstrong-con-un-gran-picnic-nocturno","status":"publish","type":"post","link":"https:\/\/armstrongyregion.com.ar\/diario\/el-espiritu-de-los-reyes-magos-llega-a-armstrong-con-un-gran-picnic-nocturno\/","title":{"rendered":"El esp\u00edritu de los Reyes Magos llega a Armstrong con un gran \u00abPicnic Nocturno\u00bb"},"content":{"rendered":"\n<figure class=\"wp-block-image size-full\"><img loading=\"lazy\" decoding=\"async\" width=\"640\" height=\"360\" src=\"https:\/\/armstrongyregion.com.ar\/diario\/wp-content\/uploads\/2026\/01\/reyes-magos-2026.jpg\" alt=\"\" class=\"wp-image-47787\" srcset=\"https:\/\/armstrongyregion.com.ar\/diario\/wp-content\/uploads\/2026\/01\/reyes-magos-2026.jpg 640w, https:\/\/armstrongyregion.com.ar\/diario\/wp-content\/uploads\/2026\/01\/reyes-magos-2026-300x169.jpg 300w\" sizes=\"auto, (max-width: 640px) 100vw, 640px\" \/><\/figure>\n\n\n\n<h2 class=\"wp-block-heading\">La cita ser\u00e1 el pr\u00f3ximo mi\u00e9rcoles 7 de enero en el predio Bracito Fuerte. Habr\u00e1 m\u00fasica en vivo, feria de emprendedores y un servicio de buffet para disfrutar en familia.<\/h2>\n\n\n\n<p>La magia de los Reyes Magos se prepara para desembarcar en nuestra ciudad con una propuesta pensada para el disfrute de grandes y chicos. Bajo el lema <strong>\u00abSabores y Colores Locales\u00bb<\/strong>, la Municipalidad de Armstrong invita a toda la comunidad a participar de un <strong>Picnic Nocturno<\/strong> que promete ser una noche inolvidable.<\/p>\n\n\n\n<h3 class=\"wp-block-heading\">Detalles del Evento<\/h3>\n\n\n\n<p>El encuentro tendr\u00e1 lugar el <strong>mi\u00e9rcoles 7 de enero<\/strong>, a partir de las <strong>19:30 hs<\/strong>, en el tradicional espacio de <strong>Bracito Fuerte<\/strong>. La jornada est\u00e1 dise\u00f1ada para que las familias puedan acercarse con sus reposeras y mantas para compartir un momento al aire libre mientras esperan la llegada de Melchor, Gaspar y Baltasar.<\/p>\n\n\n\n<h3 class=\"wp-block-heading\">Atractivos de la noche<\/h3>\n\n\n\n<p>Para amenizar la velada, la organizaci\u00f3n ha confirmado una variada agenda de actividades y servicios:<\/p>\n\n\n\n<ul class=\"wp-block-list\">\n<li><strong>M\u00fasica:<\/strong> El <strong>DJ Gamal<\/strong> ser\u00e1 el encargado de musicalizar la jornada, brindando un ambiente festivo para todos los asistentes.<\/li>\n\n\n\n<li><strong>Feria:<\/strong> Se contar\u00e1 con la presencia de <strong>emprendedores locales y de la regi\u00f3n<\/strong>, ofreciendo una excelente oportunidad para conocer y apoyar el trabajo de nuestros artesanos.<\/li>\n\n\n\n<li><strong>Gastronom\u00eda:<\/strong> Para quienes prefieran no cocinar, habr\u00e1 un completo <strong>Servicio de Buffet<\/strong> con opciones para todos los gustos.<\/li>\n<\/ul>\n\n\n\n<p>Este evento, que ya cuenta con el sello de <strong>#MuniArmstrong<\/strong>, busca fortalecer los lazos comunitarios y mantener viva una de las tradiciones m\u00e1s queridas del calendario festivo. Se recomienda asistir temprano para ubicar un buen lugar y disfrutar de la ca\u00edda del sol en el predio.<\/p>\n\n\n\n<p><strong>\u00a1No te pierdas esta noche m\u00e1gica en Bracito Fuerte!<\/strong><\/p>\n\n\n\n<p><\/p>\n","protected":false},"excerpt":{"rendered":"<p>La cita ser\u00e1 el pr\u00f3ximo mi\u00e9rcoles 7 de enero en el predio Bracito Fuerte. Habr\u00e1 m\u00fasica en vivo, feria de emprendedores y un servicio de buffet para disfrutar en familia. La magia de los Reyes Magos se prepara para desembarcar en nuestra ciudad con una propuesta pensada para el disfrute de grandes y chicos. Bajo <a href=\"https:\/\/armstrongyregion.com.ar\/diario\/el-espiritu-de-los-reyes-magos-llega-a-armstrong-con-un-gran-picnic-nocturno\/\" title=\"Read more\" >&#8230;<\/a><\/p>\n","protected":false},"author":1,"featured_media":47787,"comment_status":"open","ping_status":"open","sticky":false,"template":"","format":"image","meta":{"_jetpack_memberships_contains_paid_content":false,"footnotes":"","jetpack_publicize_message":"","jetpack_publicize_feature_enabled":true,"jetpack_social_post_already_shared":true,"jetpack_social_options":{"image_generator_settings":{"template":"highway","default_image_id":0,"enabled":false},"version":2}},"categories":[6,8,1,2,7,3],"tags":[20,5030,8733,8777,368,12267,11339,11338,11330],"class_list":["post-47786","post","type-post","status-publish","format-image","has-post-thumbnail","hentry","category-cultura-entretenimiento","category-deliberando","category-diario-armstrong","category-locales","category-politica","category-region","tag-armstrong","tag-diario-armstrong","tag-espiritu","tag-lic-graciela-de-la-casa","tag-llega","tag-miercoles-7-de-enero","tag-nocturno","tag-pic-nic","tag-reyes-magos","post_format-post-format-image"],"jetpack_publicize_connections":[],"jetpack_featured_media_url":"https:\/\/armstrongyregion.com.ar\/diario\/wp-content\/uploads\/2026\/01\/reyes-magos-2026.jpg","jetpack_shortlink":"https:\/\/wp.me\/p62QDO-cqK","jetpack_sharing_enabled":true,"amp_enabled":true,"_links":{"self":[{"href":"https:\/\/armstrongyregion.com.ar\/diario\/wp-json\/wp\/v2\/posts\/47786","targetHints":{"allow":["GET"]}}],"collection":[{"href":"https:\/\/armstrongyregion.com.ar\/diario\/wp-json\/wp\/v2\/posts"}],"about":[{"href":"https:\/\/armstrongyregion.com.ar\/diario\/wp-json\/wp\/v2\/types\/post"}],"author":[{"embeddable":true,"href":"https:\/\/armstrongyregion.com.ar\/diario\/wp-json\/wp\/v2\/users\/1"}],"replies":[{"embeddable":true,"href":"https:\/\/armstrongyregion.com.ar\/diario\/wp-json\/wp\/v2\/comments?post=47786"}],"version-history":[{"count":1,"href":"https:\/\/armstrongyregion.com.ar\/diario\/wp-json\/wp\/v2\/posts\/47786\/revisions"}],"predecessor-version":[{"id":47788,"href":"https:\/\/armstrongyregion.com.ar\/diario\/wp-json\/wp\/v2\/posts\/47786\/revisions\/47788"}],"wp:featuredmedia":[{"embeddable":true,"href":"https:\/\/armstrongyregion.com.ar\/diario\/wp-json\/wp\/v2\/media\/47787"}],"wp:attachment":[{"href":"https:\/\/armstrongyregion.com.ar\/diario\/wp-json\/wp\/v2\/media?parent=47786"}],"wp:term":[{"taxonomy":"category","embeddable":true,"href":"https:\/\/armstrongyregion.com.ar\/diario\/wp-json\/wp\/v2\/categories?post=47786"},{"taxonomy":"post_tag","embeddable":true,"href":"https:\/\/armstrongyregion.com.ar\/diario\/wp-json\/wp\/v2\/tags?post=47786"}],"curies":[{"name":"wp","href":"https:\/\/api.w.org\/{rel}","templated":true}]}}