{"id":47783,"date":"2026-01-04T00:08:02","date_gmt":"2026-01-04T00:08:02","guid":{"rendered":"https:\/\/armstrongyregion.com.ar\/diario\/?p=47783"},"modified":"2026-01-04T00:08:04","modified_gmt":"2026-01-04T00:08:04","slug":"seguridad-2024-y-2025-los-anos-menos-violentos-del-siglo-en-la-provincia","status":"publish","type":"post","link":"https:\/\/armstrongyregion.com.ar\/diario\/seguridad-2024-y-2025-los-anos-menos-violentos-del-siglo-en-la-provincia\/","title":{"rendered":"Seguridad: 2024 y 2025, los a\u00f1os menos violentos del siglo en la provincia."},"content":{"rendered":"\n<figure class=\"wp-block-image size-full\"><img loading=\"lazy\" decoding=\"async\" width=\"570\" height=\"320\" src=\"https:\/\/armstrongyregion.com.ar\/diario\/wp-content\/uploads\/2026\/01\/SEGURIDAD-3-25.jpg\" alt=\"\" class=\"wp-image-47784\" srcset=\"https:\/\/armstrongyregion.com.ar\/diario\/wp-content\/uploads\/2026\/01\/SEGURIDAD-3-25.jpg 570w, https:\/\/armstrongyregion.com.ar\/diario\/wp-content\/uploads\/2026\/01\/SEGURIDAD-3-25-300x168.jpg 300w\" sizes=\"auto, (max-width: 570px) 100vw, 570px\" \/><\/figure>\n\n\n\n<h2 class=\"wp-block-heading\">Con el cierre de 2025, Santa Fe consolid\u00f3 dos a\u00f1os consecutivos de fuerte reducci\u00f3n de la violencia en todo el territorio provincial y se ubica en niveles cercanos a la media nacional. Ahora los conflictos personales explican una mayor proporci\u00f3n del total de homicidios, con una impactante reducci\u00f3n en los relacionados a la criminalidad organizada y las econom\u00edas ilegales.<\/h2>\n\n\n\n<p>Con el cierre del a\u00f1o 2025, la provincia de Santa Fe registr\u00f3 un total de 204 homicidios, de acuerdo a informaci\u00f3n preliminar elaborada en base a los registros policiales del Departamento de Informaciones D2 de la Jefatura de Polic\u00eda provincial. De esta manera, 2024 y 2025 se consolidaron como los dos a\u00f1os menos violentos del siglo, ratificando el quiebre de la tendencia ascendente de la violencia letal observada en a\u00f1os anteriores. Estos datos ser\u00e1n ratificados en los pr\u00f3ximos d\u00edas con el informe definitivo del Observatorio de Seguridad P\u00fablica que integran el Ministerio P\u00fablico de la Acusaci\u00f3n y el Ministerio de Justicia y Seguridad.<br>La disminuci\u00f3n resulta especialmente significativa al compararse con los valores de 2022 (406 homicidios) y 2023 (399), con descensos del 49,75 % y 48,8 7% respectivamente. Esta evoluci\u00f3n positiva se ve acompa\u00f1ada, adem\u00e1s, por una reducci\u00f3n sostenida de los heridos por arma de fuego, lo que evidencia una ca\u00edda estructural de la violencia letal y el impacto concreto de las pol\u00edticas p\u00fablicas implementadas en materia de seguridad.<br>En ese marco, el secretario de An\u00e1lisis y Gesti\u00f3n de la Informaci\u00f3n del Ministerio de Justicia y Seguridad de la Provincia, Esteban Santantino, se\u00f1al\u00f3 que \u201clos hechos violentos de mayor ca\u00edda en los dos a\u00f1os, tanto en 2024 como en 2025, son aquellos relacionados con la criminalidad organizada y las econom\u00edas ilegales, y los vinculados al uso de armas de fuego\u201d.&nbsp;<br>Adem\u00e1s, el funcionario destac\u00f3 que \u201clos conflictos personales explican una mayor proporci\u00f3n del total de homicidios, llegando a ser m\u00e1s de la mitad en el departamento La Capital y casi un 25 % en el departamento Rosario, indicadores muy lejanos a lo que ten\u00edamos anteriormente\u201d.<\/p>\n\n\n\n<p><strong>Pol\u00edticas planificadas<\/strong><\/p>\n\n\n\n<p>Por su parte, la secretaria de Gesti\u00f3n Institucional del Ministerio de Justicia y Seguridad, Virginia Coudannes, afirm\u00f3 que \u201clos resultados son producto de pol\u00edticas planificadas en base a informaci\u00f3n, una fuerte y eficiente inversi\u00f3n del gobierno provincial en seguridad, conocimiento del territorio y consolidaci\u00f3n del 911 como coraz\u00f3n del sistema de seguridad\u201d.&nbsp;<\/p>\n\n\n\n<p>En esa l\u00ednea, Coudannes subray\u00f3 que \u201chay un gran avance en materia de recursos para que la Polic\u00eda est\u00e9 en la calle cuidando a los vecinos, y una mayor proactividad policial que se observa en la cantidad de identificaciones, secuestro de armas y traslados para averiguaci\u00f3n de antecedentes\u201d.<\/p>\n\n\n\n<p><strong>An\u00e1lisis<\/strong><\/p>\n\n\n\n<p>Respecto al perfil de las v\u00edctimas, durante 2025 el grupo etario de 30 a 39 a\u00f1os concentr\u00f3 el 29,4 % de los homicidios. Asimismo, 9 de cada 10 v\u00edctimas fueron varones, y el 69,6 % de los hechos se cometi\u00f3 con armas de fuego, constituyendo el segundo valor m\u00e1s bajo desde 2014.<br>En cuanto al contexto de los homicidios, a nivel provincial el 42,6 % estuvo vinculado a econom\u00edas ilegales y organizaciones criminales, mientras que el 36,3% se produjo en el marco de conflictos interpersonales. En Rosario, estos porcentajes fueron del 60,5 % y 23,7 % respectivamente, y en el departamento La Capital se destaca que los conflictos interpersonales representaron el 48,9% de los casos.<br>Finalmente, se resalta que durante 2025 no se registraron homicidios en los departamentos Caseros, General L\u00f3pez, Iriondo, 9 de Julio y San Javier. Asimismo, el departamento Constituci\u00f3n present\u00f3 una disminuci\u00f3n del 66,7 %, San Lorenzo del 23,1 % y Vera del 50 %. En relaci\u00f3n a otros centros urbanos relevantes, Casilda, Villa Constituci\u00f3n, Rufino, Venado Tuerto y Avellaneda no registraron homicidios durante el a\u00f1o, consolidando una mejora sostenida y territorialmente extendida de los indicadores de violencia letal.<\/p>\n","protected":false},"excerpt":{"rendered":"<p>Con el cierre de 2025, Santa Fe consolid\u00f3 dos a\u00f1os consecutivos de fuerte reducci\u00f3n de la violencia en todo el territorio provincial y se ubica en niveles cercanos a la media nacional. Ahora los conflictos personales explican una mayor proporci\u00f3n del total de homicidios, con una impactante reducci\u00f3n en los relacionados a la criminalidad organizada <a href=\"https:\/\/armstrongyregion.com.ar\/diario\/seguridad-2024-y-2025-los-anos-menos-violentos-del-siglo-en-la-provincia\/\" title=\"Read more\" >&#8230;<\/a><\/p>\n","protected":false},"author":1,"featured_media":47784,"comment_status":"open","ping_status":"open","sticky":false,"template":"","format":"image","meta":{"_jetpack_memberships_contains_paid_content":false,"footnotes":"","jetpack_publicize_message":"","jetpack_publicize_feature_enabled":true,"jetpack_social_post_already_shared":true,"jetpack_social_options":{"image_generator_settings":{"template":"highway","default_image_id":0,"enabled":false},"version":2}},"categories":[8,1,2,7,3],"tags":[10146,10981,197,5030,12266,8991],"class_list":["post-47783","post","type-post","status-publish","format-image","has-post-thumbnail","hentry","category-deliberando","category-diario-armstrong","category-locales","category-politica","category-region","tag-10146","tag-10981","tag-anos","tag-diario-armstrong","tag-menos-violentos","tag-seguridad-2","post_format-post-format-image"],"jetpack_publicize_connections":[],"jetpack_featured_media_url":"https:\/\/armstrongyregion.com.ar\/diario\/wp-content\/uploads\/2026\/01\/SEGURIDAD-3-25.jpg","jetpack_shortlink":"https:\/\/wp.me\/p62QDO-cqH","jetpack_sharing_enabled":true,"amp_enabled":true,"_links":{"self":[{"href":"https:\/\/armstrongyregion.com.ar\/diario\/wp-json\/wp\/v2\/posts\/47783","targetHints":{"allow":["GET"]}}],"collection":[{"href":"https:\/\/armstrongyregion.com.ar\/diario\/wp-json\/wp\/v2\/posts"}],"about":[{"href":"https:\/\/armstrongyregion.com.ar\/diario\/wp-json\/wp\/v2\/types\/post"}],"author":[{"embeddable":true,"href":"https:\/\/armstrongyregion.com.ar\/diario\/wp-json\/wp\/v2\/users\/1"}],"replies":[{"embeddable":true,"href":"https:\/\/armstrongyregion.com.ar\/diario\/wp-json\/wp\/v2\/comments?post=47783"}],"version-history":[{"count":1,"href":"https:\/\/armstrongyregion.com.ar\/diario\/wp-json\/wp\/v2\/posts\/47783\/revisions"}],"predecessor-version":[{"id":47785,"href":"https:\/\/armstrongyregion.com.ar\/diario\/wp-json\/wp\/v2\/posts\/47783\/revisions\/47785"}],"wp:featuredmedia":[{"embeddable":true,"href":"https:\/\/armstrongyregion.com.ar\/diario\/wp-json\/wp\/v2\/media\/47784"}],"wp:attachment":[{"href":"https:\/\/armstrongyregion.com.ar\/diario\/wp-json\/wp\/v2\/media?parent=47783"}],"wp:term":[{"taxonomy":"category","embeddable":true,"href":"https:\/\/armstrongyregion.com.ar\/diario\/wp-json\/wp\/v2\/categories?post=47783"},{"taxonomy":"post_tag","embeddable":true,"href":"https:\/\/armstrongyregion.com.ar\/diario\/wp-json\/wp\/v2\/tags?post=47783"}],"curies":[{"name":"wp","href":"https:\/\/api.w.org\/{rel}","templated":true}]}}