{"id":47776,"date":"2025-12-30T13:18:15","date_gmt":"2025-12-30T13:18:15","guid":{"rendered":"https:\/\/armstrongyregion.com.ar\/diario\/?p=47776"},"modified":"2025-12-30T13:39:48","modified_gmt":"2025-12-30T13:39:48","slug":"balance-y-proyecciones-un-cierre-de-ano-clave-en-deliberando","status":"publish","type":"post","link":"https:\/\/armstrongyregion.com.ar\/diario\/balance-y-proyecciones-un-cierre-de-ano-clave-en-deliberando\/","title":{"rendered":"Balance y Proyecciones: Un cierre de a\u00f1o clave en \u00abDeliberando\u00bb"},"content":{"rendered":"\n<figure class=\"wp-block-image size-large\"><img loading=\"lazy\" decoding=\"async\" width=\"640\" height=\"480\" src=\"https:\/\/armstrongyregion.com.ar\/diario\/wp-content\/uploads\/2025\/12\/GRAMIGNA-NASO-640x480.jpg\" alt=\"\" class=\"wp-image-47777\" srcset=\"https:\/\/armstrongyregion.com.ar\/diario\/wp-content\/uploads\/2025\/12\/GRAMIGNA-NASO-640x480.jpg 640w, https:\/\/armstrongyregion.com.ar\/diario\/wp-content\/uploads\/2025\/12\/GRAMIGNA-NASO-300x225.jpg 300w, https:\/\/armstrongyregion.com.ar\/diario\/wp-content\/uploads\/2025\/12\/GRAMIGNA-NASO-768x577.jpg 768w, https:\/\/armstrongyregion.com.ar\/diario\/wp-content\/uploads\/2025\/12\/GRAMIGNA-NASO.jpg 799w\" sizes=\"auto, (max-width: 640px) 100vw, 640px\" \/><\/figure>\n\n\n\n<h2 class=\"wp-block-heading\">Este <strong>martes a las 21:00 hs<\/strong>, por la pantalla de <strong>Cable Imagen Armstrong<\/strong>, el programa <em>Deliberando<\/em> presenta una emisi\u00f3n imperdible para entender el presente y el futuro pol\u00edtico de nuestra regi\u00f3n. En el cierre de un 2025 de intensa actividad, el living del programa recibe a dos figuras centrales para analizar lo dejado por el a\u00f1o legislativo y los desaf\u00edos que asoman en el horizonte 2026.<\/h2>\n\n\n\n<h3 class=\"wp-block-heading\"><strong>Emiliano Gramigna: La mirada desde el Concejo de Armstrong<\/strong><\/h3>\n\n\n\n<p>El concejal de <em>Renovaci\u00f3n por Armstrong<\/em> brindar\u00e1 un balance detallado sobre la gesti\u00f3n municipal. En un mano a mano profundo, Gramigna responder\u00e1 sobre:<\/p>\n\n\n\n<ul class=\"wp-block-list\">\n<li><strong>La palabra del a\u00f1o:<\/strong> \u00bfC\u00f3mo define este 2025 para la ciudad?<\/li>\n\n\n\n<li><strong>Convivencia Pol\u00edtica:<\/strong> Un an\u00e1lisis sobre si el recinto prioriz\u00f3 los problemas reales del vecino por encima de las diferencias partidarias.<\/li>\n\n\n\n<li><strong>Gesti\u00f3n y Transparencia:<\/strong> Los avances en el control del gasto p\u00fablico y las obras que transformaron los barrios este a\u00f1o.<\/li>\n\n\n\n<li><strong>Visi\u00f3n 2026:<\/strong> El proyecto \u00abpendiente\u00bb que encabezar\u00e1 apenas comience el nuevo per\u00edodo legislativo.<\/li>\n<\/ul>\n\n\n\n<h3 class=\"wp-block-heading\"><strong>Ezequiel Naso: El Socialismo en el Departamento Belgrano<\/strong><\/h3>\n\n\n\n<p>Desde la localidad de Tortugas, el referente del Partido Socialista llega para analizar la reconfiguraci\u00f3n pol\u00edtica regional tras la consolidaci\u00f3n de la coalici\u00f3n <em>Unidos para Cambiar Santa Fe<\/em>. Los ejes de la charla ser\u00e1n:<\/p>\n\n\n\n<ul class=\"wp-block-list\">\n<li><strong>Balance del Frente \u00abUnidos\u00bb:<\/strong> \u00bfC\u00f3mo funcion\u00f3 la coalici\u00f3n en el departamento durante este a\u00f1o electoral?<\/li>\n\n\n\n<li><strong>Identidad y Banderas:<\/strong> La estrategia del PS para mantener sus ejes hist\u00f3ricos en salud y educaci\u00f3n dentro de una alianza amplia.<\/li>\n\n\n\n<li><strong>Di\u00e1logo Institucional:<\/strong> La relaci\u00f3n con la gesti\u00f3n actual y el rol del socialismo en el armado territorial.<\/li>\n\n\n\n<li><strong>\u00bfD\u00f3nde y cu\u00e1ndo verlo?<\/strong><\/li>\n\n\n\n<li>No te pierdas este an\u00e1lisis pol\u00edtico de cara al cierre de a\u00f1o.<\/li>\n\n\n\n<li><strong>Programa:<\/strong> Deliberando.<\/li>\n\n\n\n<li><strong>Fecha:<\/strong> Hoy, martes 30 de diciembre.<\/li>\n\n\n\n<li><strong>Hora:<\/strong> 21:00 hs.<\/li>\n\n\n\n<li><strong>Canal:<\/strong> Cable Imagen Armstrong.<\/li>\n<\/ul>\n\n\n\n<p><\/p>\n","protected":false},"excerpt":{"rendered":"<p>Este martes a las 21:00 hs, por la pantalla de Cable Imagen Armstrong, el programa Deliberando presenta una emisi\u00f3n imperdible para entender el presente y el futuro pol\u00edtico de nuestra regi\u00f3n. En el cierre de un 2025 de intensa actividad, el living del programa recibe a dos figuras centrales para analizar lo dejado por el <a href=\"https:\/\/armstrongyregion.com.ar\/diario\/balance-y-proyecciones-un-cierre-de-ano-clave-en-deliberando\/\" title=\"Read more\" >&#8230;<\/a><\/p>\n","protected":false},"author":1,"featured_media":47777,"comment_status":"open","ping_status":"open","sticky":false,"template":"","format":"image","meta":{"_jetpack_memberships_contains_paid_content":false,"footnotes":"","jetpack_publicize_message":"","jetpack_publicize_feature_enabled":true,"jetpack_social_post_already_shared":true,"jetpack_social_options":{"image_generator_settings":{"template":"highway","default_image_id":0,"enabled":false},"version":2}},"categories":[6,8,1,2,7,3],"tags":[237,12264,44,12265,5030,8777,12263],"class_list":["post-47776","post","type-post","status-publish","format-image","has-post-thumbnail","hentry","category-cultura-entretenimiento","category-deliberando","category-diario-armstrong","category-locales","category-politica","category-region","tag-balance","tag-cierre-de-ano","tag-deliberando-2","tag-deliberando-armstrong-2","tag-diario-armstrong","tag-lic-graciela-de-la-casa","tag-proyecciones","post_format-post-format-image"],"jetpack_publicize_connections":[],"jetpack_featured_media_url":"https:\/\/armstrongyregion.com.ar\/diario\/wp-content\/uploads\/2025\/12\/GRAMIGNA-NASO.jpg","jetpack_shortlink":"https:\/\/wp.me\/p62QDO-cqA","jetpack_sharing_enabled":true,"amp_enabled":true,"_links":{"self":[{"href":"https:\/\/armstrongyregion.com.ar\/diario\/wp-json\/wp\/v2\/posts\/47776","targetHints":{"allow":["GET"]}}],"collection":[{"href":"https:\/\/armstrongyregion.com.ar\/diario\/wp-json\/wp\/v2\/posts"}],"about":[{"href":"https:\/\/armstrongyregion.com.ar\/diario\/wp-json\/wp\/v2\/types\/post"}],"author":[{"embeddable":true,"href":"https:\/\/armstrongyregion.com.ar\/diario\/wp-json\/wp\/v2\/users\/1"}],"replies":[{"embeddable":true,"href":"https:\/\/armstrongyregion.com.ar\/diario\/wp-json\/wp\/v2\/comments?post=47776"}],"version-history":[{"count":2,"href":"https:\/\/armstrongyregion.com.ar\/diario\/wp-json\/wp\/v2\/posts\/47776\/revisions"}],"predecessor-version":[{"id":47779,"href":"https:\/\/armstrongyregion.com.ar\/diario\/wp-json\/wp\/v2\/posts\/47776\/revisions\/47779"}],"wp:featuredmedia":[{"embeddable":true,"href":"https:\/\/armstrongyregion.com.ar\/diario\/wp-json\/wp\/v2\/media\/47777"}],"wp:attachment":[{"href":"https:\/\/armstrongyregion.com.ar\/diario\/wp-json\/wp\/v2\/media?parent=47776"}],"wp:term":[{"taxonomy":"category","embeddable":true,"href":"https:\/\/armstrongyregion.com.ar\/diario\/wp-json\/wp\/v2\/categories?post=47776"},{"taxonomy":"post_tag","embeddable":true,"href":"https:\/\/armstrongyregion.com.ar\/diario\/wp-json\/wp\/v2\/tags?post=47776"}],"curies":[{"name":"wp","href":"https:\/\/api.w.org\/{rel}","templated":true}]}}