{"id":47763,"date":"2025-12-26T15:58:37","date_gmt":"2025-12-26T15:58:37","guid":{"rendered":"https:\/\/armstrongyregion.com.ar\/diario\/?p=47763"},"modified":"2025-12-26T15:58:39","modified_gmt":"2025-12-26T15:58:39","slug":"salud-y-belleza-como-lograr-un-rostro-joven-y-natural-este-verano-con-la-dra-debora-velazquez","status":"publish","type":"post","link":"https:\/\/armstrongyregion.com.ar\/diario\/salud-y-belleza-como-lograr-un-rostro-joven-y-natural-este-verano-con-la-dra-debora-velazquez\/","title":{"rendered":"Salud y Belleza: C\u00f3mo lograr un rostro joven y natural este verano con la Dra. D\u00e9bora Vel\u00e1zquez."},"content":{"rendered":"\n<figure class=\"wp-block-image size-full\"><img loading=\"lazy\" decoding=\"async\" width=\"536\" height=\"403\" src=\"https:\/\/armstrongyregion.com.ar\/diario\/wp-content\/uploads\/2025\/12\/debora-velazquez-26-12-25.jpg\" alt=\"\" class=\"wp-image-47764\" srcset=\"https:\/\/armstrongyregion.com.ar\/diario\/wp-content\/uploads\/2025\/12\/debora-velazquez-26-12-25.jpg 536w, https:\/\/armstrongyregion.com.ar\/diario\/wp-content\/uploads\/2025\/12\/debora-velazquez-26-12-25-300x226.jpg 300w\" sizes=\"auto, (max-width: 536px) 100vw, 536px\" \/><\/figure>\n\n\n\n<p>Este jueves y s\u00e1bado en una nueva emisi\u00f3n de \u201cPrevenci\u00f3n y Salud\u201d, la reconocida m\u00e9dica esteticista revela los secretos para combatir el paso del tiempo sin perder la esencia. La clave: armonizaci\u00f3n y resultados sutiles.<\/p>\n\n\n\n<p>El cuidado de la piel y la b\u00fasqueda de la armon\u00eda facial se han vuelto pilares fundamentales del bienestar moderno. Sin embargo, el gran desaf\u00edo actual no es solo \u201cverse m\u00e1s joven\u201d, sino lograrlo de manera que la frescura parezca natural. Para profundizar en este tema, el programa \u201cPrevenci\u00f3n y Salud\u201d presenta una entrevista imperdible con la Dra. D\u00e9bora Vel\u00e1zquez.<\/p>\n\n\n\n<p>Durante el encuentro, la especialista en medicina est\u00e9tica abordar\u00e1 los tratamientos m\u00e1s efectivos que se pueden realizar incluso durante la temporada de verano. El enfoque de la Dra. Vel\u00e1zquez se aleja de las transformaciones dr\u00e1sticas; por el contrario, hace hincapi\u00e9 en la detenci\u00f3n del tiempo a trav\u00e9s de la prevenci\u00f3n y la sutileza.<\/p>\n\n\n\n<p>La armon\u00eda como bandera Uno de los puntos centrales de la charla ser\u00e1 la armonizaci\u00f3n facial. Seg\u00fan explica la doctora, el \u00e9xito de un procedimiento en labios o p\u00f3mulos no reside en el volumen excesivo, sino en respetar las facciones propias de cada paciente. Lograr un rostro equilibrado y descansado es posible gracias a t\u00e9cnicas avanzadas que permiten realzar la belleza natural sin caer en rasgos artificiales.<\/p>\n\n\n\n<p>Adem\u00e1s, se brindar\u00e1n consejos esenciales sobre c\u00f3mo proteger la piel en los meses de calor mientras se realizan procedimientos est\u00e9ticos, garantizando seguridad y resultados duraderos.<br>No te lo pierdas<\/p>\n\n\n\n<p>La invitaci\u00f3n es para hoy, jueves, a las 20:00 hs, por la pantalla de Cable Imagen Armstrong. Una oportunidad ideal para informarse de la mano de una profesional y descubrir que la mejor versi\u00f3n de uno mismo empieza por el equilibrio.<\/p>\n\n\n\n<p>Programa: Prevenci\u00f3n y Salud.<\/p>\n\n\n\n<p>Invitada: Dra. D\u00e9bora Vel\u00e1zquez (M\u00e9dica Esteticista).<\/p>\n\n\n\n<p>Horario: Jueves 20:00 hs\/\/ S\u00e1bados 13hs.<\/p>\n\n\n\n<p><\/p>\n","protected":false},"excerpt":{"rendered":"<p>Este jueves y s\u00e1bado en una nueva emisi\u00f3n de \u201cPrevenci\u00f3n y Salud\u201d, la reconocida m\u00e9dica esteticista revela los secretos para combatir el paso del tiempo sin perder la esencia. La clave: armonizaci\u00f3n y resultados sutiles. El cuidado de la piel y la b\u00fasqueda de la armon\u00eda facial se han vuelto pilares fundamentales del bienestar moderno. <a href=\"https:\/\/armstrongyregion.com.ar\/diario\/salud-y-belleza-como-lograr-un-rostro-joven-y-natural-este-verano-con-la-dra-debora-velazquez\/\" title=\"Read more\" >&#8230;<\/a><\/p>\n","protected":false},"author":1,"featured_media":47764,"comment_status":"open","ping_status":"open","sticky":false,"template":"","format":"image","meta":{"_jetpack_memberships_contains_paid_content":false,"footnotes":"","jetpack_publicize_message":"","jetpack_publicize_feature_enabled":true,"jetpack_social_post_already_shared":true,"jetpack_social_options":{"image_generator_settings":{"template":"highway","default_image_id":0,"enabled":false},"version":2}},"categories":[8,1,2,4,3],"tags":[5030,12252,9165,8873],"class_list":["post-47763","post","type-post","status-publish","format-image","has-post-thumbnail","hentry","category-deliberando","category-diario-armstrong","category-locales","category-prevencion-salud","category-region","tag-diario-armstrong","tag-dra-debora-velazquez-2","tag-programa-tv-prevencion-y-salud","tag-verano-2","post_format-post-format-image"],"jetpack_publicize_connections":[],"jetpack_featured_media_url":"https:\/\/armstrongyregion.com.ar\/diario\/wp-content\/uploads\/2025\/12\/debora-velazquez-26-12-25.jpg","jetpack_shortlink":"https:\/\/wp.me\/p62QDO-cqn","jetpack_sharing_enabled":true,"amp_enabled":true,"_links":{"self":[{"href":"https:\/\/armstrongyregion.com.ar\/diario\/wp-json\/wp\/v2\/posts\/47763","targetHints":{"allow":["GET"]}}],"collection":[{"href":"https:\/\/armstrongyregion.com.ar\/diario\/wp-json\/wp\/v2\/posts"}],"about":[{"href":"https:\/\/armstrongyregion.com.ar\/diario\/wp-json\/wp\/v2\/types\/post"}],"author":[{"embeddable":true,"href":"https:\/\/armstrongyregion.com.ar\/diario\/wp-json\/wp\/v2\/users\/1"}],"replies":[{"embeddable":true,"href":"https:\/\/armstrongyregion.com.ar\/diario\/wp-json\/wp\/v2\/comments?post=47763"}],"version-history":[{"count":1,"href":"https:\/\/armstrongyregion.com.ar\/diario\/wp-json\/wp\/v2\/posts\/47763\/revisions"}],"predecessor-version":[{"id":47765,"href":"https:\/\/armstrongyregion.com.ar\/diario\/wp-json\/wp\/v2\/posts\/47763\/revisions\/47765"}],"wp:featuredmedia":[{"embeddable":true,"href":"https:\/\/armstrongyregion.com.ar\/diario\/wp-json\/wp\/v2\/media\/47764"}],"wp:attachment":[{"href":"https:\/\/armstrongyregion.com.ar\/diario\/wp-json\/wp\/v2\/media?parent=47763"}],"wp:term":[{"taxonomy":"category","embeddable":true,"href":"https:\/\/armstrongyregion.com.ar\/diario\/wp-json\/wp\/v2\/categories?post=47763"},{"taxonomy":"post_tag","embeddable":true,"href":"https:\/\/armstrongyregion.com.ar\/diario\/wp-json\/wp\/v2\/tags?post=47763"}],"curies":[{"name":"wp","href":"https:\/\/api.w.org\/{rel}","templated":true}]}}