{"id":47760,"date":"2025-12-26T13:14:21","date_gmt":"2025-12-26T13:14:21","guid":{"rendered":"https:\/\/armstrongyregion.com.ar\/diario\/?p=47760"},"modified":"2025-12-26T13:14:23","modified_gmt":"2025-12-26T13:14:23","slug":"armstrong-escuela-de-verano-2026","status":"publish","type":"post","link":"https:\/\/armstrongyregion.com.ar\/diario\/armstrong-escuela-de-verano-2026\/","title":{"rendered":"Armstrong. Escuela de Verano 2026."},"content":{"rendered":"\n<figure class=\"wp-block-image size-large\"><img loading=\"lazy\" decoding=\"async\" width=\"270\" height=\"480\" src=\"https:\/\/armstrongyregion.com.ar\/diario\/wp-content\/uploads\/2025\/12\/ESCUELA-VERANO--270x480.jpg\" alt=\"\" class=\"wp-image-47761\" srcset=\"https:\/\/armstrongyregion.com.ar\/diario\/wp-content\/uploads\/2025\/12\/ESCUELA-VERANO--270x480.jpg 270w, https:\/\/armstrongyregion.com.ar\/diario\/wp-content\/uploads\/2025\/12\/ESCUELA-VERANO--169x300.jpg 169w, https:\/\/armstrongyregion.com.ar\/diario\/wp-content\/uploads\/2025\/12\/ESCUELA-VERANO-.jpg 360w\" sizes=\"auto, (max-width: 270px) 100vw, 270px\" \/><\/figure>\n\n\n\n<p>El Gobierno de la provincia de Santa Fe mediante la Municipalidad de Armstrong invita a ni\u00f1os de<br>entre 4 y 13 a\u00f1os de edad a participar de las Escuelas de Verano que, en nuestra ciudad, se ofrecer\u00e1<br>en instalaciones de Club Barraca.<br>La propuesta es una experiencia de verano enriquecedora, gratuita y segura para los j\u00f3venes de la<br>provincia, y forma parte del programa&nbsp; Santa Fe en Movimiento , ofreciendo&nbsp;espacios educativos,<br>art\u00edsticos y deportivos&nbsp;gratuitos para ni\u00f1os y adolescentes durante el receso estival, con ejes en la<br>inclusi\u00f3n, la continuidad educativa, el arte, la cultura, la tecnolog\u00eda y la vida saludable.<br>Al mismo tiempo, busca la integraci\u00f3n, la participaci\u00f3n y la convivencia de ni\u00f1os, ni\u00f1as y<br>adolescentes.<br>Escuelas de Verano se desarrollar\u00e1 desde el 2 hasta el 30 de enero, de lunes a viernes, en el turno<br>ma\u00f1ana, con la participaci\u00f3n de docentes, guardavidas y agentes de diversas \u00e1reas del gobierno<br>provincial.&nbsp;<br>Las inscripciones se pueden realizar en la Escuela N\u00b0 600 \u201cGral Manuel Belgrano\u201d. Cupos limitados.<\/p>\n","protected":false},"excerpt":{"rendered":"<p>El Gobierno de la provincia de Santa Fe mediante la Municipalidad de Armstrong invita a ni\u00f1os deentre 4 y 13 a\u00f1os de edad a participar de las Escuelas de Verano que, en nuestra ciudad, se ofrecer\u00e1en instalaciones de Club Barraca.La propuesta es una experiencia de verano enriquecedora, gratuita y segura para los j\u00f3venes de laprovincia, <a href=\"https:\/\/armstrongyregion.com.ar\/diario\/armstrong-escuela-de-verano-2026\/\" title=\"Read more\" >&#8230;<\/a><\/p>\n","protected":false},"author":1,"featured_media":47761,"comment_status":"open","ping_status":"open","sticky":false,"template":"","format":"image","meta":{"_jetpack_memberships_contains_paid_content":false,"footnotes":"","jetpack_publicize_message":"","jetpack_publicize_feature_enabled":true,"jetpack_social_post_already_shared":true,"jetpack_social_options":{"image_generator_settings":{"template":"highway","default_image_id":0,"enabled":false},"version":2}},"categories":[8,1,2,7,3],"tags":[12239,20,744,7234,8873],"class_list":["post-47760","post","type-post","status-publish","format-image","has-post-thumbnail","hentry","category-deliberando","category-diario-armstrong","category-locales","category-politica","category-region","tag-12239","tag-armstrong","tag-escuela","tag-municipalidad-de-armstrong","tag-verano-2","post_format-post-format-image"],"jetpack_publicize_connections":[],"jetpack_featured_media_url":"https:\/\/armstrongyregion.com.ar\/diario\/wp-content\/uploads\/2025\/12\/ESCUELA-VERANO-.jpg","jetpack_shortlink":"https:\/\/wp.me\/p62QDO-cqk","jetpack_sharing_enabled":true,"amp_enabled":true,"_links":{"self":[{"href":"https:\/\/armstrongyregion.com.ar\/diario\/wp-json\/wp\/v2\/posts\/47760","targetHints":{"allow":["GET"]}}],"collection":[{"href":"https:\/\/armstrongyregion.com.ar\/diario\/wp-json\/wp\/v2\/posts"}],"about":[{"href":"https:\/\/armstrongyregion.com.ar\/diario\/wp-json\/wp\/v2\/types\/post"}],"author":[{"embeddable":true,"href":"https:\/\/armstrongyregion.com.ar\/diario\/wp-json\/wp\/v2\/users\/1"}],"replies":[{"embeddable":true,"href":"https:\/\/armstrongyregion.com.ar\/diario\/wp-json\/wp\/v2\/comments?post=47760"}],"version-history":[{"count":1,"href":"https:\/\/armstrongyregion.com.ar\/diario\/wp-json\/wp\/v2\/posts\/47760\/revisions"}],"predecessor-version":[{"id":47762,"href":"https:\/\/armstrongyregion.com.ar\/diario\/wp-json\/wp\/v2\/posts\/47760\/revisions\/47762"}],"wp:featuredmedia":[{"embeddable":true,"href":"https:\/\/armstrongyregion.com.ar\/diario\/wp-json\/wp\/v2\/media\/47761"}],"wp:attachment":[{"href":"https:\/\/armstrongyregion.com.ar\/diario\/wp-json\/wp\/v2\/media?parent=47760"}],"wp:term":[{"taxonomy":"category","embeddable":true,"href":"https:\/\/armstrongyregion.com.ar\/diario\/wp-json\/wp\/v2\/categories?post=47760"},{"taxonomy":"post_tag","embeddable":true,"href":"https:\/\/armstrongyregion.com.ar\/diario\/wp-json\/wp\/v2\/tags?post=47760"}],"curies":[{"name":"wp","href":"https:\/\/api.w.org\/{rel}","templated":true}]}}