{"id":47748,"date":"2025-12-24T02:47:28","date_gmt":"2025-12-24T02:47:28","guid":{"rendered":"https:\/\/armstrongyregion.com.ar\/diario\/?p=47748"},"modified":"2025-12-24T02:47:30","modified_gmt":"2025-12-24T02:47:30","slug":"armstrong-informe-area-de-orden-publico-22-12-2025","status":"publish","type":"post","link":"https:\/\/armstrongyregion.com.ar\/diario\/armstrong-informe-area-de-orden-publico-22-12-2025\/","title":{"rendered":"Armstrong. Informe \u00c1rea de Orden P\u00fablico 22\/12\/2025"},"content":{"rendered":"\n<figure class=\"wp-block-image size-large\"><img loading=\"lazy\" decoding=\"async\" width=\"637\" height=\"480\" src=\"https:\/\/armstrongyregion.com.ar\/diario\/wp-content\/uploads\/2025\/12\/orden-publico-a--637x480.jpg\" alt=\"\" class=\"wp-image-47749\" srcset=\"https:\/\/armstrongyregion.com.ar\/diario\/wp-content\/uploads\/2025\/12\/orden-publico-a--637x480.jpg 637w, https:\/\/armstrongyregion.com.ar\/diario\/wp-content\/uploads\/2025\/12\/orden-publico-a--300x226.jpg 300w, https:\/\/armstrongyregion.com.ar\/diario\/wp-content\/uploads\/2025\/12\/orden-publico-a-.jpg 640w\" sizes=\"auto, (max-width: 637px) 100vw, 637px\" \/><\/figure>\n\n\n\n<p>El \u00c1rea de Orden P\u00fablico de la Municipalidad de Armstrong inform\u00f3 que en el transcurso de<br>la \u00faltima semana se procedi\u00f3 a realizar recorridos en coordinaci\u00f3n con Polic\u00eda y central de<br>monitoreo para acciones de prevenci\u00f3n de faltas y delitos, con presencia efectiva en barrio<br>FoNaVi Sur incluyendo plaza Nona Rocha.<\/p>\n\n\n\n<figure class=\"wp-block-image size-full\"><img loading=\"lazy\" decoding=\"async\" width=\"400\" height=\"300\" src=\"https:\/\/armstrongyregion.com.ar\/diario\/wp-content\/uploads\/2025\/12\/orden-publico-b-.jpg\" alt=\"\" class=\"wp-image-47750\" srcset=\"https:\/\/armstrongyregion.com.ar\/diario\/wp-content\/uploads\/2025\/12\/orden-publico-b-.jpg 400w, https:\/\/armstrongyregion.com.ar\/diario\/wp-content\/uploads\/2025\/12\/orden-publico-b--300x225.jpg 300w\" sizes=\"auto, (max-width: 400px) 100vw, 400px\" \/><\/figure>\n\n\n\n<p><br>Estos recorridos con presencia preventiva se extienden en horas de la madrugada a Plaza<br>San Mart\u00edn, edificio municipal, parroquia Nuestra Se\u00f1ora de la Merced y Estaci\u00f3n M\u00e1s.<br>Tambi\u00e9n se realiza un recorrido por Jard\u00edn 84, Promoci\u00f3n Comunitaria, v\u00edas del ferrocarril y<br>cancha de bochas, y en zona norte, se hace recorridos por Fonavi Norte, Plaza 5 de Junio,<br>calles Lisandro de la Torre y Castellanos, con entrevistas a los vecinos.<br>Con presencia policial preventiva se procedi\u00f3 al secuestro de un autom\u00f3vil conducido por<br>un mayor de edad, por alcoholemia positiva; Y, en coordinaci\u00f3n con el 911, una motocicleta<br>conducida por un mayor de edad, por escape ruidoso.<br>En ambos casos interviene el Juzgado Municipal de Faltas.<\/p>\n","protected":false},"excerpt":{"rendered":"<p>El \u00c1rea de Orden P\u00fablico de la Municipalidad de Armstrong inform\u00f3 que en el transcurso dela \u00faltima semana se procedi\u00f3 a realizar recorridos en coordinaci\u00f3n con Polic\u00eda y central demonitoreo para acciones de prevenci\u00f3n de faltas y delitos, con presencia efectiva en barrioFoNaVi Sur incluyendo plaza Nona Rocha. Estos recorridos con presencia preventiva se extienden <a href=\"https:\/\/armstrongyregion.com.ar\/diario\/armstrong-informe-area-de-orden-publico-22-12-2025\/\" title=\"Read more\" >&#8230;<\/a><\/p>\n","protected":false},"author":1,"featured_media":47749,"comment_status":"open","ping_status":"open","sticky":false,"template":"","format":"image","meta":{"_jetpack_memberships_contains_paid_content":false,"footnotes":"","jetpack_publicize_message":"","jetpack_publicize_feature_enabled":true,"jetpack_social_post_already_shared":true,"jetpack_social_options":{"image_generator_settings":{"template":"highway","default_image_id":0,"enabled":false},"version":2}},"categories":[8,1,2,7,3],"tags":[20,5030,8653,11390],"class_list":["post-47748","post","type-post","status-publish","format-image","has-post-thumbnail","hentry","category-deliberando","category-diario-armstrong","category-locales","category-politica","category-region","tag-armstrong","tag-diario-armstrong","tag-informe-2","tag-orden-publico-4","post_format-post-format-image"],"jetpack_publicize_connections":[],"jetpack_featured_media_url":"https:\/\/armstrongyregion.com.ar\/diario\/wp-content\/uploads\/2025\/12\/orden-publico-a-.jpg","jetpack_shortlink":"https:\/\/wp.me\/p62QDO-cq8","jetpack_sharing_enabled":true,"amp_enabled":true,"_links":{"self":[{"href":"https:\/\/armstrongyregion.com.ar\/diario\/wp-json\/wp\/v2\/posts\/47748","targetHints":{"allow":["GET"]}}],"collection":[{"href":"https:\/\/armstrongyregion.com.ar\/diario\/wp-json\/wp\/v2\/posts"}],"about":[{"href":"https:\/\/armstrongyregion.com.ar\/diario\/wp-json\/wp\/v2\/types\/post"}],"author":[{"embeddable":true,"href":"https:\/\/armstrongyregion.com.ar\/diario\/wp-json\/wp\/v2\/users\/1"}],"replies":[{"embeddable":true,"href":"https:\/\/armstrongyregion.com.ar\/diario\/wp-json\/wp\/v2\/comments?post=47748"}],"version-history":[{"count":1,"href":"https:\/\/armstrongyregion.com.ar\/diario\/wp-json\/wp\/v2\/posts\/47748\/revisions"}],"predecessor-version":[{"id":47751,"href":"https:\/\/armstrongyregion.com.ar\/diario\/wp-json\/wp\/v2\/posts\/47748\/revisions\/47751"}],"wp:featuredmedia":[{"embeddable":true,"href":"https:\/\/armstrongyregion.com.ar\/diario\/wp-json\/wp\/v2\/media\/47749"}],"wp:attachment":[{"href":"https:\/\/armstrongyregion.com.ar\/diario\/wp-json\/wp\/v2\/media?parent=47748"}],"wp:term":[{"taxonomy":"category","embeddable":true,"href":"https:\/\/armstrongyregion.com.ar\/diario\/wp-json\/wp\/v2\/categories?post=47748"},{"taxonomy":"post_tag","embeddable":true,"href":"https:\/\/armstrongyregion.com.ar\/diario\/wp-json\/wp\/v2\/tags?post=47748"}],"curies":[{"name":"wp","href":"https:\/\/api.w.org\/{rel}","templated":true}]}}