{"id":47745,"date":"2025-12-24T02:44:22","date_gmt":"2025-12-24T02:44:22","guid":{"rendered":"https:\/\/armstrongyregion.com.ar\/diario\/?p=47745"},"modified":"2025-12-24T02:44:24","modified_gmt":"2025-12-24T02:44:24","slug":"lucero-hace-15-anos-que-un-gobierno-provincial-no-pagaba-el-aguinaldo-el-23-de-diciembre","status":"publish","type":"post","link":"https:\/\/armstrongyregion.com.ar\/diario\/lucero-hace-15-anos-que-un-gobierno-provincial-no-pagaba-el-aguinaldo-el-23-de-diciembre\/","title":{"rendered":"Lucero: \u201cHace 15 a\u00f1os que un gobierno provincial no pagaba el aguinaldo el 23 de diciembre\u201d"},"content":{"rendered":"\n<figure class=\"wp-block-image size-large\"><img loading=\"lazy\" decoding=\"async\" width=\"640\" height=\"427\" src=\"https:\/\/armstrongyregion.com.ar\/diario\/wp-content\/uploads\/2025\/12\/Foto-Lucero-1-640x427.jpg\" alt=\"\" class=\"wp-image-47746\" srcset=\"https:\/\/armstrongyregion.com.ar\/diario\/wp-content\/uploads\/2025\/12\/Foto-Lucero-1-640x427.jpg 640w, https:\/\/armstrongyregion.com.ar\/diario\/wp-content\/uploads\/2025\/12\/Foto-Lucero-1-300x200.jpg 300w, https:\/\/armstrongyregion.com.ar\/diario\/wp-content\/uploads\/2025\/12\/Foto-Lucero-1.jpg 648w\" sizes=\"auto, (max-width: 640px) 100vw, 640px\" \/><\/figure>\n\n\n\n<p><em>As\u00ed lo asegur\u00f3 el titular de Sadop Rosario, quien adem\u00e1s afirm\u00f3 que la decisi\u00f3n \u201ces una muestra de la falta de empat\u00eda del gobernador Pullaro para con el pueblo santafesino\u201d.<\/em><\/p>\n\n\n\n<p>El titular de Sadop Rosario, y actual secretario adjunto de la CGT Rosario, Mart\u00edn Lucero, manifest\u00f3 su rechazo a la decisi\u00f3n pol\u00edtica del gobierno de Santa Fe de pagar el medio aguinaldo el d\u00eda 23 de diciembre.<\/p>\n\n\n\n<p>\u201cEn un contexto de profunda crisis econ\u00f3mica, donde miles de familias no llegan a fin de mes y hacen malabares para reunir el \u00faltimo peso con el objetivo de armar la mesa de Navidad y de fin de a\u00f1o, el gobierno provincial tom\u00f3 una decisi\u00f3n insensible y sin precedentes: pagar el aguinaldo reci\u00e9n el 23 de diciembre\u201d, sostuvo Lucero.<\/p>\n\n\n\n<p>Adem\u00e1s, record\u00f3 que \u201ceste hecho no se registra en la provincia de Santa Fe desde hace al menos 15 a\u00f1os y constituye una clara muestra de la falta total de empat\u00eda y de cercan\u00eda del gobernador con la realidad que viven los trabajadores y trabajadoras\u201d.<\/p>\n\n\n\n<p>M\u00e1s adelante, uno de los secretarios adjuntos de la CGT Rosario remarc\u00f3 que \u201cel gobernador parece desconocer -o directamente ignorar- que la inflaci\u00f3n se ha comido los salarios, que hay familias endeudadas, personas que han perdido su trabajo y hogares que llegan a diciembre con enormes dificultades econ\u00f3micas. En ese marco, demorar el pago del aguinaldo hasta el 23 de diciembre es una decisi\u00f3n cruel\u201d.<\/p>\n\n\n\n<p>Finalmente, el dirigente del gremio docente sentenci\u00f3: \u201cEl pago del aguinaldo el 23 de diciembre no es un error administrativo: es una definici\u00f3n pol\u00edtica. Y esa definici\u00f3n deja en evidencia una forma de gobernar basada en el ajuste, la insensibilidad y el desprecio por la realidad cotidiana de la mayor\u00eda del pueblo santafesino\u201d.<\/p>\n","protected":false},"excerpt":{"rendered":"<p>As\u00ed lo asegur\u00f3 el titular de Sadop Rosario, quien adem\u00e1s afirm\u00f3 que la decisi\u00f3n \u201ces una muestra de la falta de empat\u00eda del gobernador Pullaro para con el pueblo santafesino\u201d. El titular de Sadop Rosario, y actual secretario adjunto de la CGT Rosario, Mart\u00edn Lucero, manifest\u00f3 su rechazo a la decisi\u00f3n pol\u00edtica del gobierno de <a href=\"https:\/\/armstrongyregion.com.ar\/diario\/lucero-hace-15-anos-que-un-gobierno-provincial-no-pagaba-el-aguinaldo-el-23-de-diciembre\/\" title=\"Read more\" >&#8230;<\/a><\/p>\n","protected":false},"author":1,"featured_media":47746,"comment_status":"open","ping_status":"open","sticky":false,"template":"","format":"image","meta":{"_jetpack_memberships_contains_paid_content":false,"footnotes":"","jetpack_publicize_message":"","jetpack_publicize_feature_enabled":true,"jetpack_social_post_already_shared":true,"jetpack_social_options":{"image_generator_settings":{"template":"highway","default_image_id":0,"enabled":false},"version":2}},"categories":[6,8,1,2,7,3],"tags":[12244,12248,12247,20,12249,5030,12245,8777,12243,12246],"class_list":["post-47745","post","type-post","status-publish","format-image","has-post-thumbnail","hentry","category-cultura-entretenimiento","category-deliberando","category-diario-armstrong","category-locales","category-politica","category-region","tag-15-anos","tag-23-de-diciembre","tag-aguinaldo-2","tag-armstrong","tag-crisis-economica","tag-diario-armstrong","tag-gobierno-provincial","tag-lic-graciela-de-la-casa","tag-lucero","tag-paga","post_format-post-format-image"],"jetpack_publicize_connections":[],"jetpack_featured_media_url":"https:\/\/armstrongyregion.com.ar\/diario\/wp-content\/uploads\/2025\/12\/Foto-Lucero-1.jpg","jetpack_shortlink":"https:\/\/wp.me\/p62QDO-cq5","jetpack_sharing_enabled":true,"amp_enabled":true,"_links":{"self":[{"href":"https:\/\/armstrongyregion.com.ar\/diario\/wp-json\/wp\/v2\/posts\/47745","targetHints":{"allow":["GET"]}}],"collection":[{"href":"https:\/\/armstrongyregion.com.ar\/diario\/wp-json\/wp\/v2\/posts"}],"about":[{"href":"https:\/\/armstrongyregion.com.ar\/diario\/wp-json\/wp\/v2\/types\/post"}],"author":[{"embeddable":true,"href":"https:\/\/armstrongyregion.com.ar\/diario\/wp-json\/wp\/v2\/users\/1"}],"replies":[{"embeddable":true,"href":"https:\/\/armstrongyregion.com.ar\/diario\/wp-json\/wp\/v2\/comments?post=47745"}],"version-history":[{"count":1,"href":"https:\/\/armstrongyregion.com.ar\/diario\/wp-json\/wp\/v2\/posts\/47745\/revisions"}],"predecessor-version":[{"id":47747,"href":"https:\/\/armstrongyregion.com.ar\/diario\/wp-json\/wp\/v2\/posts\/47745\/revisions\/47747"}],"wp:featuredmedia":[{"embeddable":true,"href":"https:\/\/armstrongyregion.com.ar\/diario\/wp-json\/wp\/v2\/media\/47746"}],"wp:attachment":[{"href":"https:\/\/armstrongyregion.com.ar\/diario\/wp-json\/wp\/v2\/media?parent=47745"}],"wp:term":[{"taxonomy":"category","embeddable":true,"href":"https:\/\/armstrongyregion.com.ar\/diario\/wp-json\/wp\/v2\/categories?post=47745"},{"taxonomy":"post_tag","embeddable":true,"href":"https:\/\/armstrongyregion.com.ar\/diario\/wp-json\/wp\/v2\/tags?post=47745"}],"curies":[{"name":"wp","href":"https:\/\/api.w.org\/{rel}","templated":true}]}}