{"id":47735,"date":"2025-12-24T02:33:18","date_gmt":"2025-12-24T02:33:18","guid":{"rendered":"https:\/\/armstrongyregion.com.ar\/diario\/?p=47735"},"modified":"2025-12-24T02:42:08","modified_gmt":"2025-12-24T02:42:08","slug":"armstrong-luzzi-y-verdecchia-recorrieron-la-obra-de-cloacas-en-barrio-suenos-del-sur-que-ya-alcanza-un-25-de-avance","status":"publish","type":"post","link":"https:\/\/armstrongyregion.com.ar\/diario\/armstrong-luzzi-y-verdecchia-recorrieron-la-obra-de-cloacas-en-barrio-suenos-del-sur-que-ya-alcanza-un-25-de-avance\/","title":{"rendered":"Armstrong: Luzzi y Verdecchia recorrieron la obra de cloacas en Barrio Sue\u00f1os del Sur que ya alcanza un 25% de avance."},"content":{"rendered":"\n<figure class=\"wp-block-image size-large\"><img loading=\"lazy\" decoding=\"async\" width=\"640\" height=\"355\" src=\"https:\/\/armstrongyregion.com.ar\/diario\/wp-content\/uploads\/2025\/12\/cloacas.dic-25-640x355.jpg\" alt=\"\" class=\"wp-image-47740\" srcset=\"https:\/\/armstrongyregion.com.ar\/diario\/wp-content\/uploads\/2025\/12\/cloacas.dic-25-640x355.jpg 640w, https:\/\/armstrongyregion.com.ar\/diario\/wp-content\/uploads\/2025\/12\/cloacas.dic-25-300x167.jpg 300w, https:\/\/armstrongyregion.com.ar\/diario\/wp-content\/uploads\/2025\/12\/cloacas.dic-25.jpg 645w\" sizes=\"auto, (max-width: 640px) 100vw, 640px\" \/><\/figure>\n\n\n\n<h2 class=\"wp-block-heading\"><strong>El Intendente Guillermo Luzzi y el Senador Dr. Pablo Verdecchia supervisaron los trabajos que se realizan con financiamiento total de la Provincia. La obra, largamente esperada, ampliar\u00e1 significativamente la capacidad de saneamiento de la ciudad e incluye la ampliaci\u00f3n de las lagunas de estabilizaci\u00f3n. Se estima que el proyecto estar\u00e1 concluido para octubre del pr\u00f3ximo a\u00f1o.<\/strong><\/h2>\n\n\n\n<p>El Intendente de Armstrong, Ing. Guillermo Luzzi, junto al Senador del Departamento Belgrano, Dr. Pablo Verdecchia, y la Secretaria de Obras P\u00fablicas, Ing. Natalia Mart\u00ednez, recorrieron esta ma\u00f1ana los avances de la importante obra de cloacas que se est\u00e1 ejecutando en el Barrio Sue\u00f1os del Sur y 160 Viviendas.<\/p>\n\n\n\n<p>Durante la visita, las autoridades confirmaron que los trabajos marchan a buen ritmo, alcanzando ya entre un 20% y un 25% de ejecuci\u00f3n general, cumpliendo con los plazos estipulados de un a\u00f1o de obra.<\/p>\n\n\n\n<h3 class=\"wp-block-heading\">Un sue\u00f1o en ejecuci\u00f3n<\/h3>\n\n\n\n<p>\u00abEs una obra que fue so\u00f1ada por mucho tiempo; el trabajo de gesti\u00f3n empez\u00f3 hace ya pr\u00e1cticamente 10 u 11 a\u00f1os y hoy es el sue\u00f1o de todos los vecinos de este barrio\u00bb, expres\u00f3 el Intendente Luzzi.<\/p>\n\n\n\n<p>Actualmente, los trabajos se dividen en dos frentes simult\u00e1neos. Por un lado, se avanza con el movimiento de suelo en las lagunas de estabilizaci\u00f3n. Por otro, contin\u00faa el tendido de ca\u00f1er\u00edas que ya ha superado la calle Saavedra Lamas y avanza por calle Milstein, conectando desde la futura estaci\u00f3n de bombeo ubicada en Floresta y Jauretche.<\/p>\n\n\n\n<h3 class=\"wp-block-heading\">Financiamiento provincial y decisi\u00f3n pol\u00edtica<\/h3>\n\n\n\n<p>El Senador Dr. Pablo Verdecchia destac\u00f3 el contexto hist\u00f3rico y pol\u00edtico que atraves\u00f3 el proyecto antes de concretarse. Record\u00f3 que la iniciativa original data de 2016, cuando Luzzi era Secretario de Obras P\u00fablicas, y que sufri\u00f3 m\u00faltiples vaivenes debido a cambios en el gobierno nacional y la ca\u00edda del financiamiento del ENOSA.<\/p>\n\n\n\n<figure class=\"wp-block-image size-large\"><img loading=\"lazy\" decoding=\"async\" width=\"640\" height=\"349\" src=\"https:\/\/armstrongyregion.com.ar\/diario\/wp-content\/uploads\/2025\/12\/cloacas-dic-25-b-640x349.jpg\" alt=\"\" class=\"wp-image-47742\" srcset=\"https:\/\/armstrongyregion.com.ar\/diario\/wp-content\/uploads\/2025\/12\/cloacas-dic-25-b-640x349.jpg 640w, https:\/\/armstrongyregion.com.ar\/diario\/wp-content\/uploads\/2025\/12\/cloacas-dic-25-b-300x164.jpg 300w, https:\/\/armstrongyregion.com.ar\/diario\/wp-content\/uploads\/2025\/12\/cloacas-dic-25-b.jpg 645w\" sizes=\"auto, (max-width: 640px) 100vw, 640px\" \/><\/figure>\n\n\n\n<p>\u00abSe cay\u00f3 por los distintos cambios pol\u00edticos a nivel nacional que paralizaron la obra. Cuando asumi\u00f3 nuestro gobernador Maximiliano Pullaro, enseguida nos volvimos a plantear el tema y se tom\u00f3 la decisi\u00f3n pol\u00edtica\u00bb, explic\u00f3 Verdecchia. Asimismo, agradeci\u00f3 al Ministro de Obras P\u00fablicas, Lisandro Enrico, por las gestiones para readecuar y licitar el proyecto.<\/p>\n\n\n\n<p>El Intendente Luzzi ratific\u00f3 que, tras los intentos fallidos de esquemas mixtos con Naci\u00f3n en a\u00f1os anteriores, hoy la realidad es diferente: \u00abEs todo aporte de la provincia. Tuvimos la suerte de tener un gobierno provincial presente, se readecu\u00f3 el proyecto y aqu\u00ed estamos, con una realidad que ya se est\u00e1 ejecutando\u00bb.<\/p>\n\n\n\n<figure class=\"wp-block-image size-full\"><img loading=\"lazy\" decoding=\"async\" width=\"555\" height=\"350\" src=\"https:\/\/armstrongyregion.com.ar\/diario\/wp-content\/uploads\/2025\/12\/cloacas-dic-25-c.jpg\" alt=\"\" class=\"wp-image-47743\" srcset=\"https:\/\/armstrongyregion.com.ar\/diario\/wp-content\/uploads\/2025\/12\/cloacas-dic-25-c.jpg 555w, https:\/\/armstrongyregion.com.ar\/diario\/wp-content\/uploads\/2025\/12\/cloacas-dic-25-c-300x189.jpg 300w\" sizes=\"auto, (max-width: 555px) 100vw, 555px\" \/><\/figure>\n\n\n\n<h3 class=\"wp-block-heading\">Detalles t\u00e9cnicos: Menor impacto en las calles<\/h3>\n\n\n\n<p>La Secretaria de Obras P\u00fablicas brind\u00f3 precisiones t\u00e9cnicas sobre la ejecuci\u00f3n. Explic\u00f3 que, debido a las interferencias y al ancho de las veredas en el barrio, el trabajo de conexiones domiciliarias es lo que demanda mayor tiempo.<\/p>\n\n\n\n<p>\u00abLa empresa nos propone ir por las veredas para no arruinar tanto el mejorado de las calles, y los cruces se realizan con tunelera\u00bb, detall\u00f3 la ingeniera.<\/p>\n\n\n\n<p>El sistema integral comprende una segunda etapa de impulsi\u00f3n. Existir\u00e1 un pozo de bombeo que impulsar\u00e1 los l\u00edquidos a una nueva estaci\u00f3n ubicada en Villa Mar\u00eda y Juan Manuel de Rosas, desde donde se enviar\u00e1 el material hacia las lagunas. En cuanto al tratamiento, se est\u00e1 construyendo un \u00abnuevo tren de lagunas\u00bb paralelo al existente, lo que permitir\u00e1 duplicar la capacidad de tratamiento de agua de la ciudad.<\/p>\n\n\n\n<h3 class=\"wp-block-heading\">Hacia el 100% de cobertura<\/h3>\n\n\n\n<p>De cara al futuro, el Intendente Luzzi se mostr\u00f3 optimista respecto a los plazos: \u00abEs un a\u00f1o de plazo de obra. Ya van dos meses y estamos en un 25%, as\u00ed que si el tiempo acompa\u00f1a, calculo que para octubre tendremos la obra definitiva\u00bb.<\/p>\n\n\n\n<p>Esta infraestructura permitir\u00e1 sumar unas 500 nuevas conexiones. Sin embargo, el municipio no detiene su marcha en otros sectores. \u00abEl municipio ya hace tres meses empez\u00f3 tambi\u00e9n por su parte; hicimos cinco o seis cuadras m\u00e1s. La idea es continuar conectando desde el municipio para que la totalidad de la ciudad tenga acceso a cloacas\u00bb, concluy\u00f3 Luzzi.<\/p>\n","protected":false},"excerpt":{"rendered":"<p>El Intendente Guillermo Luzzi y el Senador Dr. Pablo Verdecchia supervisaron los trabajos que se realizan con financiamiento total de la Provincia. La obra, largamente esperada, ampliar\u00e1 significativamente la capacidad de saneamiento de la ciudad e incluye la ampliaci\u00f3n de las lagunas de estabilizaci\u00f3n. Se estima que el proyecto estar\u00e1 concluido para octubre del pr\u00f3ximo <a href=\"https:\/\/armstrongyregion.com.ar\/diario\/armstrong-luzzi-y-verdecchia-recorrieron-la-obra-de-cloacas-en-barrio-suenos-del-sur-que-ya-alcanza-un-25-de-avance\/\" title=\"Read more\" >&#8230;<\/a><\/p>\n","protected":false},"author":1,"featured_media":47740,"comment_status":"open","ping_status":"open","sticky":false,"template":"","format":"image","meta":{"_jetpack_memberships_contains_paid_content":false,"footnotes":"","jetpack_publicize_message":"","jetpack_publicize_feature_enabled":true,"jetpack_social_post_already_shared":true,"jetpack_social_options":{"image_generator_settings":{"template":"highway","default_image_id":0,"enabled":false},"version":2}},"categories":[8,1,2,7,3],"tags":[12242,20,12241,5030,8735,12240,943,205],"class_list":["post-47735","post","type-post","status-publish","format-image","has-post-thumbnail","hentry","category-deliberando","category-diario-armstrong","category-locales","category-politica","category-region","tag-160-viviendas","tag-armstrong","tag-barrio-suenos-del-sur","tag-diario-armstrong","tag-luzzi","tag-obas-de-cloacas","tag-recorrieron","tag-verdecchia","post_format-post-format-image"],"jetpack_publicize_connections":[],"jetpack_featured_media_url":"https:\/\/armstrongyregion.com.ar\/diario\/wp-content\/uploads\/2025\/12\/cloacas.dic-25.jpg","jetpack_shortlink":"https:\/\/wp.me\/p62QDO-cpV","jetpack_sharing_enabled":true,"amp_enabled":true,"_links":{"self":[{"href":"https:\/\/armstrongyregion.com.ar\/diario\/wp-json\/wp\/v2\/posts\/47735","targetHints":{"allow":["GET"]}}],"collection":[{"href":"https:\/\/armstrongyregion.com.ar\/diario\/wp-json\/wp\/v2\/posts"}],"about":[{"href":"https:\/\/armstrongyregion.com.ar\/diario\/wp-json\/wp\/v2\/types\/post"}],"author":[{"embeddable":true,"href":"https:\/\/armstrongyregion.com.ar\/diario\/wp-json\/wp\/v2\/users\/1"}],"replies":[{"embeddable":true,"href":"https:\/\/armstrongyregion.com.ar\/diario\/wp-json\/wp\/v2\/comments?post=47735"}],"version-history":[{"count":2,"href":"https:\/\/armstrongyregion.com.ar\/diario\/wp-json\/wp\/v2\/posts\/47735\/revisions"}],"predecessor-version":[{"id":47744,"href":"https:\/\/armstrongyregion.com.ar\/diario\/wp-json\/wp\/v2\/posts\/47735\/revisions\/47744"}],"wp:featuredmedia":[{"embeddable":true,"href":"https:\/\/armstrongyregion.com.ar\/diario\/wp-json\/wp\/v2\/media\/47740"}],"wp:attachment":[{"href":"https:\/\/armstrongyregion.com.ar\/diario\/wp-json\/wp\/v2\/media?parent=47735"}],"wp:term":[{"taxonomy":"category","embeddable":true,"href":"https:\/\/armstrongyregion.com.ar\/diario\/wp-json\/wp\/v2\/categories?post=47735"},{"taxonomy":"post_tag","embeddable":true,"href":"https:\/\/armstrongyregion.com.ar\/diario\/wp-json\/wp\/v2\/tags?post=47735"}],"curies":[{"name":"wp","href":"https:\/\/api.w.org\/{rel}","templated":true}]}}