{"id":47706,"date":"2025-12-12T14:54:25","date_gmt":"2025-12-12T14:54:25","guid":{"rendered":"https:\/\/armstrongyregion.com.ar\/diario\/?p=47706"},"modified":"2025-12-12T14:54:27","modified_gmt":"2025-12-12T14:54:27","slug":"cuvertino-el-presupuesto-define-las-prioridades-del-gobierno","status":"publish","type":"post","link":"https:\/\/armstrongyregion.com.ar\/diario\/cuvertino-el-presupuesto-define-las-prioridades-del-gobierno\/","title":{"rendered":"Cuvertino: \u201cEl presupuesto define las prioridades del gobierno\u201d"},"content":{"rendered":"\n<figure class=\"wp-block-image size-large\"><img loading=\"lazy\" decoding=\"async\" width=\"640\" height=\"426\" src=\"https:\/\/armstrongyregion.com.ar\/diario\/wp-content\/uploads\/2025\/12\/Cuvertino--640x426.jpg\" alt=\"\" class=\"wp-image-47707\" srcset=\"https:\/\/armstrongyregion.com.ar\/diario\/wp-content\/uploads\/2025\/12\/Cuvertino--640x426.jpg 640w, https:\/\/armstrongyregion.com.ar\/diario\/wp-content\/uploads\/2025\/12\/Cuvertino--300x200.jpg 300w, https:\/\/armstrongyregion.com.ar\/diario\/wp-content\/uploads\/2025\/12\/Cuvertino-.jpg 689w\" sizes=\"auto, (max-width: 640px) 100vw, 640px\" \/><\/figure>\n\n\n\n<h2 class=\"wp-block-heading\"><em>El diputado provincial valor\u00f3 la media sanci\u00f3n que obtuvo el mensaje del Ejecutivo este jueves en la C\u00e1mara baja. Tambi\u00e9n destac\u00f3 la importancia de priorizar la obra p\u00fablica como motor de la econom\u00eda y generador de empleo, en un contexto de recesi\u00f3n nacional en el que Santa Fe sufre el impacto en sectores como la industria, el comercio y la construcci\u00f3n.<\/em><\/h2>\n\n\n\n<p id=\"m_-7701498918470806947isPasted\">La C\u00e1mara de Diputadas y Diputados de Santa Fe dio media sanci\u00f3n al proyecto de Presupuesto 2026 enviado por el gobierno provincial. Fue en la sesi\u00f3n extraordinaria realizada este jueves en la legislatura.<\/p>\n\n\n\n<p>En ese marco, el diputado Mariano Cuvertino (Unidos para Cambiar Santa Fe-PS) destac\u00f3 la importancia de tratar y aprobar la ley de leyes: \u201cEl Presupuesto define las prioridades del gobierno para el pr\u00f3ximo a\u00f1o y en una situaci\u00f3n econ\u00f3mica donde la inflaci\u00f3n est\u00e1 controlada pero la recesi\u00f3n golpea fuerte, valoramos que la provincia priorice y jerarquice la obra p\u00fablica para poner en marcha y acelerar el motor de la econom\u00eda, buscando preservar los puestos de trabajo\u201d.<\/p>\n\n\n\n<p>Santa Fe sufre el impacto del actual modelo econ\u00f3mico nacional en sectores clave de la econom\u00eda. En los \u00faltimos dos a\u00f1os, se destruyeron tres empresas y 20 puestos de empleo por d\u00eda. Adem\u00e1s, el consumo de cemento registr\u00f3 una ca\u00edda de casi el 29%. \u201cLa industria, el comercio y la construcci\u00f3n la est\u00e1n pasando muy mal, esta es la realidad y nos preocupa\u201d dijo el legislador.&nbsp;<\/p>\n\n\n\n<p>En ese contexto, Cuvertino valor\u00f3 la inversi\u00f3n en obra p\u00fablica: \u201cEs correcto que el gobierno de Unidos para Cambiar Santa Fe proponga un presupuesto que busque intervenir en la econom\u00eda impulsando el nivel de obra p\u00fablica. El puente Santa Fe-Santo Tom\u00e9 y la inauguraci\u00f3n del Hospital Rafaela son ejemplos concretos de este compromiso\u201d.<\/p>\n\n\n\n<p>Para que el Ejecutivo provincial se haga cargo de la obra p\u00fablica que abandon\u00f3 Naci\u00f3n, como as\u00ed tambi\u00e9n para proponer nueva infraestructura productiva en el territorio, es necesario acceder a cr\u00e9ditos, una herramienta para la que Santa Fe tiene buena calificaci\u00f3n y que es de uso habitual en otras provincias.&nbsp;<\/p>\n\n\n\n<p>En este sentido, el diputado ejemplific\u00f3 que \u201cC\u00f3rdoba destina el 8,2% de sus recursos al pago de los servicios de la deuda y nosotros actualmente estamos en el 1,25%, la ratio m\u00e1s baja en 15 a\u00f1os. Hay que tomar cr\u00e9ditos y volcarlos a obra p\u00fablica e infraestructura para mejorar las condiciones de vida de los santafesinos y el funcionamiento del sistema econ\u00f3mico, contrarrestando la p\u00e9rdida de empleo\u201d.<\/p>\n\n\n\n<p><strong>EQUILIBRIO TERRITORIAL<\/strong><\/p>\n\n\n\n<p>El diputado de Unidos tambi\u00e9n se hizo eco de las premisas del exgobernador Miguel Lifschitz, quien entend\u00eda que la infraestructura era necesaria para achicar las brechas estructurales y que, en este sentido, era necesario recuperar el Banco Santafesino de Inversi\u00f3n y Desarrollo..<\/p>\n\n\n\n<p>\u201cLa ley tributaria que estamos tratando en la legislatura mira a la provincia en su totalidad, contemplando las particularidades regionales. Del mismo modo debemos mirar a la hora de invertir priorizando los territorios que tienen m\u00e1s necesidades para alcanzar el desarrollo integral. Eso es el verdadero federalismo\u201d, explic\u00f3 Cuvertino.<\/p>\n\n\n\n<p>Por \u00faltimo, se\u00f1al\u00f3 que \u201csi queremos una Santa Fe verdaderamente equilibrada necesitamos avanzar en m\u00e1s obra p\u00fablica, m\u00e1s infraestructura productiva y m\u00e1s herramientas financieras que permitan que el progreso llegue a cada rinc\u00f3n de la provincia. Este es el camino y en Santa Fe tenemos todo para recorrerlo\u201d.<\/p>\n","protected":false},"excerpt":{"rendered":"<p>El diputado provincial valor\u00f3 la media sanci\u00f3n que obtuvo el mensaje del Ejecutivo este jueves en la C\u00e1mara baja. Tambi\u00e9n destac\u00f3 la importancia de priorizar la obra p\u00fablica como motor de la econom\u00eda y generador de empleo, en un contexto de recesi\u00f3n nacional en el que Santa Fe sufre el impacto en sectores como la <a href=\"https:\/\/armstrongyregion.com.ar\/diario\/cuvertino-el-presupuesto-define-las-prioridades-del-gobierno\/\" title=\"Read more\" >&#8230;<\/a><\/p>\n","protected":false},"author":1,"featured_media":47707,"comment_status":"open","ping_status":"open","sticky":false,"template":"","format":"image","meta":{"_jetpack_memberships_contains_paid_content":false,"footnotes":"","jetpack_publicize_message":"","jetpack_publicize_feature_enabled":true,"jetpack_social_post_already_shared":true,"jetpack_social_options":{"image_generator_settings":{"template":"highway","default_image_id":0,"enabled":false},"version":2}},"categories":[8,1,2,7,3],"tags":[12217,10360,5030,12218,38,3114,2160],"class_list":["post-47706","post","type-post","status-publish","format-image","has-post-thumbnail","hentry","category-deliberando","category-diario-armstrong","category-locales","category-politica","category-region","tag-cuvertino","tag-define","tag-diario-armstrong","tag-diputado-pcial-cuvertino","tag-gobierno","tag-presupuesto","tag-prioridades","post_format-post-format-image"],"jetpack_publicize_connections":[],"jetpack_featured_media_url":"https:\/\/armstrongyregion.com.ar\/diario\/wp-content\/uploads\/2025\/12\/Cuvertino-.jpg","jetpack_shortlink":"https:\/\/wp.me\/p62QDO-cps","jetpack_sharing_enabled":true,"amp_enabled":true,"_links":{"self":[{"href":"https:\/\/armstrongyregion.com.ar\/diario\/wp-json\/wp\/v2\/posts\/47706","targetHints":{"allow":["GET"]}}],"collection":[{"href":"https:\/\/armstrongyregion.com.ar\/diario\/wp-json\/wp\/v2\/posts"}],"about":[{"href":"https:\/\/armstrongyregion.com.ar\/diario\/wp-json\/wp\/v2\/types\/post"}],"author":[{"embeddable":true,"href":"https:\/\/armstrongyregion.com.ar\/diario\/wp-json\/wp\/v2\/users\/1"}],"replies":[{"embeddable":true,"href":"https:\/\/armstrongyregion.com.ar\/diario\/wp-json\/wp\/v2\/comments?post=47706"}],"version-history":[{"count":1,"href":"https:\/\/armstrongyregion.com.ar\/diario\/wp-json\/wp\/v2\/posts\/47706\/revisions"}],"predecessor-version":[{"id":47708,"href":"https:\/\/armstrongyregion.com.ar\/diario\/wp-json\/wp\/v2\/posts\/47706\/revisions\/47708"}],"wp:featuredmedia":[{"embeddable":true,"href":"https:\/\/armstrongyregion.com.ar\/diario\/wp-json\/wp\/v2\/media\/47707"}],"wp:attachment":[{"href":"https:\/\/armstrongyregion.com.ar\/diario\/wp-json\/wp\/v2\/media?parent=47706"}],"wp:term":[{"taxonomy":"category","embeddable":true,"href":"https:\/\/armstrongyregion.com.ar\/diario\/wp-json\/wp\/v2\/categories?post=47706"},{"taxonomy":"post_tag","embeddable":true,"href":"https:\/\/armstrongyregion.com.ar\/diario\/wp-json\/wp\/v2\/tags?post=47706"}],"curies":[{"name":"wp","href":"https:\/\/api.w.org\/{rel}","templated":true}]}}