{"id":47702,"date":"2025-12-11T20:51:41","date_gmt":"2025-12-11T20:51:41","guid":{"rendered":"https:\/\/armstrongyregion.com.ar\/diario\/?p=47702"},"modified":"2025-12-11T20:51:43","modified_gmt":"2025-12-11T20:51:43","slug":"guillermo-luzzi-asumio-un-nuevo-mandato-en-armstrong-con-un-fuerte-llamado-al-compromiso","status":"publish","type":"post","link":"https:\/\/armstrongyregion.com.ar\/diario\/guillermo-luzzi-asumio-un-nuevo-mandato-en-armstrong-con-un-fuerte-llamado-al-compromiso\/","title":{"rendered":"Guillermo Luzzi asumi\u00f3 un nuevo mandato en Armstrong con un fuerte llamado al compromiso."},"content":{"rendered":"\n<figure class=\"wp-block-image size-large\"><img loading=\"lazy\" decoding=\"async\" width=\"624\" height=\"480\" src=\"https:\/\/armstrongyregion.com.ar\/diario\/wp-content\/uploads\/2025\/12\/Juramento-Lui-1--624x480.jpg\" alt=\"\" class=\"wp-image-47703\" srcset=\"https:\/\/armstrongyregion.com.ar\/diario\/wp-content\/uploads\/2025\/12\/Juramento-Lui-1--624x480.jpg 624w, https:\/\/armstrongyregion.com.ar\/diario\/wp-content\/uploads\/2025\/12\/Juramento-Lui-1--300x231.jpg 300w, https:\/\/armstrongyregion.com.ar\/diario\/wp-content\/uploads\/2025\/12\/Juramento-Lui-1-.jpg 645w\" sizes=\"auto, (max-width: 624px) 100vw, 624px\" \/><\/figure>\n\n\n\n<h2 class=\"wp-block-heading\">El Intendente fue puesto en funciones por el Concejo Deliberante e hizo hincapi\u00e9 en el amor por la ciudad, la responsabilidad y el trabajo en equipo para el futuro de la comunidad.<\/h2>\n\n\n\n<figure class=\"wp-block-image size-large\"><img loading=\"lazy\" decoding=\"async\" width=\"640\" height=\"393\" src=\"https:\/\/armstrongyregion.com.ar\/diario\/wp-content\/uploads\/2025\/12\/JURAMENTO-LUZZI-2--640x393.jpg\" alt=\"\" class=\"wp-image-47704\" srcset=\"https:\/\/armstrongyregion.com.ar\/diario\/wp-content\/uploads\/2025\/12\/JURAMENTO-LUZZI-2--640x393.jpg 640w, https:\/\/armstrongyregion.com.ar\/diario\/wp-content\/uploads\/2025\/12\/JURAMENTO-LUZZI-2--300x184.jpg 300w, https:\/\/armstrongyregion.com.ar\/diario\/wp-content\/uploads\/2025\/12\/JURAMENTO-LUZZI-2-.jpg 645w\" sizes=\"auto, (max-width: 640px) 100vw, 640px\" \/><\/figure>\n\n\n\n<p>El intendente de Armstrong, <strong>Guillermo Luzzi<\/strong>, asumi\u00f3 formalmente un nuevo per\u00edodo de gobierno al frente del Ejecutivo municipal en un emotivo acto celebrado este mi\u00e9rcoles. El juramento de rigor fue tomado por el presidente del Concejo Deliberante, Prof. Alejandro Pertusati.<\/p>\n\n\n\n<p>Tras la ceremonia de asunci\u00f3n, Luzzi se dirigi\u00f3 a los presentes con un discurso breve pero contundente, destacando el <strong>valor del equipo y el compromiso personal<\/strong> con la ciudad.<\/p>\n\n\n\n<h3 class=\"wp-block-heading\"><strong>Un Discurso Desde el Coraz\u00f3n<\/strong><\/h3>\n\n\n\n<p>En su intervenci\u00f3n, el Intendente expres\u00f3 un profundo agradecimiento a su equipo, al que calific\u00f3 como \u00abpartes esenciales de un proyecto colectivo\u00bb, y a su familia, a la que defini\u00f3 como su \u00abpilar y sost\u00e9n\u00bb.<\/p>\n\n\n\n<p>Al dirigirse a los ciudadanos, Luzzi reafirm\u00f3 su v\u00ednculo inquebrantable con la localidad:<\/p>\n\n\n\n<blockquote class=\"wp-block-quote is-layout-flow wp-block-quote-is-layout-flow\">\n<p>\u00abHoy estoy ac\u00e1 frente a ustedes asumiendo una vez m\u00e1s esta investidura con la que me honraron. Vuelvo a jurar como intendente de mi querida Armstrong. La ciudad que me vio crecer, que eleg\u00ed para formar mi familia, que me abri\u00f3 las puertas como profesional y que sigue siendo hoy y siempre mi lugar en la tierra. Por el amor que le tengo a esta ciudad. Por el compromiso que tengo con hacerlo mejor para el futuro de nuestras hijas e hijos. Por cada uno de los ciudadanos que me acompa\u00f1aron confi\u00e1ndome su voto. <strong>Hoy juro ejercer este cargo con responsabilidad, con honestidad y sobre todo con el coraz\u00f3n. Dejando a ustedes lo mejor de m\u00ed<\/strong>.\u00bb<\/p>\n<\/blockquote>\n\n\n\n<h3 class=\"wp-block-heading\"><strong>Balance Positivo y Desaf\u00edos Futuros<\/strong><\/h3>\n\n\n\n<p>En di\u00e1logo con la prensa tras el juramento, el Intendente Luzzi realiz\u00f3 un breve balance de sus primeros dos a\u00f1os de gesti\u00f3n. Destac\u00f3 la gran cantidad de logros en poco tiempo, mencionando \u00e1reas clave como <strong>obras p\u00fablicas y cultura<\/strong>, y atribuy\u00f3 el \u00e9xito a la continuidad y el orden de la gesti\u00f3n anterior.<\/p>\n\n\n\n<p>\u00abTuve la suerte de venir, de agarrar una gesti\u00f3n ordenada, con un equipo ya funcionando,\u00bb afirm\u00f3 Luzzi, y agreg\u00f3: \u00abEsto es un equipo muy, muy grande que est\u00e1 atr\u00e1s de una ciudad para que siga creciendo.\u00bb<\/p>\n\n\n\n<p>Respecto a la nueva etapa, el mandatario confirm\u00f3 que <strong>no habr\u00e1 cambios fundamentales en la estructura de gobierno<\/strong> para los pr\u00f3ximos cuatro a\u00f1os, manteniendo la misma conformaci\u00f3n y solo \u00abafinando algunas cositas de trabajo\u00bb que ya se ven\u00edan implementando. Finalmente, subray\u00f3 que el crecimiento de la ciudad es un logro colectivo: \u00abEstoy convencido de que cada vez vamos a ser m\u00e1s grandes, no gracias a este gobierno, sino gracias a toda la ciudad.\u00bb<\/p>\n\n\n\n<p>Con un esquema de trabajo ya diagramado para 2026, el Intendente Luzzi inicia este nuevo mandato renovando su compromiso con los desaf\u00edos que tienen por delante los armstronenses.<\/p>\n","protected":false},"excerpt":{"rendered":"<p>El Intendente fue puesto en funciones por el Concejo Deliberante e hizo hincapi\u00e9 en el amor por la ciudad, la responsabilidad y el trabajo en equipo para el futuro de la comunidad. El intendente de Armstrong, Guillermo Luzzi, asumi\u00f3 formalmente un nuevo per\u00edodo de gobierno al frente del Ejecutivo municipal en un emotivo acto celebrado <a href=\"https:\/\/armstrongyregion.com.ar\/diario\/guillermo-luzzi-asumio-un-nuevo-mandato-en-armstrong-con-un-fuerte-llamado-al-compromiso\/\" title=\"Read more\" >&#8230;<\/a><\/p>\n","protected":false},"author":1,"featured_media":47703,"comment_status":"open","ping_status":"open","sticky":false,"template":"","format":"image","meta":{"_jetpack_memberships_contains_paid_content":false,"footnotes":"","jetpack_publicize_message":"","jetpack_publicize_feature_enabled":true,"jetpack_social_post_already_shared":true,"jetpack_social_options":{"image_generator_settings":{"template":"highway","default_image_id":0,"enabled":false},"version":2}},"categories":[6,8,1,2,7,3],"tags":[179,20,50,2572,5030,10050,993,12216],"class_list":["post-47702","post","type-post","status-publish","format-image","has-post-thumbnail","hentry","category-cultura-entretenimiento","category-deliberando","category-diario-armstrong","category-locales","category-politica","category-region","tag-al","tag-armstrong","tag-asumio","tag-compromiso","tag-diario-armstrong","tag-guillermo-luzzi","tag-llamado","tag-nuevo-madato","post_format-post-format-image"],"jetpack_publicize_connections":[],"jetpack_featured_media_url":"https:\/\/armstrongyregion.com.ar\/diario\/wp-content\/uploads\/2025\/12\/Juramento-Lui-1-.jpg","jetpack_shortlink":"https:\/\/wp.me\/p62QDO-cpo","jetpack_sharing_enabled":true,"amp_enabled":true,"_links":{"self":[{"href":"https:\/\/armstrongyregion.com.ar\/diario\/wp-json\/wp\/v2\/posts\/47702","targetHints":{"allow":["GET"]}}],"collection":[{"href":"https:\/\/armstrongyregion.com.ar\/diario\/wp-json\/wp\/v2\/posts"}],"about":[{"href":"https:\/\/armstrongyregion.com.ar\/diario\/wp-json\/wp\/v2\/types\/post"}],"author":[{"embeddable":true,"href":"https:\/\/armstrongyregion.com.ar\/diario\/wp-json\/wp\/v2\/users\/1"}],"replies":[{"embeddable":true,"href":"https:\/\/armstrongyregion.com.ar\/diario\/wp-json\/wp\/v2\/comments?post=47702"}],"version-history":[{"count":1,"href":"https:\/\/armstrongyregion.com.ar\/diario\/wp-json\/wp\/v2\/posts\/47702\/revisions"}],"predecessor-version":[{"id":47705,"href":"https:\/\/armstrongyregion.com.ar\/diario\/wp-json\/wp\/v2\/posts\/47702\/revisions\/47705"}],"wp:featuredmedia":[{"embeddable":true,"href":"https:\/\/armstrongyregion.com.ar\/diario\/wp-json\/wp\/v2\/media\/47703"}],"wp:attachment":[{"href":"https:\/\/armstrongyregion.com.ar\/diario\/wp-json\/wp\/v2\/media?parent=47702"}],"wp:term":[{"taxonomy":"category","embeddable":true,"href":"https:\/\/armstrongyregion.com.ar\/diario\/wp-json\/wp\/v2\/categories?post=47702"},{"taxonomy":"post_tag","embeddable":true,"href":"https:\/\/armstrongyregion.com.ar\/diario\/wp-json\/wp\/v2\/tags?post=47702"}],"curies":[{"name":"wp","href":"https:\/\/api.w.org\/{rel}","templated":true}]}}