{"id":47687,"date":"2025-12-10T18:56:00","date_gmt":"2025-12-10T18:56:00","guid":{"rendered":"https:\/\/armstrongyregion.com.ar\/diario\/?p=47687"},"modified":"2025-12-10T18:56:04","modified_gmt":"2025-12-10T18:56:04","slug":"verdecchia-le-tomo-juramento-al-nuevo-pte-comunal-de-bouquet","status":"publish","type":"post","link":"https:\/\/armstrongyregion.com.ar\/diario\/verdecchia-le-tomo-juramento-al-nuevo-pte-comunal-de-bouquet\/","title":{"rendered":"Verdecchia le tom\u00f3 Juramento al nuevo Pte Comunal de Bouquet."},"content":{"rendered":"\n<figure class=\"wp-block-image size-full\"><img loading=\"lazy\" decoding=\"async\" width=\"400\" height=\"300\" src=\"https:\/\/armstrongyregion.com.ar\/diario\/wp-content\/uploads\/2025\/12\/verdecchia-bouquet-1-.jpg\" alt=\"\" class=\"wp-image-47688\" srcset=\"https:\/\/armstrongyregion.com.ar\/diario\/wp-content\/uploads\/2025\/12\/verdecchia-bouquet-1-.jpg 400w, https:\/\/armstrongyregion.com.ar\/diario\/wp-content\/uploads\/2025\/12\/verdecchia-bouquet-1--300x225.jpg 300w\" sizes=\"auto, (max-width: 400px) 100vw, 400px\" \/><\/figure>\n\n\n\n<p>Ayer por la tarde se llev\u00f3 a cabo el acto de asunci\u00f3n de la nueva Comisi\u00f3n Comunal de Bouquet, encabezada por Luis Sabena y el equipo que lo acompa\u00f1ar\u00e1 durante el per\u00edodo 2025-2027.<\/p>\n\n\n\n<figure class=\"wp-block-image size-large\"><img loading=\"lazy\" decoding=\"async\" width=\"640\" height=\"480\" src=\"https:\/\/armstrongyregion.com.ar\/diario\/wp-content\/uploads\/2025\/12\/verdecchia-bouquet-3--640x480.jpg\" alt=\"\" class=\"wp-image-47689\" srcset=\"https:\/\/armstrongyregion.com.ar\/diario\/wp-content\/uploads\/2025\/12\/verdecchia-bouquet-3--640x480.jpg 640w, https:\/\/armstrongyregion.com.ar\/diario\/wp-content\/uploads\/2025\/12\/verdecchia-bouquet-3--300x225.jpg 300w, https:\/\/armstrongyregion.com.ar\/diario\/wp-content\/uploads\/2025\/12\/verdecchia-bouquet-3--768x576.jpg 768w, https:\/\/armstrongyregion.com.ar\/diario\/wp-content\/uploads\/2025\/12\/verdecchia-bouquet-3-.jpg 800w\" sizes=\"auto, (max-width: 640px) 100vw, 640px\" \/><\/figure>\n\n\n\n<p>\u201cEl desaf\u00edo que tenemos por delante es enorme: transformar la localidad, impulsarla hacia el crecimiento y generar oportunidades para que nuestros j\u00f3venes elijan quedarse. Conozco a Luis y a todo el equipo comunal, y estoy seguro de su capacidad y compromiso para sacar a Bouquet adelante\u201d, expres\u00f3 el Senador Pablo Verdecchia.<\/p>\n\n\n\n<figure class=\"wp-block-image size-large\"><img loading=\"lazy\" decoding=\"async\" width=\"640\" height=\"480\" src=\"https:\/\/armstrongyregion.com.ar\/diario\/wp-content\/uploads\/2025\/12\/verdecchia.bouquet-2--640x480.jpg\" alt=\"\" class=\"wp-image-47691\" srcset=\"https:\/\/armstrongyregion.com.ar\/diario\/wp-content\/uploads\/2025\/12\/verdecchia.bouquet-2--640x480.jpg 640w, https:\/\/armstrongyregion.com.ar\/diario\/wp-content\/uploads\/2025\/12\/verdecchia.bouquet-2--300x225.jpg 300w, https:\/\/armstrongyregion.com.ar\/diario\/wp-content\/uploads\/2025\/12\/verdecchia.bouquet-2--768x576.jpg 768w, https:\/\/armstrongyregion.com.ar\/diario\/wp-content\/uploads\/2025\/12\/verdecchia.bouquet-2-.jpg 800w\" sizes=\"auto, (max-width: 640px) 100vw, 640px\" \/><\/figure>\n\n\n\n<p><\/p>\n","protected":false},"excerpt":{"rendered":"<p>Ayer por la tarde se llev\u00f3 a cabo el acto de asunci\u00f3n de la nueva Comisi\u00f3n Comunal de Bouquet, encabezada por Luis Sabena y el equipo que lo acompa\u00f1ar\u00e1 durante el per\u00edodo 2025-2027. \u201cEl desaf\u00edo que tenemos por delante es enorme: transformar la localidad, impulsarla hacia el crecimiento y generar oportunidades para que nuestros j\u00f3venes <a href=\"https:\/\/armstrongyregion.com.ar\/diario\/verdecchia-le-tomo-juramento-al-nuevo-pte-comunal-de-bouquet\/\" title=\"Read more\" >&#8230;<\/a><\/p>\n","protected":false},"author":1,"featured_media":47691,"comment_status":"open","ping_status":"open","sticky":false,"template":"","format":"image","meta":{"_jetpack_memberships_contains_paid_content":false,"footnotes":"","jetpack_publicize_message":"","jetpack_publicize_feature_enabled":true,"jetpack_social_post_already_shared":true,"jetpack_social_options":{"image_generator_settings":{"template":"highway","default_image_id":0,"enabled":false},"version":2}},"categories":[8,1,2,7,3],"tags":[5030,3274,12214,12213,10733,12212,205],"class_list":["post-47687","post","type-post","status-publish","format-image","has-post-thumbnail","hentry","category-deliberando","category-diario-armstrong","category-locales","category-politica","category-region","tag-diario-armstrong","tag-juramento","tag-luis-sabena","tag-pte-comunal-bouquet","tag-senador-pablo-verdecchia","tag-tomo-2","tag-verdecchia","post_format-post-format-image"],"jetpack_publicize_connections":[],"jetpack_featured_media_url":"https:\/\/armstrongyregion.com.ar\/diario\/wp-content\/uploads\/2025\/12\/verdecchia.bouquet-2-.jpg","jetpack_shortlink":"https:\/\/wp.me\/p62QDO-cp9","jetpack_sharing_enabled":true,"amp_enabled":true,"_links":{"self":[{"href":"https:\/\/armstrongyregion.com.ar\/diario\/wp-json\/wp\/v2\/posts\/47687","targetHints":{"allow":["GET"]}}],"collection":[{"href":"https:\/\/armstrongyregion.com.ar\/diario\/wp-json\/wp\/v2\/posts"}],"about":[{"href":"https:\/\/armstrongyregion.com.ar\/diario\/wp-json\/wp\/v2\/types\/post"}],"author":[{"embeddable":true,"href":"https:\/\/armstrongyregion.com.ar\/diario\/wp-json\/wp\/v2\/users\/1"}],"replies":[{"embeddable":true,"href":"https:\/\/armstrongyregion.com.ar\/diario\/wp-json\/wp\/v2\/comments?post=47687"}],"version-history":[{"count":1,"href":"https:\/\/armstrongyregion.com.ar\/diario\/wp-json\/wp\/v2\/posts\/47687\/revisions"}],"predecessor-version":[{"id":47692,"href":"https:\/\/armstrongyregion.com.ar\/diario\/wp-json\/wp\/v2\/posts\/47687\/revisions\/47692"}],"wp:featuredmedia":[{"embeddable":true,"href":"https:\/\/armstrongyregion.com.ar\/diario\/wp-json\/wp\/v2\/media\/47691"}],"wp:attachment":[{"href":"https:\/\/armstrongyregion.com.ar\/diario\/wp-json\/wp\/v2\/media?parent=47687"}],"wp:term":[{"taxonomy":"category","embeddable":true,"href":"https:\/\/armstrongyregion.com.ar\/diario\/wp-json\/wp\/v2\/categories?post=47687"},{"taxonomy":"post_tag","embeddable":true,"href":"https:\/\/armstrongyregion.com.ar\/diario\/wp-json\/wp\/v2\/tags?post=47687"}],"curies":[{"name":"wp","href":"https:\/\/api.w.org\/{rel}","templated":true}]}}