{"id":47669,"date":"2025-12-09T15:58:27","date_gmt":"2025-12-09T15:58:27","guid":{"rendered":"https:\/\/armstrongyregion.com.ar\/diario\/?p=47669"},"modified":"2025-12-09T15:58:29","modified_gmt":"2025-12-09T15:58:29","slug":"armstrong-culmino-el-curso-de-promotores-gerontologicos","status":"publish","type":"post","link":"https:\/\/armstrongyregion.com.ar\/diario\/armstrong-culmino-el-curso-de-promotores-gerontologicos\/","title":{"rendered":"Armstrong. Culmin\u00f3 el curso de Promotores Gerontol\u00f3gicos."},"content":{"rendered":"\n<figure class=\"wp-block-image size-large\"><img loading=\"lazy\" decoding=\"async\" width=\"640\" height=\"427\" src=\"https:\/\/armstrongyregion.com.ar\/diario\/wp-content\/uploads\/2025\/12\/CURSO-GERONTOLOGICO-640x427.jpg\" alt=\"\" class=\"wp-image-47670\" srcset=\"https:\/\/armstrongyregion.com.ar\/diario\/wp-content\/uploads\/2025\/12\/CURSO-GERONTOLOGICO-640x427.jpg 640w, https:\/\/armstrongyregion.com.ar\/diario\/wp-content\/uploads\/2025\/12\/CURSO-GERONTOLOGICO-300x200.jpg 300w, https:\/\/armstrongyregion.com.ar\/diario\/wp-content\/uploads\/2025\/12\/CURSO-GERONTOLOGICO.jpg 663w\" sizes=\"auto, (max-width: 640px) 100vw, 640px\" \/><\/figure>\n\n\n\n<p>El d\u00eda viernes 5 de diciembre se entregaron los certificados a los 25 asistentes que culminaron el<br>curso de Promotores Gerontol\u00f3gicos 2025 que se dictara en las nuevas instalaciones del Espacio<br>Minimundo.<\/p>\n\n\n\n<figure class=\"wp-block-image size-large\"><img loading=\"lazy\" decoding=\"async\" width=\"640\" height=\"426\" src=\"https:\/\/armstrongyregion.com.ar\/diario\/wp-content\/uploads\/2025\/12\/CURSO-GERONTOLOGICO-3--640x426.jpg\" alt=\"\" class=\"wp-image-47672\" srcset=\"https:\/\/armstrongyregion.com.ar\/diario\/wp-content\/uploads\/2025\/12\/CURSO-GERONTOLOGICO-3--640x426.jpg 640w, https:\/\/armstrongyregion.com.ar\/diario\/wp-content\/uploads\/2025\/12\/CURSO-GERONTOLOGICO-3--300x200.jpg 300w, https:\/\/armstrongyregion.com.ar\/diario\/wp-content\/uploads\/2025\/12\/CURSO-GERONTOLOGICO-3-.jpg 692w\" sizes=\"auto, (max-width: 640px) 100vw, 640px\" \/><\/figure>\n\n\n\n<figure class=\"wp-block-image size-large\"><img loading=\"lazy\" decoding=\"async\" width=\"640\" height=\"427\" src=\"https:\/\/armstrongyregion.com.ar\/diario\/wp-content\/uploads\/2025\/12\/CURSO-GERONTOLOGICO-2--640x427.jpg\" alt=\"\" class=\"wp-image-47671\" srcset=\"https:\/\/armstrongyregion.com.ar\/diario\/wp-content\/uploads\/2025\/12\/CURSO-GERONTOLOGICO-2--640x427.jpg 640w, https:\/\/armstrongyregion.com.ar\/diario\/wp-content\/uploads\/2025\/12\/CURSO-GERONTOLOGICO-2--300x200.jpg 300w, https:\/\/armstrongyregion.com.ar\/diario\/wp-content\/uploads\/2025\/12\/CURSO-GERONTOLOGICO-2-.jpg 736w\" sizes=\"auto, (max-width: 640px) 100vw, 640px\" \/><\/figure>\n\n\n\n<p><br>Se cont\u00f3 con la presencia de la secretaria de Pol\u00edticas Sociales e Integraci\u00f3n Social del Ministerio de<br>Desarrollo Humano de la Provincia de Santa Fe Viviana Foresi, el Senador Pablo Verdecchia, el<br>Intendente Guillermo Luzzi, y el Presidente del Concejo Municipal Alejandro Pertusati.<br>Esta capacitaci\u00f3n en tem\u00e1ticas gerontol\u00f3gicas brinda conocimientos te\u00f3ricos y pr\u00e1cticos generales y<br>espec\u00edficos sobre la situaci\u00f3n biopsicosocial de las personas mayores en su interacci\u00f3n con el medio,<br>y cont\u00f3 con clases desarrolladas en instituciones locales.<br>Las clases estuvieron a cargo de los profesionales Psic\u00f3logo Omar Tognetti, M\u00e9dica Ail\u00e9n Temperini,<br>Abogada Romina Rinaldi, Nutricionista Lucrecia Pazelli, Terapistas Ocupacionales Jimena Pighin y<br>Oriana Siri, Lic. en Seguridad e Higiene en el Trabajo J\u00e9sica Carmona, Lic. en Trabajo Social Valeria<br>Raccone, y Enfermera Paola Ersamo.<br>En su discurso, Foresi subray\u00f3 que \u201cuna de nuestras pol\u00edticas prioritarias es garantizar el cuidado y<br>acompa\u00f1amiento de las personas mayores. Pero tambi\u00e9n es fundamental formar adecuadamente a<br>quienes van a cuidarlas, a quienes estar\u00e1n al lado de nuestros padres y seres m\u00e1s queridos en<br>momentos donde la autonom\u00eda comienza a disminuir. El cuidado debe estar en manos de personas<br>t\u00e9cnicamente capacitadas y con una formaci\u00f3n humanitaria s\u00f3lida. Este curso tambi\u00e9n incluye<br>pr\u00e1cticas profesionales que consideramos esenciales\u201d.<\/p>\n","protected":false},"excerpt":{"rendered":"<p>El d\u00eda viernes 5 de diciembre se entregaron los certificados a los 25 asistentes que culminaron elcurso de Promotores Gerontol\u00f3gicos 2025 que se dictara en las nuevas instalaciones del EspacioMinimundo. Se cont\u00f3 con la presencia de la secretaria de Pol\u00edticas Sociales e Integraci\u00f3n Social del Ministerio deDesarrollo Humano de la Provincia de Santa Fe Viviana <a href=\"https:\/\/armstrongyregion.com.ar\/diario\/armstrong-culmino-el-curso-de-promotores-gerontologicos\/\" title=\"Read more\" >&#8230;<\/a><\/p>\n","protected":false},"author":1,"featured_media":47670,"comment_status":"open","ping_status":"open","sticky":false,"template":"","format":"image","meta":{"_jetpack_memberships_contains_paid_content":false,"footnotes":"","jetpack_publicize_message":"","jetpack_publicize_feature_enabled":true,"jetpack_social_post_already_shared":true,"jetpack_social_options":{"image_generator_settings":{"template":"highway","default_image_id":0,"enabled":false},"version":2}},"categories":[6,8,1,2,7,4,3],"tags":[20,412,5030,6244,6243],"class_list":["post-47669","post","type-post","status-publish","format-image","has-post-thumbnail","hentry","category-cultura-entretenimiento","category-deliberando","category-diario-armstrong","category-locales","category-politica","category-prevencion-salud","category-region","tag-armstrong","tag-curso","tag-diario-armstrong","tag-gerontologicos","tag-promotores","post_format-post-format-image"],"jetpack_publicize_connections":[],"jetpack_featured_media_url":"https:\/\/armstrongyregion.com.ar\/diario\/wp-content\/uploads\/2025\/12\/CURSO-GERONTOLOGICO.jpg","jetpack_shortlink":"https:\/\/wp.me\/p62QDO-coR","jetpack_sharing_enabled":true,"amp_enabled":true,"_links":{"self":[{"href":"https:\/\/armstrongyregion.com.ar\/diario\/wp-json\/wp\/v2\/posts\/47669","targetHints":{"allow":["GET"]}}],"collection":[{"href":"https:\/\/armstrongyregion.com.ar\/diario\/wp-json\/wp\/v2\/posts"}],"about":[{"href":"https:\/\/armstrongyregion.com.ar\/diario\/wp-json\/wp\/v2\/types\/post"}],"author":[{"embeddable":true,"href":"https:\/\/armstrongyregion.com.ar\/diario\/wp-json\/wp\/v2\/users\/1"}],"replies":[{"embeddable":true,"href":"https:\/\/armstrongyregion.com.ar\/diario\/wp-json\/wp\/v2\/comments?post=47669"}],"version-history":[{"count":1,"href":"https:\/\/armstrongyregion.com.ar\/diario\/wp-json\/wp\/v2\/posts\/47669\/revisions"}],"predecessor-version":[{"id":47673,"href":"https:\/\/armstrongyregion.com.ar\/diario\/wp-json\/wp\/v2\/posts\/47669\/revisions\/47673"}],"wp:featuredmedia":[{"embeddable":true,"href":"https:\/\/armstrongyregion.com.ar\/diario\/wp-json\/wp\/v2\/media\/47670"}],"wp:attachment":[{"href":"https:\/\/armstrongyregion.com.ar\/diario\/wp-json\/wp\/v2\/media?parent=47669"}],"wp:term":[{"taxonomy":"category","embeddable":true,"href":"https:\/\/armstrongyregion.com.ar\/diario\/wp-json\/wp\/v2\/categories?post=47669"},{"taxonomy":"post_tag","embeddable":true,"href":"https:\/\/armstrongyregion.com.ar\/diario\/wp-json\/wp\/v2\/tags?post=47669"}],"curies":[{"name":"wp","href":"https:\/\/api.w.org\/{rel}","templated":true}]}}