{"id":47663,"date":"2025-12-09T14:17:27","date_gmt":"2025-12-09T14:17:27","guid":{"rendered":"https:\/\/armstrongyregion.com.ar\/diario\/?p=47663"},"modified":"2025-12-09T16:15:00","modified_gmt":"2025-12-09T16:15:00","slug":"el-concejo-a-debate-en-deliberando-balance-2025-y-desafios-2026","status":"publish","type":"post","link":"https:\/\/armstrongyregion.com.ar\/diario\/el-concejo-a-debate-en-deliberando-balance-2025-y-desafios-2026\/","title":{"rendered":"El Concejo a Debate en \u00abDELIBERANDO\u00bb: Balance 2025 y Desaf\u00edos 2026."},"content":{"rendered":"\n<figure class=\"wp-block-image size-full\"><img loading=\"lazy\" decoding=\"async\" width=\"400\" height=\"300\" src=\"https:\/\/armstrongyregion.com.ar\/diario\/wp-content\/uploads\/2025\/12\/DELIBERANDO-DIC-25.jpg\" alt=\"\" class=\"wp-image-47664\" srcset=\"https:\/\/armstrongyregion.com.ar\/diario\/wp-content\/uploads\/2025\/12\/DELIBERANDO-DIC-25.jpg 400w, https:\/\/armstrongyregion.com.ar\/diario\/wp-content\/uploads\/2025\/12\/DELIBERANDO-DIC-25-300x225.jpg 300w\" sizes=\"auto, (max-width: 400px) 100vw, 400px\" \/><\/figure>\n\n\n\n<p>El programa period\u00edstico <strong>\u00abDeliberando\u00bb<\/strong> sale al aire esta <strong>noche, martes a las 21 horas<\/strong>, con una edici\u00f3n imperdible centrada en la actividad legislativa regional. Los invitados ser\u00e1n el Presidente del Concejo Deliberante de Armstrong, Prof. <strong>Alejandro Pertusati<\/strong>, y el Concejal rosense, <strong>Marcos Di Santo<\/strong>, quienes analizar\u00e1n el balance del a\u00f1o que finaliza, la nueva conformaci\u00f3n del cuerpo y los proyectos clave que impactan a los vecinos.<\/p>\n\n\n\n<h4 class=\"wp-block-heading\"><strong>Armstrong: Un Balance con Proyectos de Impacto<\/strong><\/h4>\n\n\n\n<p>El programa \u00abDeliberando\u00bb abre su ciclo con una profunda entrevista al Prof. Alejandro Pertusati, figura central de la pol\u00edtica local. Uno de los ejes del di\u00e1logo ser\u00e1 el <strong>balance general de la labor del Concejo Deliberante de Armstrong durante 2025<\/strong>. Pertusati adelant\u00f3 que se har\u00e1 hincapi\u00e9 en las <strong>dos o tres ordenanzas de mayor impacto social y econ\u00f3mico<\/strong> que lograron sancionar, destacando los <strong>logros concretos<\/strong> del proyecto que m\u00e1s le enorgullece haber impulsado este a\u00f1o.<\/p>\n\n\n\n<p>Adem\u00e1s, el Presidente del Concejo abordar\u00e1 el <strong>desaf\u00edo m\u00e1s significativo<\/strong> que enfrent\u00f3 el cuerpo deliberativo y la forma en que fue superado mediante el di\u00e1logo y el consenso. La entrevista tambi\u00e9n se centrar\u00e1 en la <strong>participaci\u00f3n ciudadana<\/strong>, detallando los mecanismos que se utilizaron para acercar la labor legislativa a los vecinos.<\/p>\n\n\n\n<h4 class=\"wp-block-heading\"><strong>La Nueva Etapa: Conformaci\u00f3n y Perspectivas<\/strong><\/h4>\n\n\n\n<p>Con la mirada puesta en el futuro inmediato, Pertusati analizar\u00e1 la <strong>nueva conformaci\u00f3n del Concejo Deliberante a partir del 10 de diciembre<\/strong>, tras las \u00faltimas elecciones de octubre. Esta renovaci\u00f3n obligar\u00e1 a una nueva din\u00e1mica de trabajo. Se espera que el Presidente anticipe cu\u00e1l ser\u00e1 el <strong>principal desaf\u00edo<\/strong> en t\u00e9rminos de consenso legislativo y la visi\u00f3n para el pr\u00f3ximo per\u00edodo.<\/p>\n\n\n\n<h4 class=\"wp-block-heading\"><strong>Las Rosas: De la Legislatura Local a la Reforma Constitucional<\/strong><\/h4>\n\n\n\n<p>En el segundo bloque de \u00abDeliberando\u00bb, el Concejal Marcos Di Santo, de la ciudad de Las Rosas, brindar\u00e1 una perspectiva regional sobre la actividad pol\u00edtica. Di Santo abordar\u00e1 el <strong>renombramiento de su bloque<\/strong>, que pasa a denominarse <strong>\u201cLas Rosas Primero\u201d<\/strong>, y las prioridades de cara a la <strong>apertura de sesiones ordinarias<\/strong> de 2026, con un fuerte enfoque en obras, ambiente y la regulaci\u00f3n animal.<\/p>\n\n\n\n<p>Finalmente, Di Santo repasar\u00e1 la <strong>presentaci\u00f3n de proyectos<\/strong> claves de su gesti\u00f3n, como la mejora de los <strong>Ba\u00f1os del Parque San Mart\u00edn<\/strong>, la gesti\u00f3n de <strong>reclamos vecinales<\/strong> y la problem\u00e1tica del <strong>basural<\/strong>, adem\u00e1s de repasar temas de seguridad y el estado del <strong>proyecto de tr\u00e1nsito<\/strong> que sigue en comisi\u00f3n.<\/p>\n\n\n\n<p><strong>Sintoniz\u00e1 \u00abDeliberando\u00bb hoy, martes 9 de diciembre, a las 21 horas, por Cable Imagen Armstrong, para conocer en profundidad el panorama legislativo de Armstrong y la regi\u00f3n.<\/strong><\/p>\n\n\n\n<p><\/p>\n","protected":false},"excerpt":{"rendered":"<p>El programa period\u00edstico \u00abDeliberando\u00bb sale al aire esta noche, martes a las 21 horas, con una edici\u00f3n imperdible centrada en la actividad legislativa regional. Los invitados ser\u00e1n el Presidente del Concejo Deliberante de Armstrong, Prof. Alejandro Pertusati, y el Concejal rosense, Marcos Di Santo, quienes analizar\u00e1n el balance del a\u00f1o que finaliza, la nueva conformaci\u00f3n <a href=\"https:\/\/armstrongyregion.com.ar\/diario\/el-concejo-a-debate-en-deliberando-balance-2025-y-desafios-2026\/\" title=\"Read more\" >&#8230;<\/a><\/p>\n","protected":false},"author":1,"featured_media":47664,"comment_status":"open","ping_status":"open","sticky":false,"template":"","format":"image","meta":{"_jetpack_memberships_contains_paid_content":false,"footnotes":"","jetpack_publicize_message":"","jetpack_publicize_feature_enabled":true,"jetpack_social_post_already_shared":true,"jetpack_social_options":{"image_generator_settings":{"template":"highway","default_image_id":0,"enabled":false},"version":2}},"categories":[6,8,1,2,7,3],"tags":[9424,20,11829,868,1356,44,5030,8883,2741],"class_list":["post-47663","post","type-post","status-publish","format-image","has-post-thumbnail","hentry","category-cultura-entretenimiento","category-deliberando","category-diario-armstrong","category-locales","category-politica","category-region","tag-alejandro-pertusati","tag-armstrong","tag-concejal-marcos-di-santo","tag-concejo","tag-debate","tag-deliberando-2","tag-diario-armstrong","tag-las-rosas-2","tag-prof","post_format-post-format-image"],"jetpack_publicize_connections":[],"jetpack_featured_media_url":"https:\/\/armstrongyregion.com.ar\/diario\/wp-content\/uploads\/2025\/12\/DELIBERANDO-DIC-25.jpg","jetpack_shortlink":"https:\/\/wp.me\/p62QDO-coL","jetpack_sharing_enabled":true,"amp_enabled":true,"_links":{"self":[{"href":"https:\/\/armstrongyregion.com.ar\/diario\/wp-json\/wp\/v2\/posts\/47663","targetHints":{"allow":["GET"]}}],"collection":[{"href":"https:\/\/armstrongyregion.com.ar\/diario\/wp-json\/wp\/v2\/posts"}],"about":[{"href":"https:\/\/armstrongyregion.com.ar\/diario\/wp-json\/wp\/v2\/types\/post"}],"author":[{"embeddable":true,"href":"https:\/\/armstrongyregion.com.ar\/diario\/wp-json\/wp\/v2\/users\/1"}],"replies":[{"embeddable":true,"href":"https:\/\/armstrongyregion.com.ar\/diario\/wp-json\/wp\/v2\/comments?post=47663"}],"version-history":[{"count":2,"href":"https:\/\/armstrongyregion.com.ar\/diario\/wp-json\/wp\/v2\/posts\/47663\/revisions"}],"predecessor-version":[{"id":47674,"href":"https:\/\/armstrongyregion.com.ar\/diario\/wp-json\/wp\/v2\/posts\/47663\/revisions\/47674"}],"wp:featuredmedia":[{"embeddable":true,"href":"https:\/\/armstrongyregion.com.ar\/diario\/wp-json\/wp\/v2\/media\/47664"}],"wp:attachment":[{"href":"https:\/\/armstrongyregion.com.ar\/diario\/wp-json\/wp\/v2\/media?parent=47663"}],"wp:term":[{"taxonomy":"category","embeddable":true,"href":"https:\/\/armstrongyregion.com.ar\/diario\/wp-json\/wp\/v2\/categories?post=47663"},{"taxonomy":"post_tag","embeddable":true,"href":"https:\/\/armstrongyregion.com.ar\/diario\/wp-json\/wp\/v2\/tags?post=47663"}],"curies":[{"name":"wp","href":"https:\/\/api.w.org\/{rel}","templated":true}]}}