{"id":4766,"date":"2015-10-30T13:10:30","date_gmt":"2015-10-30T13:10:30","guid":{"rendered":"https:\/\/armstrongyregion.com.ar\/diario\/?p=4766"},"modified":"2015-10-30T13:13:55","modified_gmt":"2015-10-30T13:13:55","slug":"cierre-del-taller-municipal-de-filosofia-2015","status":"publish","type":"post","link":"https:\/\/armstrongyregion.com.ar\/diario\/cierre-del-taller-municipal-de-filosofia-2015\/","title":{"rendered":"Armstrong. Cierre del taller municipal de Filosof\u00eda 2015."},"content":{"rendered":"<p><a href=\"http:\/\/armstrongyregion.com.ar\/diario\/wp-content\/uploads\/2015\/10\/filosofiaoctubre.jpg\"><img loading=\"lazy\" decoding=\"async\" class=\"alignnone size-medium wp-image-4767\" src=\"http:\/\/armstrongyregion.com.ar\/diario\/wp-content\/uploads\/2015\/10\/filosofiaoctubre-300x225.jpg\" alt=\"filosofiaoctubre\" width=\"300\" height=\"225\" srcset=\"https:\/\/armstrongyregion.com.ar\/diario\/wp-content\/uploads\/2015\/10\/filosofiaoctubre-300x225.jpg 300w, https:\/\/armstrongyregion.com.ar\/diario\/wp-content\/uploads\/2015\/10\/filosofiaoctubre-1024x768.jpg 1024w, https:\/\/armstrongyregion.com.ar\/diario\/wp-content\/uploads\/2015\/10\/filosofiaoctubre.jpg 1600w\" sizes=\"auto, (max-width: 300px) 100vw, 300px\" \/><\/a>El mi\u00e9rcoles 28 de octubre en el sal\u00f3n San Mart\u00edn de la Municipalidad de Armstrong se entregaron los certificados a quienes asistieron durante el 2015 al taller municipal de filosof\u00eda \u201cAprender a pensar, a sentir y a relacionarnos\u201d.<br \/>\nEl mismo es organizado anualmente por la Secretar\u00eda de Educaci\u00f3n, Cultura y Deporte y est\u00e1 dirigido por el Lic. Hugo Pereyra quien cont\u00f3 que, a\u00f1o a a\u00f1o, la gente participa con m\u00e1s confianza y m\u00e1s crecimiento.<\/p>\n<p>Desde el inicio de la propuesta hace cinco a\u00f1os, se estuvieron trabajando temas como introducci\u00f3n a la filosof\u00eda, antropolog\u00eda, charlas sobre el aspecto social del ser humano, habilidades para la vida y, en este \u00faltimo ciclo se habl\u00f3 sobre temas de la psicolog\u00eda enfocados desde la filosof\u00eda, siempre en encuentros amenos y con un nivel de conversaci\u00f3n donde todos puedan entender el mensaje.<\/p>\n<p>Dado que las tem\u00e1ticas filos\u00f3ficas no tienen una masividad muy abundante, es muy meritorio que la gente haya seguido gustando de la reflexi\u00f3n, interes\u00e1ndose por profundizarla, aprendiendo cada vez m\u00e1s, incluso participando con m\u00e1s agudeza y justeza, adquiriendo vocabulario, entre otras cosas.<\/p>\n","protected":false},"excerpt":{"rendered":"<p>El mi\u00e9rcoles 28 de octubre en el sal\u00f3n San Mart\u00edn de la Municipalidad de Armstrong se entregaron los certificados a quienes asistieron durante el 2015 al taller municipal de filosof\u00eda \u201cAprender a pensar, a sentir y a relacionarnos\u201d. El mismo es organizado anualmente por la Secretar\u00eda de Educaci\u00f3n, Cultura y Deporte y est\u00e1 dirigido por <a href=\"https:\/\/armstrongyregion.com.ar\/diario\/cierre-del-taller-municipal-de-filosofia-2015\/\" title=\"Read more\" >&#8230;<\/a><\/p>\n","protected":false},"author":2,"featured_media":4767,"comment_status":"open","ping_status":"open","sticky":false,"template":"","format":"standard","meta":{"_jetpack_memberships_contains_paid_content":false,"footnotes":"","jetpack_publicize_message":"","jetpack_publicize_feature_enabled":true,"jetpack_social_post_already_shared":false,"jetpack_social_options":{"image_generator_settings":{"template":"highway","default_image_id":0,"enabled":false},"version":2}},"categories":[6,1,2,2852],"tags":[306,334,19,53,3040,524,129],"class_list":["post-4766","post","type-post","status-publish","format-standard","has-post-thumbnail","hentry","category-cultura-entretenimiento","category-diario-armstrong","category-locales","category-policiales","tag-306","tag-cierre","tag-de","tag-del","tag-filosofia","tag-municipal","tag-taller"],"jetpack_publicize_connections":[],"jetpack_featured_media_url":"https:\/\/armstrongyregion.com.ar\/diario\/wp-content\/uploads\/2015\/10\/filosofiaoctubre.jpg","jetpack_shortlink":"https:\/\/wp.me\/p62QDO-1eS","jetpack_sharing_enabled":true,"amp_enabled":true,"_links":{"self":[{"href":"https:\/\/armstrongyregion.com.ar\/diario\/wp-json\/wp\/v2\/posts\/4766","targetHints":{"allow":["GET"]}}],"collection":[{"href":"https:\/\/armstrongyregion.com.ar\/diario\/wp-json\/wp\/v2\/posts"}],"about":[{"href":"https:\/\/armstrongyregion.com.ar\/diario\/wp-json\/wp\/v2\/types\/post"}],"author":[{"embeddable":true,"href":"https:\/\/armstrongyregion.com.ar\/diario\/wp-json\/wp\/v2\/users\/2"}],"replies":[{"embeddable":true,"href":"https:\/\/armstrongyregion.com.ar\/diario\/wp-json\/wp\/v2\/comments?post=4766"}],"version-history":[{"count":0,"href":"https:\/\/armstrongyregion.com.ar\/diario\/wp-json\/wp\/v2\/posts\/4766\/revisions"}],"wp:featuredmedia":[{"embeddable":true,"href":"https:\/\/armstrongyregion.com.ar\/diario\/wp-json\/wp\/v2\/media\/4767"}],"wp:attachment":[{"href":"https:\/\/armstrongyregion.com.ar\/diario\/wp-json\/wp\/v2\/media?parent=4766"}],"wp:term":[{"taxonomy":"category","embeddable":true,"href":"https:\/\/armstrongyregion.com.ar\/diario\/wp-json\/wp\/v2\/categories?post=4766"},{"taxonomy":"post_tag","embeddable":true,"href":"https:\/\/armstrongyregion.com.ar\/diario\/wp-json\/wp\/v2\/tags?post=4766"}],"curies":[{"name":"wp","href":"https:\/\/api.w.org\/{rel}","templated":true}]}}