{"id":47657,"date":"2025-12-09T14:05:01","date_gmt":"2025-12-09T14:05:01","guid":{"rendered":"https:\/\/armstrongyregion.com.ar\/diario\/?p=47657"},"modified":"2025-12-09T14:05:02","modified_gmt":"2025-12-09T14:05:02","slug":"armstrong-cierre-del-ano-para-los-cursos-de-capacitacion","status":"publish","type":"post","link":"https:\/\/armstrongyregion.com.ar\/diario\/armstrong-cierre-del-ano-para-los-cursos-de-capacitacion\/","title":{"rendered":"Armstrong. Cierre del a\u00f1o para los cursos de capacitaci\u00f3n."},"content":{"rendered":"\n<figure class=\"wp-block-image size-full\"><img loading=\"lazy\" decoding=\"async\" width=\"540\" height=\"360\" src=\"https:\/\/armstrongyregion.com.ar\/diario\/wp-content\/uploads\/2025\/12\/CAPACITACION-MUNI-1.jpg\" alt=\"\" class=\"wp-image-47658\" srcset=\"https:\/\/armstrongyregion.com.ar\/diario\/wp-content\/uploads\/2025\/12\/CAPACITACION-MUNI-1.jpg 540w, https:\/\/armstrongyregion.com.ar\/diario\/wp-content\/uploads\/2025\/12\/CAPACITACION-MUNI-1-300x200.jpg 300w\" sizes=\"auto, (max-width: 540px) 100vw, 540px\" \/><\/figure>\n\n\n\n<p>El jueves 4 de diciembre, en el auditorio Delmo Dar\u00f3 se realiz\u00f3 la entrega de certificados a<br>los asistentes a los cursos de capacitaci\u00f3n laboral propuestos por la Municipalidad de<br>Armstrong.<\/p>\n\n\n\n<figure class=\"wp-block-image size-full\"><img loading=\"lazy\" decoding=\"async\" width=\"540\" height=\"360\" src=\"https:\/\/armstrongyregion.com.ar\/diario\/wp-content\/uploads\/2025\/12\/CAPACITACION-MUNI.2.jpg\" alt=\"\" class=\"wp-image-47659\" srcset=\"https:\/\/armstrongyregion.com.ar\/diario\/wp-content\/uploads\/2025\/12\/CAPACITACION-MUNI.2.jpg 540w, https:\/\/armstrongyregion.com.ar\/diario\/wp-content\/uploads\/2025\/12\/CAPACITACION-MUNI.2-300x200.jpg 300w\" sizes=\"auto, (max-width: 540px) 100vw, 540px\" \/><\/figure>\n\n\n\n<p><br>Autoridades, representantes de instituciones y empresas locales, familias, p\u00fablico en<br>general acompa\u00f1aron en este momento tan significativo.<\/p>\n\n\n\n<figure class=\"wp-block-image size-large\"><img loading=\"lazy\" decoding=\"async\" width=\"640\" height=\"427\" src=\"https:\/\/armstrongyregion.com.ar\/diario\/wp-content\/uploads\/2025\/12\/CAPACITACION-MUNI-3--640x427.jpg\" alt=\"\" class=\"wp-image-47660\" srcset=\"https:\/\/armstrongyregion.com.ar\/diario\/wp-content\/uploads\/2025\/12\/CAPACITACION-MUNI-3--640x427.jpg 640w, https:\/\/armstrongyregion.com.ar\/diario\/wp-content\/uploads\/2025\/12\/CAPACITACION-MUNI-3--300x200.jpg 300w, https:\/\/armstrongyregion.com.ar\/diario\/wp-content\/uploads\/2025\/12\/CAPACITACION-MUNI-3-.jpg 703w\" sizes=\"auto, (max-width: 640px) 100vw, 640px\" \/><\/figure>\n\n\n\n<p><br>Estas capacitaciones forman parte del Programa Impulsa, Aprender, Producir, Trabajar,<br>iniciativa liderada por el gabinete productivo de la Provincia de Santa Fe.<br>Este plan se centra en la sinergia entre el Ministerio de Educaci\u00f3n, el Ministerio de<br>Desarrollo Productivo y el Ministerio de Trabajo, Empleo y Seguridad Social, con el objetivo<br>de coordinar estrat\u00e9gicamente la capacitaci\u00f3n laboral y la formaci\u00f3n profesional de las<br>personas.<\/p>\n\n\n\n<figure class=\"wp-block-image size-full\"><img loading=\"lazy\" decoding=\"async\" width=\"540\" height=\"360\" src=\"https:\/\/armstrongyregion.com.ar\/diario\/wp-content\/uploads\/2025\/12\/CAPACITACION-MUNI-4-.jpg\" alt=\"\" class=\"wp-image-47661\" srcset=\"https:\/\/armstrongyregion.com.ar\/diario\/wp-content\/uploads\/2025\/12\/CAPACITACION-MUNI-4-.jpg 540w, https:\/\/armstrongyregion.com.ar\/diario\/wp-content\/uploads\/2025\/12\/CAPACITACION-MUNI-4--300x200.jpg 300w\" sizes=\"auto, (max-width: 540px) 100vw, 540px\" \/><\/figure>\n\n\n\n<p><br>Su desaf\u00edo es mejorar sustancialmente las condiciones de empleabilidad, aline\u00e1ndose con<br>las necesidades del sector privado, optimizando las matrices productivas y atendiendo a las<br>\u00e1reas estrat\u00e9gicas que definen el territorio provincial. As\u00ed, se pretende equipar a los<br>ciudadanos con herramientas que potencien su inserci\u00f3n en el mercado laboral y<br>contribuyan al incremento de la productividad dentro de la Provincia de Santa Fe.<br>Entre el Ministerio de Educaci\u00f3n, el Ministerio de Desarrollo Productivo y el Ministerio de<br>Trabajo, Empleo y Seguridad Social se concentra una gran cantidad de oferta formativa a lo<br>largo y a lo ancho de la provincia, con certificaci\u00f3n oficial, espacios de aprendizaje<br>continuos, capacidad instalada para realizarlo y programas que acompa\u00f1an el<br>funcionamiento de los mismos.<br>Esta propuesta ha sido tomada por el municipio local conjuntamente con la Universidad<br>Tecnol\u00f3gica Nacional para acercar m\u00e1s posibilidades a los vecinos interesados.<br>En la oportunidad, recibieron su certificado 17 personas por el taller de soldadura, 16 por el<br>curso de auxiliar mec\u00e1nico en motores nafteros, y 10 por confeccionista a medida.<br>En el curso de auxiliar mec\u00e1nico participaron con clases especiales la Sra. Jesica Carmona<br>por Higiene y Seguridad en el Trabajo, y el Sr. Ezequiel Arregui, con Dibujo T\u00e9cnico, y se<br>destaca que alumnos de 6\u00b0 a\u00f1o de la Escuela T\u00e9cnica participaron del mismo, lo que<br>demuestra una vez m\u00e1s, el compromiso de los j\u00f3venes con la educaci\u00f3n y desarrollo de<br>nuestra ciudad.<br>Las Secretarias del gabinete municipal Rosana Siri y Julieta Lambertucci hicieron entrega de<br>2 m\u00e1scaras para soldadura al Director de la escuela de Educaci\u00f3n T\u00e9cnica N\u00b0 291 Prof.<br>Miguel Herrera, a modo de reconocimiento y agradecimiento por haber cedido sus<br>instalaciones para el desarrollo del curso de auxiliar mec\u00e1nico.<\/p>\n\n\n\n<p><\/p>\n","protected":false},"excerpt":{"rendered":"<p>El jueves 4 de diciembre, en el auditorio Delmo Dar\u00f3 se realiz\u00f3 la entrega de certificados alos asistentes a los cursos de capacitaci\u00f3n laboral propuestos por la Municipalidad deArmstrong. Autoridades, representantes de instituciones y empresas locales, familias, p\u00fablico engeneral acompa\u00f1aron en este momento tan significativo. Estas capacitaciones forman parte del Programa Impulsa, Aprender, Producir, Trabajar,iniciativa <a href=\"https:\/\/armstrongyregion.com.ar\/diario\/armstrong-cierre-del-ano-para-los-cursos-de-capacitacion\/\" title=\"Read more\" >&#8230;<\/a><\/p>\n","protected":false},"author":1,"featured_media":47658,"comment_status":"open","ping_status":"open","sticky":false,"template":"","format":"image","meta":{"_jetpack_memberships_contains_paid_content":false,"footnotes":"","jetpack_publicize_message":"","jetpack_publicize_feature_enabled":true,"jetpack_social_post_already_shared":true,"jetpack_social_options":{"image_generator_settings":{"template":"highway","default_image_id":0,"enabled":false},"version":2}},"categories":[8,1,2,7,3],"tags":[154,20,334,12208,19],"class_list":["post-47657","post","type-post","status-publish","format-image","has-post-thumbnail","hentry","category-deliberando","category-diario-armstrong","category-locales","category-politica","category-region","tag-ano","tag-armstrong","tag-cierre","tag-cursos-de-capacitacion","tag-de","post_format-post-format-image"],"jetpack_publicize_connections":[],"jetpack_featured_media_url":"https:\/\/armstrongyregion.com.ar\/diario\/wp-content\/uploads\/2025\/12\/CAPACITACION-MUNI-1.jpg","jetpack_shortlink":"https:\/\/wp.me\/p62QDO-coF","jetpack_sharing_enabled":true,"amp_enabled":true,"_links":{"self":[{"href":"https:\/\/armstrongyregion.com.ar\/diario\/wp-json\/wp\/v2\/posts\/47657","targetHints":{"allow":["GET"]}}],"collection":[{"href":"https:\/\/armstrongyregion.com.ar\/diario\/wp-json\/wp\/v2\/posts"}],"about":[{"href":"https:\/\/armstrongyregion.com.ar\/diario\/wp-json\/wp\/v2\/types\/post"}],"author":[{"embeddable":true,"href":"https:\/\/armstrongyregion.com.ar\/diario\/wp-json\/wp\/v2\/users\/1"}],"replies":[{"embeddable":true,"href":"https:\/\/armstrongyregion.com.ar\/diario\/wp-json\/wp\/v2\/comments?post=47657"}],"version-history":[{"count":1,"href":"https:\/\/armstrongyregion.com.ar\/diario\/wp-json\/wp\/v2\/posts\/47657\/revisions"}],"predecessor-version":[{"id":47662,"href":"https:\/\/armstrongyregion.com.ar\/diario\/wp-json\/wp\/v2\/posts\/47657\/revisions\/47662"}],"wp:featuredmedia":[{"embeddable":true,"href":"https:\/\/armstrongyregion.com.ar\/diario\/wp-json\/wp\/v2\/media\/47658"}],"wp:attachment":[{"href":"https:\/\/armstrongyregion.com.ar\/diario\/wp-json\/wp\/v2\/media?parent=47657"}],"wp:term":[{"taxonomy":"category","embeddable":true,"href":"https:\/\/armstrongyregion.com.ar\/diario\/wp-json\/wp\/v2\/categories?post=47657"},{"taxonomy":"post_tag","embeddable":true,"href":"https:\/\/armstrongyregion.com.ar\/diario\/wp-json\/wp\/v2\/tags?post=47657"}],"curies":[{"name":"wp","href":"https:\/\/api.w.org\/{rel}","templated":true}]}}