{"id":47645,"date":"2025-12-04T13:21:44","date_gmt":"2025-12-04T13:21:44","guid":{"rendered":"https:\/\/armstrongyregion.com.ar\/diario\/?p=47645"},"modified":"2025-12-04T13:21:46","modified_gmt":"2025-12-04T13:21:46","slug":"primera-promocion-de-la-extension-aulica-de-la-utn-en-armstrong","status":"publish","type":"post","link":"https:\/\/armstrongyregion.com.ar\/diario\/primera-promocion-de-la-extension-aulica-de-la-utn-en-armstrong\/","title":{"rendered":"Primera Promoci\u00f3n de la Extensi\u00f3n \u00c1ulica de la UTN en Armstrong."},"content":{"rendered":"\n<figure class=\"wp-block-image size-full\"><img loading=\"lazy\" decoding=\"async\" width=\"640\" height=\"427\" src=\"https:\/\/armstrongyregion.com.ar\/diario\/wp-content\/uploads\/2025\/12\/ACTO-UTN-1-.jpg\" alt=\"\" class=\"wp-image-47646\" srcset=\"https:\/\/armstrongyregion.com.ar\/diario\/wp-content\/uploads\/2025\/12\/ACTO-UTN-1-.jpg 640w, https:\/\/armstrongyregion.com.ar\/diario\/wp-content\/uploads\/2025\/12\/ACTO-UTN-1--300x200.jpg 300w\" sizes=\"auto, (max-width: 640px) 100vw, 640px\" \/><\/figure>\n\n\n\n<p>El mi\u00e9rcoles 3 de diciembre en el auditorio Delmo Dar\u00f3 de la Municipalidad de Armstrong se realiz\u00f3<br>el acto acad\u00e9mico de colaci\u00f3n de grados de la primera promoci\u00f3n de la extensi\u00f3n \u00e1ulica de la<br>Universidad Tecnol\u00f3gica Nacional (UTN), a partir de un comprometido trabajo llevado adelante por<br>ambas instituciones.<\/p>\n\n\n\n<figure class=\"wp-block-image size-full\"><img loading=\"lazy\" decoding=\"async\" width=\"640\" height=\"427\" src=\"https:\/\/armstrongyregion.com.ar\/diario\/wp-content\/uploads\/2025\/12\/ACTO-UTN-2.jpg\" alt=\"\" class=\"wp-image-47647\" srcset=\"https:\/\/armstrongyregion.com.ar\/diario\/wp-content\/uploads\/2025\/12\/ACTO-UTN-2.jpg 640w, https:\/\/armstrongyregion.com.ar\/diario\/wp-content\/uploads\/2025\/12\/ACTO-UTN-2-300x200.jpg 300w\" sizes=\"auto, (max-width: 640px) 100vw, 640px\" \/><\/figure>\n\n\n\n<figure class=\"wp-block-image size-full\"><img loading=\"lazy\" decoding=\"async\" width=\"640\" height=\"427\" src=\"https:\/\/armstrongyregion.com.ar\/diario\/wp-content\/uploads\/2025\/12\/ACTO-UTN-3.jpg\" alt=\"\" class=\"wp-image-47648\" srcset=\"https:\/\/armstrongyregion.com.ar\/diario\/wp-content\/uploads\/2025\/12\/ACTO-UTN-3.jpg 640w, https:\/\/armstrongyregion.com.ar\/diario\/wp-content\/uploads\/2025\/12\/ACTO-UTN-3-300x200.jpg 300w\" sizes=\"auto, (max-width: 640px) 100vw, 640px\" \/><\/figure>\n\n\n\n<p><br>El mismo fue presidido por el Vicedecano de la Facultad Regional Rosario Ing. Antonio Mui\u00f1os, y se<br>encontraban presentes autoridades municipales, representantes de instituciones locales, personal<br>docente, no docente, coordinadores pedag\u00f3gicos, familiares de los graduados y p\u00fablico en general.<br>Recibieron su diploma y medalla los siguientes graduados:<br>Tecnicatura Universitaria en Mantenimiento Industrial: Oberlin, Alejandro<br>Pomerantz, Kevin<br>Vacchino, Mat\u00edas<br>Tecnicatura Universitaria en Programaci\u00f3n: \u00c1vila, Brian<br>Blanco, Ignacio<br>Franceschina, Gonzalo<br>Moccicafreddo, Juan<br>Muzzio, Lorenzo<br>Palanca, Mat\u00edas<br>Schaer, Federico<br>Zuliani, Tiziana<br>La Secretaria de Educaci\u00f3n y Desarrollo Integral Rosana Siri manifest\u00f3: \u201dVenimos apostando a la<br>educaci\u00f3n desde hace mucho tiempo y tomar la decisi\u00f3n en forma conjunta el municipio con UTN de<br>que esta extensi\u00f3n est\u00e9 aqu\u00ed en la ciudad, es un antes y un despu\u00e9s para la educaci\u00f3n\u201d.<\/p>\n","protected":false},"excerpt":{"rendered":"<p>El mi\u00e9rcoles 3 de diciembre en el auditorio Delmo Dar\u00f3 de la Municipalidad de Armstrong se realiz\u00f3el acto acad\u00e9mico de colaci\u00f3n de grados de la primera promoci\u00f3n de la extensi\u00f3n \u00e1ulica de laUniversidad Tecnol\u00f3gica Nacional (UTN), a partir de un comprometido trabajo llevado adelante porambas instituciones. El mismo fue presidido por el Vicedecano de la <a href=\"https:\/\/armstrongyregion.com.ar\/diario\/primera-promocion-de-la-extension-aulica-de-la-utn-en-armstrong\/\" title=\"Read more\" >&#8230;<\/a><\/p>\n","protected":false},"author":1,"featured_media":47646,"comment_status":"open","ping_status":"open","sticky":false,"template":"","format":"image","meta":{"_jetpack_memberships_contains_paid_content":false,"footnotes":"","jetpack_publicize_message":"","jetpack_publicize_feature_enabled":true,"jetpack_social_post_already_shared":true,"jetpack_social_options":{"image_generator_settings":{"template":"highway","default_image_id":0,"enabled":false},"version":2}},"categories":[8,1,2,7,3],"tags":[5030,12203,12202,9379],"class_list":["post-47645","post","type-post","status-publish","format-image","has-post-thumbnail","hentry","category-deliberando","category-diario-armstrong","category-locales","category-politica","category-region","tag-diario-armstrong","tag-extension-aulica","tag-primera-promocion","tag-utn","post_format-post-format-image"],"jetpack_publicize_connections":[],"jetpack_featured_media_url":"https:\/\/armstrongyregion.com.ar\/diario\/wp-content\/uploads\/2025\/12\/ACTO-UTN-1-.jpg","jetpack_shortlink":"https:\/\/wp.me\/p62QDO-cot","jetpack_sharing_enabled":true,"amp_enabled":true,"_links":{"self":[{"href":"https:\/\/armstrongyregion.com.ar\/diario\/wp-json\/wp\/v2\/posts\/47645","targetHints":{"allow":["GET"]}}],"collection":[{"href":"https:\/\/armstrongyregion.com.ar\/diario\/wp-json\/wp\/v2\/posts"}],"about":[{"href":"https:\/\/armstrongyregion.com.ar\/diario\/wp-json\/wp\/v2\/types\/post"}],"author":[{"embeddable":true,"href":"https:\/\/armstrongyregion.com.ar\/diario\/wp-json\/wp\/v2\/users\/1"}],"replies":[{"embeddable":true,"href":"https:\/\/armstrongyregion.com.ar\/diario\/wp-json\/wp\/v2\/comments?post=47645"}],"version-history":[{"count":1,"href":"https:\/\/armstrongyregion.com.ar\/diario\/wp-json\/wp\/v2\/posts\/47645\/revisions"}],"predecessor-version":[{"id":47649,"href":"https:\/\/armstrongyregion.com.ar\/diario\/wp-json\/wp\/v2\/posts\/47645\/revisions\/47649"}],"wp:featuredmedia":[{"embeddable":true,"href":"https:\/\/armstrongyregion.com.ar\/diario\/wp-json\/wp\/v2\/media\/47646"}],"wp:attachment":[{"href":"https:\/\/armstrongyregion.com.ar\/diario\/wp-json\/wp\/v2\/media?parent=47645"}],"wp:term":[{"taxonomy":"category","embeddable":true,"href":"https:\/\/armstrongyregion.com.ar\/diario\/wp-json\/wp\/v2\/categories?post=47645"},{"taxonomy":"post_tag","embeddable":true,"href":"https:\/\/armstrongyregion.com.ar\/diario\/wp-json\/wp\/v2\/tags?post=47645"}],"curies":[{"name":"wp","href":"https:\/\/api.w.org\/{rel}","templated":true}]}}