{"id":47640,"date":"2025-12-04T01:51:34","date_gmt":"2025-12-04T01:51:34","guid":{"rendered":"https:\/\/armstrongyregion.com.ar\/diario\/?p=47640"},"modified":"2025-12-04T01:51:36","modified_gmt":"2025-12-04T01:51:36","slug":"dictan-prision-preventiva-para-un-acusado-de-multiples-delitos-en-armstrong","status":"publish","type":"post","link":"https:\/\/armstrongyregion.com.ar\/diario\/dictan-prision-preventiva-para-un-acusado-de-multiples-delitos-en-armstrong\/","title":{"rendered":"Dictan prisi\u00f3n preventiva para un acusado de m\u00faltiples delitos en Armstrong."},"content":{"rendered":"\n<figure class=\"wp-block-image size-full\"><img loading=\"lazy\" decoding=\"async\" width=\"575\" height=\"394\" src=\"https:\/\/armstrongyregion.com.ar\/diario\/wp-content\/uploads\/2025\/12\/ARMSTRONG-CITY-.jpg\" alt=\"\" class=\"wp-image-47641\" srcset=\"https:\/\/armstrongyregion.com.ar\/diario\/wp-content\/uploads\/2025\/12\/ARMSTRONG-CITY-.jpg 575w, https:\/\/armstrongyregion.com.ar\/diario\/wp-content\/uploads\/2025\/12\/ARMSTRONG-CITY--300x206.jpg 300w\" sizes=\"auto, (max-width: 575px) 100vw, 575px\" \/><\/figure>\n\n\n\n<h2 class=\"wp-block-heading\">El juez Lanfranco Pari aval\u00f3 el pedido del fiscal en Ca\u00f1ada de G\u00f3mez. A F.A. se le imputan violaci\u00f3n de domicilio, hurto y robo de una moto.<\/h2>\n\n\n\n<p>En una audiencia imputativa celebrada este mi\u00e9rcoles 3 de diciembre de 2025 en los Tribunales Provinciales de Ca\u00f1ada de G\u00f3mez, la justicia dispuso la prisi\u00f3n preventiva para el identificado como F.A. La medida,\u00a0<strong>que se extender\u00e1 por un plazo de 90 d\u00edas,<\/strong>\u00a0fue dictada por el Juez de Primera Instancia, Dr. Guillermo Lanfranco Pari, quien hizo lugar al pedido formulado por la Fiscal\u00eda.<\/p>\n\n\n\n<p>El Fiscal Juan Pablo Ba\u00f1os le atribuy\u00f3 al imputado la autor\u00eda de tres hechos delictivos ocurridos durante el mes de noviembre en la localidad de Armstrong. Las calificaciones legales incluyen violaci\u00f3n de domicilio, hurto simple y robo calificado de veh\u00edculo dejado en la v\u00eda p\u00fablica, todos en grado consumado.<\/p>\n\n\n\n<h3 class=\"wp-block-heading\">Los hechos imputados<\/h3>\n\n\n\n<p>La investigaci\u00f3n penal detalla una seguidilla de il\u00edcitos. El&nbsp;<strong>primero ocurri\u00f3 el 17 de noviembre<\/strong>&nbsp;cerca de las 16:20 horas. Seg\u00fan la acusaci\u00f3n, F.A. ingres\u00f3 sin autorizaci\u00f3n a un domicilio de calle Presidente Per\u00f3n al 1400, accediendo por la puerta de un lavadero que conecta con un patio lindero.<\/p>\n\n\n\n<p><strong>Al d\u00eda siguiente, el 18 de noviembre<\/strong>&nbsp;a las 06:15 horas, el imputado habr\u00eda entrado a una vivienda en calle Ecuador al 1500. En esta ocasi\u00f3n, ingres\u00f3 por un balc\u00f3n trasero y sustrajo dos joysticks de PlayStation 5, uno blanco y uno negro.<\/p>\n\n\n\n<h3 class=\"wp-block-heading\">Robo de motocicleta<\/h3>\n\n\n\n<p>El hecho m\u00e1s grave tuvo lugar&nbsp;<strong>el 30 de noviembre<\/strong>&nbsp;a las 06:01 horas. Se le atribuye haberse apoderado ileg\u00edtimamente de una motocicleta Honda CG 150 Titan negra. El rodado estaba en una cochera de un complejo de viviendas en calle Cuffia al 2100, cuyo port\u00f3n se encontraba abierto. El acusado se llev\u00f3 la moto a tiro y da\u00f1\u00f3 el tambor de encendido para ponerla en marcha, situaci\u00f3n que fue constatada posteriormente por personal policial.<\/p>\n\n\n\n<p><strong>Fuente:<\/strong><br><strong>Fiscal\u00eda Regional 2 \u00b7 MPA<\/strong><\/p>\n","protected":false},"excerpt":{"rendered":"<p>El juez Lanfranco Pari aval\u00f3 el pedido del fiscal en Ca\u00f1ada de G\u00f3mez. A F.A. se le imputan violaci\u00f3n de domicilio, hurto y robo de una moto. En una audiencia imputativa celebrada este mi\u00e9rcoles 3 de diciembre de 2025 en los Tribunales Provinciales de Ca\u00f1ada de G\u00f3mez, la justicia dispuso la prisi\u00f3n preventiva para el <a href=\"https:\/\/armstrongyregion.com.ar\/diario\/dictan-prision-preventiva-para-un-acusado-de-multiples-delitos-en-armstrong\/\" title=\"Read more\" >&#8230;<\/a><\/p>\n","protected":false},"author":1,"featured_media":47641,"comment_status":"open","ping_status":"open","sticky":false,"template":"","format":"image","meta":{"_jetpack_memberships_contains_paid_content":false,"footnotes":"","jetpack_publicize_message":"","jetpack_publicize_feature_enabled":true,"jetpack_social_post_already_shared":true,"jetpack_social_options":{"image_generator_settings":{"template":"highway","default_image_id":0,"enabled":false},"version":2}},"categories":[8,1,2,2852,7,3],"tags":[12200,20,5030,3956,12201,8904,2605],"class_list":["post-47640","post","type-post","status-publish","format-image","has-post-thumbnail","hentry","category-deliberando","category-diario-armstrong","category-locales","category-policiales","category-politica","category-region","tag-acusado","tag-armstrong","tag-diario-armstrong","tag-dictan","tag-multiples-robos","tag-preventiva","tag-prision","post_format-post-format-image"],"jetpack_publicize_connections":[],"jetpack_featured_media_url":"https:\/\/armstrongyregion.com.ar\/diario\/wp-content\/uploads\/2025\/12\/ARMSTRONG-CITY-.jpg","jetpack_shortlink":"https:\/\/wp.me\/p62QDO-coo","jetpack_sharing_enabled":true,"amp_enabled":true,"_links":{"self":[{"href":"https:\/\/armstrongyregion.com.ar\/diario\/wp-json\/wp\/v2\/posts\/47640","targetHints":{"allow":["GET"]}}],"collection":[{"href":"https:\/\/armstrongyregion.com.ar\/diario\/wp-json\/wp\/v2\/posts"}],"about":[{"href":"https:\/\/armstrongyregion.com.ar\/diario\/wp-json\/wp\/v2\/types\/post"}],"author":[{"embeddable":true,"href":"https:\/\/armstrongyregion.com.ar\/diario\/wp-json\/wp\/v2\/users\/1"}],"replies":[{"embeddable":true,"href":"https:\/\/armstrongyregion.com.ar\/diario\/wp-json\/wp\/v2\/comments?post=47640"}],"version-history":[{"count":1,"href":"https:\/\/armstrongyregion.com.ar\/diario\/wp-json\/wp\/v2\/posts\/47640\/revisions"}],"predecessor-version":[{"id":47642,"href":"https:\/\/armstrongyregion.com.ar\/diario\/wp-json\/wp\/v2\/posts\/47640\/revisions\/47642"}],"wp:featuredmedia":[{"embeddable":true,"href":"https:\/\/armstrongyregion.com.ar\/diario\/wp-json\/wp\/v2\/media\/47641"}],"wp:attachment":[{"href":"https:\/\/armstrongyregion.com.ar\/diario\/wp-json\/wp\/v2\/media?parent=47640"}],"wp:term":[{"taxonomy":"category","embeddable":true,"href":"https:\/\/armstrongyregion.com.ar\/diario\/wp-json\/wp\/v2\/categories?post=47640"},{"taxonomy":"post_tag","embeddable":true,"href":"https:\/\/armstrongyregion.com.ar\/diario\/wp-json\/wp\/v2\/tags?post=47640"}],"curies":[{"name":"wp","href":"https:\/\/api.w.org\/{rel}","templated":true}]}}