{"id":47637,"date":"2025-12-03T01:41:57","date_gmt":"2025-12-03T01:41:57","guid":{"rendered":"https:\/\/armstrongyregion.com.ar\/diario\/?p=47637"},"modified":"2025-12-03T01:41:59","modified_gmt":"2025-12-03T01:41:59","slug":"transporte-proyectos-y-futuro-de-belgrano-el-senador-verdecchia-en-un-especial-de-deliberando","status":"publish","type":"post","link":"https:\/\/armstrongyregion.com.ar\/diario\/transporte-proyectos-y-futuro-de-belgrano-el-senador-verdecchia-en-un-especial-de-deliberando\/","title":{"rendered":"Transporte, Proyectos y Futuro de Belgrano. El Senador Verdecchia en un especial de Deliberando."},"content":{"rendered":"\n<figure class=\"wp-block-image size-full\"><img loading=\"lazy\" decoding=\"async\" width=\"536\" height=\"413\" src=\"https:\/\/armstrongyregion.com.ar\/diario\/wp-content\/uploads\/2025\/12\/SENADOR-PABLO-VERDECCHIA-2-12-25.jpg\" alt=\"\" class=\"wp-image-47638\" srcset=\"https:\/\/armstrongyregion.com.ar\/diario\/wp-content\/uploads\/2025\/12\/SENADOR-PABLO-VERDECCHIA-2-12-25.jpg 536w, https:\/\/armstrongyregion.com.ar\/diario\/wp-content\/uploads\/2025\/12\/SENADOR-PABLO-VERDECCHIA-2-12-25-300x231.jpg 300w\" sizes=\"auto, (max-width: 536px) 100vw, 536px\" \/><\/figure>\n\n\n\n<h2 class=\"wp-block-heading\">El programa de televisi\u00f3n <strong>DELIBERANDO<\/strong> se visti\u00f3 de gala para recibir al <strong>Senador Dr. Pablo Verdecchia<\/strong> en una entrevista profunda que abord\u00f3 los temas m\u00e1s sensibles para el Departamento Belgrano. Desde la cr\u00edtica situaci\u00f3n del <strong>transporte p\u00fablico interurbano<\/strong> para docentes y estudiantes hasta los desaf\u00edos de la <strong>seguridad rural<\/strong> y la <strong>gesti\u00f3n de proyectos clave<\/strong> para el desarrollo regional. Si te perdiste el estreno, ten\u00e9s una segunda oportunidad.<\/h2>\n\n\n\n<p>El n\u00facleo de la entrevista se centr\u00f3 en la <strong>problem\u00e1tica del transporte interurbano<\/strong> que afecta diariamente a miles de <strong>docentes y estudiantes<\/strong> en el Departamento Belgrano. El Senador Verdecchia brind\u00f3 un diagn\u00f3stico detallado sobre la <strong>frecuencia y accesibilidad<\/strong> del servicio, especialmente en las zonas rurales. Adem\u00e1s, explic\u00f3 las <strong>medidas concretas y proyectos de ley<\/strong> impulsados desde el Senado para garantizar un servicio digno y evalu\u00f3 la <strong>implementaci\u00f3n del Boleto Educativo Gratuito (BEG)<\/strong>, proponiendo ideas para optimizar su alcance y operatividad en todo el territorio departamental.<\/p>\n\n\n\n<p>La discusi\u00f3n se ampli\u00f3 a la <strong>agenda de desarrollo regional<\/strong>, donde el legislador deline\u00f3 las prioridades para los pr\u00f3ximos a\u00f1os. En este marco, Verdecchia detall\u00f3 su <strong>articulaci\u00f3n de trabajo con Intendentes y Presidentes Comunales<\/strong>, destacando los <strong>mecanismos de coordinaci\u00f3n<\/strong> que utiliza para gestionar recursos y proyectos. Subray\u00f3 la importancia de la colaboraci\u00f3n para impulsar iniciativas que impacten directamente en la calidad de vida de los vecinos, mencionando y detallando brevemente <strong>dos proyectos de ley o gesti\u00f3n<\/strong> que considera cruciales.<\/p>\n\n\n\n<p>El di\u00e1logo tambi\u00e9n se enfoc\u00f3 en el an\u00e1lisis del contexto pol\u00edtico, tanto provincial como nacional. Verdecchia comparti\u00f3 su <strong>evaluaci\u00f3n sobre la gesti\u00f3n del Gobierno Provincial<\/strong> en t\u00e9rminos de inversi\u00f3n en el departamento y su visi\u00f3n sobre la <strong>coparticipaci\u00f3n<\/strong>, proponiendo c\u00f3mo optimizar el flujo de recursos hacia municipios y comunas. En el \u00e1mbito nacional, fij\u00f3 su <strong>postura sobre el paquete de leyes y reformas<\/strong> que impulsa el Gobierno Nacional y el <strong>impacto econ\u00f3mico<\/strong> que estima tendr\u00e1n en las Pymes locales, cerrando con el <strong>principal reclamo<\/strong> que eleva ante la \u00f3rbita central en representaci\u00f3n de su departamento.<\/p>\n\n\n\n<p>Finalmente, se abordaron los desaf\u00edos en el <strong>acceso a servicios de salud de alta complejidad<\/strong> y las <strong>iniciativas en curso para fortalecer hospitales y centros<\/strong> en el Departamento Belgrano. Un programa imperdible, lleno de informaci\u00f3n y propuestas de gesti\u00f3n que todo vecino del departamento deber\u00eda conocer.<\/p>\n\n\n\n<p>REITERACI\u00d3N: <strong>MA\u00d1ANA MI\u00c9RCOLES 3 de Diciembre, 13:30 HS.<\/strong><\/p>\n\n\n\n<p><strong>Programa:<\/strong> <strong>DELIBERANDO<\/strong> POR CABLE IMAGEN ARMSTRONG.<\/p>\n","protected":false},"excerpt":{"rendered":"<p>El programa de televisi\u00f3n DELIBERANDO se visti\u00f3 de gala para recibir al Senador Dr. Pablo Verdecchia en una entrevista profunda que abord\u00f3 los temas m\u00e1s sensibles para el Departamento Belgrano. Desde la cr\u00edtica situaci\u00f3n del transporte p\u00fablico interurbano para docentes y estudiantes hasta los desaf\u00edos de la seguridad rural y la gesti\u00f3n de proyectos clave <a href=\"https:\/\/armstrongyregion.com.ar\/diario\/transporte-proyectos-y-futuro-de-belgrano-el-senador-verdecchia-en-un-especial-de-deliberando\/\" title=\"Read more\" >&#8230;<\/a><\/p>\n","protected":false},"author":1,"featured_media":47638,"comment_status":"open","ping_status":"open","sticky":false,"template":"","format":"image","meta":{"_jetpack_memberships_contains_paid_content":false,"footnotes":"","jetpack_publicize_message":"","jetpack_publicize_feature_enabled":true,"jetpack_social_post_already_shared":true,"jetpack_social_options":{"image_generator_settings":{"template":"highway","default_image_id":0,"enabled":false},"version":2}},"categories":[8,1,2,7,3],"tags":[8606,44,5030,2254,8598,11935,1090],"class_list":["post-47637","post","type-post","status-publish","format-image","has-post-thumbnail","hentry","category-deliberando","category-diario-armstrong","category-locales","category-politica","category-region","tag-belgrano-2","tag-deliberando-2","tag-diario-armstrong","tag-futuro","tag-proyectos-2","tag-senador-dr-pablo-verdecchia-2","tag-transporte","post_format-post-format-image"],"jetpack_publicize_connections":[],"jetpack_featured_media_url":"https:\/\/armstrongyregion.com.ar\/diario\/wp-content\/uploads\/2025\/12\/SENADOR-PABLO-VERDECCHIA-2-12-25.jpg","jetpack_shortlink":"https:\/\/wp.me\/p62QDO-col","jetpack_sharing_enabled":true,"amp_enabled":true,"_links":{"self":[{"href":"https:\/\/armstrongyregion.com.ar\/diario\/wp-json\/wp\/v2\/posts\/47637","targetHints":{"allow":["GET"]}}],"collection":[{"href":"https:\/\/armstrongyregion.com.ar\/diario\/wp-json\/wp\/v2\/posts"}],"about":[{"href":"https:\/\/armstrongyregion.com.ar\/diario\/wp-json\/wp\/v2\/types\/post"}],"author":[{"embeddable":true,"href":"https:\/\/armstrongyregion.com.ar\/diario\/wp-json\/wp\/v2\/users\/1"}],"replies":[{"embeddable":true,"href":"https:\/\/armstrongyregion.com.ar\/diario\/wp-json\/wp\/v2\/comments?post=47637"}],"version-history":[{"count":1,"href":"https:\/\/armstrongyregion.com.ar\/diario\/wp-json\/wp\/v2\/posts\/47637\/revisions"}],"predecessor-version":[{"id":47639,"href":"https:\/\/armstrongyregion.com.ar\/diario\/wp-json\/wp\/v2\/posts\/47637\/revisions\/47639"}],"wp:featuredmedia":[{"embeddable":true,"href":"https:\/\/armstrongyregion.com.ar\/diario\/wp-json\/wp\/v2\/media\/47638"}],"wp:attachment":[{"href":"https:\/\/armstrongyregion.com.ar\/diario\/wp-json\/wp\/v2\/media?parent=47637"}],"wp:term":[{"taxonomy":"category","embeddable":true,"href":"https:\/\/armstrongyregion.com.ar\/diario\/wp-json\/wp\/v2\/categories?post=47637"},{"taxonomy":"post_tag","embeddable":true,"href":"https:\/\/armstrongyregion.com.ar\/diario\/wp-json\/wp\/v2\/tags?post=47637"}],"curies":[{"name":"wp","href":"https:\/\/api.w.org\/{rel}","templated":true}]}}