{"id":47634,"date":"2025-12-03T01:24:30","date_gmt":"2025-12-03T01:24:30","guid":{"rendered":"https:\/\/armstrongyregion.com.ar\/diario\/?p=47634"},"modified":"2025-12-03T01:24:31","modified_gmt":"2025-12-03T01:24:31","slug":"actuaciones-del-coro-de-adultos","status":"publish","type":"post","link":"https:\/\/armstrongyregion.com.ar\/diario\/actuaciones-del-coro-de-adultos\/","title":{"rendered":"Actuaciones del Coro de Adultos."},"content":{"rendered":"\n<figure class=\"wp-block-image size-full\"><img loading=\"lazy\" decoding=\"async\" width=\"640\" height=\"480\" src=\"https:\/\/armstrongyregion.com.ar\/diario\/wp-content\/uploads\/2025\/12\/CORO-ADULTOS-ARMSTRONG.jpg\" alt=\"\" class=\"wp-image-47635\" srcset=\"https:\/\/armstrongyregion.com.ar\/diario\/wp-content\/uploads\/2025\/12\/CORO-ADULTOS-ARMSTRONG.jpg 640w, https:\/\/armstrongyregion.com.ar\/diario\/wp-content\/uploads\/2025\/12\/CORO-ADULTOS-ARMSTRONG-300x225.jpg 300w\" sizes=\"auto, (max-width: 640px) 100vw, 640px\" \/><\/figure>\n\n\n\n<p>El viernes 28 de noviembre, el Coro de Adultos del Conservatorio Municipal de M\u00fasica particip\u00f3 del<br>Encuentro Coral de Rosario, realizado en el Colegio San Bartolom\u00e9.<br>Bajo la direcci\u00f3n de Nanci Roca, la agrupaci\u00f3n present\u00f3 un programa integrado por obras de<br>distintos estilos y \u00e9pocas, compartiendo el trabajo desarrollado durante el a\u00f1o y sum\u00e1ndose al<br>intercambio con coros de la ciudad y la regi\u00f3n.<br>Participaron el Coro de Fisherton bajo la direcci\u00f3n de Javier Moglione y el Coro Abrasones, dirigido<br>por Pablo Elizondo.&nbsp;<br>El encuentro, orientado a fortalecer la vida coral rosarina y promover la circulaci\u00f3n de propuestas<br>musicales, reuni\u00f3 a elencos de diversas trayectorias en un ambiente de colaboraci\u00f3n art\u00edstica.<br>Asimismo, el pasado 18 de octubre el Coro de adultos tambi\u00e9n particip\u00f3 en el Encuentro Coral de<br>Maciel.&nbsp;<br>Este elenco estable del Conservatorio junto a su directora Nanci Roca, expresan su especial<br>agradecimiento al Director del Conservatorio Cristian Gualtieri y a las autoridades municipales de<br>Armstrong, cuyo acompa\u00f1amiento hace posible la continuidad del proyecto, y extiende un<br>reconocimiento especial a todas las personas que integran el coro, por su compromiso, dedicaci\u00f3n y<br>entusiasmo en cada presentaci\u00f3n.<\/p>\n","protected":false},"excerpt":{"rendered":"<p>El viernes 28 de noviembre, el Coro de Adultos del Conservatorio Municipal de M\u00fasica particip\u00f3 delEncuentro Coral de Rosario, realizado en el Colegio San Bartolom\u00e9.Bajo la direcci\u00f3n de Nanci Roca, la agrupaci\u00f3n present\u00f3 un programa integrado por obras dedistintos estilos y \u00e9pocas, compartiendo el trabajo desarrollado durante el a\u00f1o y sum\u00e1ndose alintercambio con coros de <a href=\"https:\/\/armstrongyregion.com.ar\/diario\/actuaciones-del-coro-de-adultos\/\" title=\"Read more\" >&#8230;<\/a><\/p>\n","protected":false},"author":1,"featured_media":47635,"comment_status":"open","ping_status":"open","sticky":false,"template":"","format":"image","meta":{"_jetpack_memberships_contains_paid_content":false,"footnotes":"","jetpack_publicize_message":"","jetpack_publicize_feature_enabled":true,"jetpack_social_post_already_shared":true,"jetpack_social_options":{"image_generator_settings":{"template":"highway","default_image_id":0,"enabled":false},"version":2}},"categories":[6,8,1,2,3],"tags":[10878,20,920,5030],"class_list":["post-47634","post","type-post","status-publish","format-image","has-post-thumbnail","hentry","category-cultura-entretenimiento","category-deliberando","category-diario-armstrong","category-locales","category-region","tag-adultos-2","tag-armstrong","tag-coro","tag-diario-armstrong","post_format-post-format-image"],"jetpack_publicize_connections":[],"jetpack_featured_media_url":"https:\/\/armstrongyregion.com.ar\/diario\/wp-content\/uploads\/2025\/12\/CORO-ADULTOS-ARMSTRONG.jpg","jetpack_shortlink":"https:\/\/wp.me\/p62QDO-coi","jetpack_sharing_enabled":true,"amp_enabled":true,"_links":{"self":[{"href":"https:\/\/armstrongyregion.com.ar\/diario\/wp-json\/wp\/v2\/posts\/47634","targetHints":{"allow":["GET"]}}],"collection":[{"href":"https:\/\/armstrongyregion.com.ar\/diario\/wp-json\/wp\/v2\/posts"}],"about":[{"href":"https:\/\/armstrongyregion.com.ar\/diario\/wp-json\/wp\/v2\/types\/post"}],"author":[{"embeddable":true,"href":"https:\/\/armstrongyregion.com.ar\/diario\/wp-json\/wp\/v2\/users\/1"}],"replies":[{"embeddable":true,"href":"https:\/\/armstrongyregion.com.ar\/diario\/wp-json\/wp\/v2\/comments?post=47634"}],"version-history":[{"count":1,"href":"https:\/\/armstrongyregion.com.ar\/diario\/wp-json\/wp\/v2\/posts\/47634\/revisions"}],"predecessor-version":[{"id":47636,"href":"https:\/\/armstrongyregion.com.ar\/diario\/wp-json\/wp\/v2\/posts\/47634\/revisions\/47636"}],"wp:featuredmedia":[{"embeddable":true,"href":"https:\/\/armstrongyregion.com.ar\/diario\/wp-json\/wp\/v2\/media\/47635"}],"wp:attachment":[{"href":"https:\/\/armstrongyregion.com.ar\/diario\/wp-json\/wp\/v2\/media?parent=47634"}],"wp:term":[{"taxonomy":"category","embeddable":true,"href":"https:\/\/armstrongyregion.com.ar\/diario\/wp-json\/wp\/v2\/categories?post=47634"},{"taxonomy":"post_tag","embeddable":true,"href":"https:\/\/armstrongyregion.com.ar\/diario\/wp-json\/wp\/v2\/tags?post=47634"}],"curies":[{"name":"wp","href":"https:\/\/api.w.org\/{rel}","templated":true}]}}