{"id":47620,"date":"2025-12-02T16:06:39","date_gmt":"2025-12-02T16:06:39","guid":{"rendered":"https:\/\/armstrongyregion.com.ar\/diario\/?p=47620"},"modified":"2025-12-02T16:06:41","modified_gmt":"2025-12-02T16:06:41","slug":"pullaro-entrego-viviendas-en-villa-eloisa-y-valoro-la-eficiencia-del-estado-para-llevar-adelante-obra-publica","status":"publish","type":"post","link":"https:\/\/armstrongyregion.com.ar\/diario\/pullaro-entrego-viviendas-en-villa-eloisa-y-valoro-la-eficiencia-del-estado-para-llevar-adelante-obra-publica\/","title":{"rendered":"Pullaro entreg\u00f3 viviendas en Villa Elo\u00edsa y valor\u00f3 la eficiencia del Estado para llevar adelante obra p\u00fablica."},"content":{"rendered":"\n<figure class=\"wp-block-image size-full\"><img loading=\"lazy\" decoding=\"async\" width=\"640\" height=\"427\" src=\"https:\/\/armstrongyregion.com.ar\/diario\/wp-content\/uploads\/2025\/12\/VIVIENDAS-VILLA-ELOISA-.jpg\" alt=\"\" class=\"wp-image-47621\" srcset=\"https:\/\/armstrongyregion.com.ar\/diario\/wp-content\/uploads\/2025\/12\/VIVIENDAS-VILLA-ELOISA-.jpg 640w, https:\/\/armstrongyregion.com.ar\/diario\/wp-content\/uploads\/2025\/12\/VIVIENDAS-VILLA-ELOISA--300x200.jpg 300w\" sizes=\"auto, (max-width: 640px) 100vw, 640px\" \/><\/figure>\n\n\n\n<h2 class=\"wp-block-heading\">El gobernador encabez\u00f3 el acto junto a la vicegobernadora Gisela Scaglia y el ministro de Obras P\u00fablicas de Santa Fe, Lisandro Enrico. \u201cHemos bajado el costo de la obra p\u00fablica y del Estado en un 40 %, y por eso estamos todos los d\u00edas inaugurando diferentes obras\u201d, valor\u00f3.<\/h2>\n\n\n\n<p>El gobernador de Santa Fe, Maximiliano Pullaro, acompa\u00f1ado de la vicegobernadora Gisela Scaglia y el ministro de Obras P\u00fablicas, Lisandro Enrico, encabez\u00f3 la entrega de seis viviendas en la localidad de Villa Elo\u00edsa, donde el gobierno provincial invierte m\u00e1s de $400 millones.<\/p>\n\n\n\n<p>Durante el acto -donde estuvo presente el presidente comunal Mauricio Tartaglini, autoridades de la regi\u00f3n y funcionarios-, el primer mandatario santafesino remarc\u00f3 la importancia del acceso a la vivienda, se\u00f1alando que \u201csi no fuera por una mano que le tiende el Estado, ser\u00eda imposible poder tener una vivienda\u201d.&nbsp;<\/p>\n\n\n\n<figure class=\"wp-block-image\"><img decoding=\"async\" src=\"https:\/\/ci3.googleusercontent.com\/meips\/ADKq_NYzlU_Oyx9qcl3QrTXWDWlzEWBJ4f2CcQFo8CNzvrtmQBjl2ywQNahmPPPf6cM4kONqXLbbEBQA2-0yhmV2IIlWvW-tqrrlkK_uOGXxwfIZrPz8tsfOFA_NBecweMm0PetwHpnQ3eRD3LaxwsE=s0-d-e1-ft#https:\/\/www.santafe.gov.ar\/noticias\/recursos\/fotos\/2025\/12\/2025-12-02NID_284703O_5.jpeg\" alt=\"\"\/><\/figure>\n\n\n\n<p>Es por ello que expres\u00f3: \u201cLo hacemos con los planes de vivienda, lo hacemos con los Cr\u00e9ditos Nido, que son cr\u00e9ditos con tasa subsidiada para que las personas puedan tener su vivienda propia, y lo vamos a seguir haciendo en un momento muy duro de la econom\u00eda de la Rep\u00fablica Argentina, de la provincia de Santa Fe, donde administrar los recursos p\u00fablicos es muy dif\u00edcil, porque uno tiene que establecer prioridades\u201d.<\/p>\n\n\n\n<p>\u201cEl esfuerzo que hemos hecho durante estos 24 meses hizo que podamos tener un Estado menos pesado, un Estado m\u00e1s barato. Hemos bajado el costo de la obra p\u00fablica y del Estado en un 40%, y por eso estamos todos los d\u00edas inaugurando diferentes obras\u201d, detall\u00f3 el gobernador.&nbsp;<\/p>\n\n\n\n<figure class=\"wp-block-image\"><img decoding=\"async\" src=\"https:\/\/ci3.googleusercontent.com\/meips\/ADKq_NZIg_YlAF1_quRtQBMa-eo0q1vTv5yImtp62orE0Pwi-ychWMVOgstYo6GQCKTSJFGYcdYUNsO98zgbqq8i5VnEuACrm3kTqniIrMOmIA0XveW8sxSiFpKL4Xh8beHGgMgrRrwbrP8mJcFHmaA=s0-d-e1-ft#https:\/\/www.santafe.gov.ar\/noticias\/recursos\/fotos\/2025\/12\/2025-12-02NID_284703O_4.jpeg\" alt=\"\"\/><\/figure>\n\n\n\n<p><strong>Gesti\u00f3n con autoridades locales<\/strong><\/p>\n\n\n\n<p>La vicegobernadora destac\u00f3 que se trata de \u201cun sue\u00f1o: m\u00e1s de 15 a\u00f1os que no hab\u00eda una entrega de viviendas\u201d en la localidad, y valor\u00f3 las gestiones llevadas adelante por las autoridades locales. \u201cEstas casas se construyeron con tanta perseverancia, con tantos viajes a Santa Fe, con tanta gesti\u00f3n para que pudieran suceder\u201d, enfatiz\u00f3.<\/p>\n\n\n\n<figure class=\"wp-block-image\"><img decoding=\"async\" src=\"https:\/\/ci3.googleusercontent.com\/meips\/ADKq_NYakPBZXByfvB-osgzJkNSEOyu7i6JxZjk_UqQTyUeuUnmVPWYNWAbAWstr22vgcdTCBV5Llu1A2lDDlnd-aFxwgkHq9biYfcJ8FPJoMfLgCRyO30TjbFTSwxM3fKhlClN-vOLgO_p_ALUR7_g=s0-d-e1-ft#https:\/\/www.santafe.gov.ar\/noticias\/recursos\/fotos\/2025\/12\/2025-12-02NID_284703O_3.jpeg\" alt=\"\"\/><\/figure>\n\n\n\n<p>En esa misma l\u00ednea, el ministro Enrico indic\u00f3: \u201cNo es relato, no es verso, no son anuncios, son concreciones en poco tiempo. Una buena administraci\u00f3n firme, clara y recta\u201d<\/p>\n\n\n\n<p><strong>Las caracter\u00edsticas de las viviendas<\/strong><\/p>\n\n\n\n<p>Desde la Direcci\u00f3n Provincial de Vivienda y Urbanismo (DPVyU), detallaron que las viviendas son del tipo compacto 50, con dos dormitorios y 56,53 metros cuadrados de superficie. Est\u00e1n ubicadas en Pasaje Martino, entre Hugo Di Filippo y Troiano.<\/p>\n\n\n\n<figure class=\"wp-block-image\"><img decoding=\"async\" src=\"https:\/\/ci3.googleusercontent.com\/meips\/ADKq_NbD03mr7K-vbubYuG4DfijnMGY7oWUIMDzcR6QZUwYD3fQLdOGZaMv0rE3zaqEoRr6rWTCqy-P1I-jAmfYTDaXWZLgvFixSM74KaGcwWp5lxslfTYvQKhbCtzwz9qypiCKW7PVeIHEkuQuDmaE=s0-d-e1-ft#https:\/\/www.santafe.gov.ar\/noticias\/recursos\/fotos\/2025\/12\/2025-12-02NID_284703O_2.jpeg\" alt=\"\"\/><\/figure>\n\n\n\n<p>Adem\u00e1s, precisaron que las nuevas unidades habitacionales cuentan con infraestructura completa: red vial de estabilizado, alumbrado p\u00fablico, desag\u00fces pluviales a cuneta, servicio de energ\u00eda el\u00e9ctrica, red de cloacas y agua potable. Tambi\u00e9n poseen instalaci\u00f3n de gas envasado.<\/p>\n\n\n\n<figure class=\"wp-block-image\"><img decoding=\"async\" src=\"https:\/\/ci3.googleusercontent.com\/meips\/ADKq_NYJ7WX5jEGhCuwciA6J5gV7dWx0c33J_pbDh81_wYP1zAobGJ_Oju-xbdmqoXVtYfPNxCBOuCETvBoDDhqe5vBk2I8EPwyXe5eqMR3d3YLcxv21FfgKTs4PI3rDgq6HVg-ZhZBJQI8lZhGzzIs=s0-d-e1-ft#https:\/\/www.santafe.gov.ar\/noticias\/recursos\/fotos\/2025\/12\/2025-12-02NID_284703O_1.jpeg\" alt=\"\"\/><\/figure>\n\n\n\n<p><a href=\"https:\/\/www.santafe.gov.ar\/noticias\/recursos\/audios\/2025\/12\/2025-12-02NID_284703O_1.mp3\" target=\"_blank\" rel=\"noreferrer noopener\">Audio Pullaro, Enrico y Scaglia<\/a><\/p>\n","protected":false},"excerpt":{"rendered":"<p>El gobernador encabez\u00f3 el acto junto a la vicegobernadora Gisela Scaglia y el ministro de Obras P\u00fablicas de Santa Fe, Lisandro Enrico. \u201cHemos bajado el costo de la obra p\u00fablica y del Estado en un 40 %, y por eso estamos todos los d\u00edas inaugurando diferentes obras\u201d, valor\u00f3. El gobernador de Santa Fe, Maximiliano Pullaro, <a href=\"https:\/\/armstrongyregion.com.ar\/diario\/pullaro-entrego-viviendas-en-villa-eloisa-y-valoro-la-eficiencia-del-estado-para-llevar-adelante-obra-publica\/\" title=\"Read more\" >&#8230;<\/a><\/p>\n","protected":false},"author":1,"featured_media":47621,"comment_status":"open","ping_status":"open","sticky":false,"template":"","format":"image","meta":{"_jetpack_memberships_contains_paid_content":false,"footnotes":"","jetpack_publicize_message":"","jetpack_publicize_feature_enabled":true,"jetpack_social_post_already_shared":true,"jetpack_social_options":{"image_generator_settings":{"template":"highway","default_image_id":0,"enabled":false},"version":2}},"categories":[8,1,2,7,3],"tags":[5030,12181,2846,11765,104],"class_list":["post-47620","post","type-post","status-publish","format-image","has-post-thumbnail","hentry","category-deliberando","category-diario-armstrong","category-locales","category-politica","category-region","tag-diario-armstrong","tag-obra-publica-2","tag-pullaro","tag-villa-eloisa-2","tag-vivienda","post_format-post-format-image"],"jetpack_publicize_connections":[],"jetpack_featured_media_url":"https:\/\/armstrongyregion.com.ar\/diario\/wp-content\/uploads\/2025\/12\/VIVIENDAS-VILLA-ELOISA-.jpg","jetpack_shortlink":"https:\/\/wp.me\/p62QDO-co4","jetpack_sharing_enabled":true,"amp_enabled":true,"_links":{"self":[{"href":"https:\/\/armstrongyregion.com.ar\/diario\/wp-json\/wp\/v2\/posts\/47620","targetHints":{"allow":["GET"]}}],"collection":[{"href":"https:\/\/armstrongyregion.com.ar\/diario\/wp-json\/wp\/v2\/posts"}],"about":[{"href":"https:\/\/armstrongyregion.com.ar\/diario\/wp-json\/wp\/v2\/types\/post"}],"author":[{"embeddable":true,"href":"https:\/\/armstrongyregion.com.ar\/diario\/wp-json\/wp\/v2\/users\/1"}],"replies":[{"embeddable":true,"href":"https:\/\/armstrongyregion.com.ar\/diario\/wp-json\/wp\/v2\/comments?post=47620"}],"version-history":[{"count":1,"href":"https:\/\/armstrongyregion.com.ar\/diario\/wp-json\/wp\/v2\/posts\/47620\/revisions"}],"predecessor-version":[{"id":47622,"href":"https:\/\/armstrongyregion.com.ar\/diario\/wp-json\/wp\/v2\/posts\/47620\/revisions\/47622"}],"wp:featuredmedia":[{"embeddable":true,"href":"https:\/\/armstrongyregion.com.ar\/diario\/wp-json\/wp\/v2\/media\/47621"}],"wp:attachment":[{"href":"https:\/\/armstrongyregion.com.ar\/diario\/wp-json\/wp\/v2\/media?parent=47620"}],"wp:term":[{"taxonomy":"category","embeddable":true,"href":"https:\/\/armstrongyregion.com.ar\/diario\/wp-json\/wp\/v2\/categories?post=47620"},{"taxonomy":"post_tag","embeddable":true,"href":"https:\/\/armstrongyregion.com.ar\/diario\/wp-json\/wp\/v2\/tags?post=47620"}],"curies":[{"name":"wp","href":"https:\/\/api.w.org\/{rel}","templated":true}]}}