{"id":47617,"date":"2025-12-01T14:31:54","date_gmt":"2025-12-01T14:31:54","guid":{"rendered":"https:\/\/armstrongyregion.com.ar\/diario\/?p=47617"},"modified":"2025-12-01T14:31:56","modified_gmt":"2025-12-01T14:31:56","slug":"se-enciende-la-magia-armstrong-recibe-la-navidad-este-lunes-8-de-diciembre-en-plaza-flotron","status":"publish","type":"post","link":"https:\/\/armstrongyregion.com.ar\/diario\/se-enciende-la-magia-armstrong-recibe-la-navidad-este-lunes-8-de-diciembre-en-plaza-flotron\/","title":{"rendered":"Se enciende la Magia! Armstrong recibe la Navidad este lunes 8 de diciembre en Plaza Flotron."},"content":{"rendered":"\n<figure class=\"wp-block-image size-large\"><img loading=\"lazy\" decoding=\"async\" width=\"384\" height=\"480\" src=\"https:\/\/armstrongyregion.com.ar\/diario\/wp-content\/uploads\/2025\/12\/encendido-arbolito--384x480.jpg\" alt=\"\" class=\"wp-image-47618\" srcset=\"https:\/\/armstrongyregion.com.ar\/diario\/wp-content\/uploads\/2025\/12\/encendido-arbolito--384x480.jpg 384w, https:\/\/armstrongyregion.com.ar\/diario\/wp-content\/uploads\/2025\/12\/encendido-arbolito--240x300.jpg 240w, https:\/\/armstrongyregion.com.ar\/diario\/wp-content\/uploads\/2025\/12\/encendido-arbolito-.jpg 512w\" sizes=\"auto, (max-width: 384px) 100vw, 384px\" \/><\/figure>\n\n\n\n<h2 class=\"wp-block-heading\">La ciudad de Armstrong se prepara para vivir uno de los momentos m\u00e1s esperados del a\u00f1o, dando la bienvenida oficial a las festividades de fin de a\u00f1o con el tradicional <strong>Encendido del Arbolito de Navidad<\/strong>.<\/h2>\n\n\n\n<p>La Municipalidad de Armstrong invita a toda la comunidad y a los vecinos de la regi\u00f3n a participar de este hermoso evento que tendr\u00e1 lugar el pr\u00f3ximo <strong>lunes 8 de diciembre, a partir de las 20 horas, en la emblem\u00e1tica Plaza Flotron<\/strong>.<\/p>\n\n\n\n<h3 class=\"wp-block-heading\">Una Noche de Ilusi\u00f3n para los M\u00e1s Peque\u00f1os<\/h3>\n\n\n\n<p>El evento promete ser un espacio de alegr\u00eda e ilusi\u00f3n, especialmente para los ni\u00f1os. El protagonista de la noche ser\u00e1 nada menos que <strong>Pap\u00e1 Noel<\/strong>, quien llegar\u00e1 acompa\u00f1ado de sus simp\u00e1ticos duendes para compartir un momento inolvidable.<\/p>\n\n\n\n<p>Todos los asistentes tendr\u00e1n la oportunidad de <strong>sacarse una fotograf\u00eda<\/strong> con el ic\u00f3nico personaje navide\u00f1o. Adem\u00e1s, se recuerda a los m\u00e1s peque\u00f1os que no deben olvidar llevar consigo su <strong>cartita de deseos<\/strong>, para entregarla personalmente a Pap\u00e1 Noel.<\/p>\n\n\n\n<p>El acto principal ser\u00e1 el encendido de luces que vestir\u00e1n al \u00e1rbol central, marcando el inicio formal de la temporada navide\u00f1a en la ciudad. Este evento simboliza la uni\u00f3n, la esperanza y el esp\u00edritu de paz que se busca promover en toda la comunidad.<\/p>\n\n\n\n<p>La <strong>Municipalidad de Armstrong<\/strong> extiende la invitaci\u00f3n a todas las familias para reunirse en Plaza Flotron y participar de esta tradici\u00f3n que ilumina la ciudad y el coraz\u00f3n de sus habitantes, prepar\u00e1ndonos para recibir la Navidad en un ambiente de festejo y camarader\u00eda.<\/p>\n","protected":false},"excerpt":{"rendered":"<p>La ciudad de Armstrong se prepara para vivir uno de los momentos m\u00e1s esperados del a\u00f1o, dando la bienvenida oficial a las festividades de fin de a\u00f1o con el tradicional Encendido del Arbolito de Navidad. La Municipalidad de Armstrong invita a toda la comunidad y a los vecinos de la regi\u00f3n a participar de este <a href=\"https:\/\/armstrongyregion.com.ar\/diario\/se-enciende-la-magia-armstrong-recibe-la-navidad-este-lunes-8-de-diciembre-en-plaza-flotron\/\" title=\"Read more\" >&#8230;<\/a><\/p>\n","protected":false},"author":1,"featured_media":47618,"comment_status":"open","ping_status":"open","sticky":false,"template":"","format":"image","meta":{"_jetpack_memberships_contains_paid_content":false,"footnotes":"","jetpack_publicize_message":"","jetpack_publicize_feature_enabled":true,"jetpack_social_post_already_shared":true,"jetpack_social_options":{"image_generator_settings":{"template":"highway","default_image_id":0,"enabled":false},"version":2}},"categories":[6,8,1,2819,2,3],"tags":[12199,20,5030,12198,95,2772],"class_list":["post-47617","post","type-post","status-publish","format-image","has-post-thumbnail","hentry","category-cultura-entretenimiento","category-deliberando","category-diario-armstrong","category-el-pais","category-locales","category-region","tag-8-de-diciembre","tag-armstrong","tag-diario-armstrong","tag-magia","tag-navidad","tag-plaza-flotron","post_format-post-format-image"],"jetpack_publicize_connections":[],"jetpack_featured_media_url":"https:\/\/armstrongyregion.com.ar\/diario\/wp-content\/uploads\/2025\/12\/encendido-arbolito-.jpg","jetpack_shortlink":"https:\/\/wp.me\/p62QDO-co1","jetpack_sharing_enabled":true,"amp_enabled":true,"_links":{"self":[{"href":"https:\/\/armstrongyregion.com.ar\/diario\/wp-json\/wp\/v2\/posts\/47617","targetHints":{"allow":["GET"]}}],"collection":[{"href":"https:\/\/armstrongyregion.com.ar\/diario\/wp-json\/wp\/v2\/posts"}],"about":[{"href":"https:\/\/armstrongyregion.com.ar\/diario\/wp-json\/wp\/v2\/types\/post"}],"author":[{"embeddable":true,"href":"https:\/\/armstrongyregion.com.ar\/diario\/wp-json\/wp\/v2\/users\/1"}],"replies":[{"embeddable":true,"href":"https:\/\/armstrongyregion.com.ar\/diario\/wp-json\/wp\/v2\/comments?post=47617"}],"version-history":[{"count":1,"href":"https:\/\/armstrongyregion.com.ar\/diario\/wp-json\/wp\/v2\/posts\/47617\/revisions"}],"predecessor-version":[{"id":47619,"href":"https:\/\/armstrongyregion.com.ar\/diario\/wp-json\/wp\/v2\/posts\/47617\/revisions\/47619"}],"wp:featuredmedia":[{"embeddable":true,"href":"https:\/\/armstrongyregion.com.ar\/diario\/wp-json\/wp\/v2\/media\/47618"}],"wp:attachment":[{"href":"https:\/\/armstrongyregion.com.ar\/diario\/wp-json\/wp\/v2\/media?parent=47617"}],"wp:term":[{"taxonomy":"category","embeddable":true,"href":"https:\/\/armstrongyregion.com.ar\/diario\/wp-json\/wp\/v2\/categories?post=47617"},{"taxonomy":"post_tag","embeddable":true,"href":"https:\/\/armstrongyregion.com.ar\/diario\/wp-json\/wp\/v2\/tags?post=47617"}],"curies":[{"name":"wp","href":"https:\/\/api.w.org\/{rel}","templated":true}]}}