{"id":47614,"date":"2025-12-01T14:23:28","date_gmt":"2025-12-01T14:23:28","guid":{"rendered":"https:\/\/armstrongyregion.com.ar\/diario\/?p=47614"},"modified":"2025-12-01T14:23:29","modified_gmt":"2025-12-01T14:23:29","slug":"armstrong-exitosa-jornada-de-canje","status":"publish","type":"post","link":"https:\/\/armstrongyregion.com.ar\/diario\/armstrong-exitosa-jornada-de-canje\/","title":{"rendered":"Armstrong. Exitosa jornada de canje."},"content":{"rendered":"\n<figure class=\"wp-block-image size-full\"><img loading=\"lazy\" decoding=\"async\" width=\"504\" height=\"378\" src=\"https:\/\/armstrongyregion.com.ar\/diario\/wp-content\/uploads\/2025\/12\/carlita.jpg\" alt=\"\" class=\"wp-image-47615\" srcset=\"https:\/\/armstrongyregion.com.ar\/diario\/wp-content\/uploads\/2025\/12\/carlita.jpg 504w, https:\/\/armstrongyregion.com.ar\/diario\/wp-content\/uploads\/2025\/12\/carlita-300x225.jpg 300w\" sizes=\"auto, (max-width: 504px) 100vw, 504px\" \/><\/figure>\n\n\n\n<p>Con una gran afluencia de vecinos, el pasado viernes 28 de noviembre se concret\u00f3 la \u00faltima jornada<br>de canje prevista para el presente a\u00f1o.<br>En el marco de la evaluaci\u00f3n anual de nuestro programa ambiental \u201cYo Me Comprometo\u201d, es<br>importante destacar los avances obtenidos durante este periodo y reafirmar la relevancia de las<br>acciones implementadas, especialmente en lo referente al reciclaje.<br>El reciclaje sigue siendo un pilar fundamental dentro de nuestra estrategia ambiental, ya que<br>contribuye directamente a la reducci\u00f3n de residuos enviados a disposici\u00f3n final, disminuye la<br>presi\u00f3n sobre los recursos naturales y promueve una cultura de responsabilidad ambiental.<br>Durante este a\u00f1o se observaron mejoras significativas en la clasificaci\u00f3n adecuada de materiales, la<br>participaci\u00f3n y el aumento en los vol\u00famenes de residuos valorizados, dando como resultado una<br>recolecci\u00f3n de m\u00e1s de 250.000 kilos, mientras que en el 2024 el total hab\u00eda alcanzado los 173.000<br>kg.<br>Sin embargo, tambi\u00e9n se identificaron \u00e1reas que requieren fortalecimiento, como la capacitaci\u00f3n<br>continua y la optimizaci\u00f3n de puntos de acopio. Estos aspectos ser\u00e1n prioritarios en el plan de<br>trabajo del pr\u00f3ximo a\u00f1o.<br>Reafirmamos nuestro compromiso con la mejora continua y con la implementaci\u00f3n de pr\u00e1cticas<br>sostenibles que permitan consolidar un programa ambiental m\u00e1s eficiente y con mayor impacto<br>positivo. El reciclaje, como eje central de nuestras acciones, seguir\u00e1 siendo promovido y reforzado<br>para cumplir con nuestros objetivos de sostenibilidad y responsabilidad social.<\/p>\n\n\n\n<p><\/p>\n","protected":false},"excerpt":{"rendered":"<p>Con una gran afluencia de vecinos, el pasado viernes 28 de noviembre se concret\u00f3 la \u00faltima jornadade canje prevista para el presente a\u00f1o.En el marco de la evaluaci\u00f3n anual de nuestro programa ambiental \u201cYo Me Comprometo\u201d, esimportante destacar los avances obtenidos durante este periodo y reafirmar la relevancia de lasacciones implementadas, especialmente en lo referente <a href=\"https:\/\/armstrongyregion.com.ar\/diario\/armstrong-exitosa-jornada-de-canje\/\" title=\"Read more\" >&#8230;<\/a><\/p>\n","protected":false},"author":1,"featured_media":47615,"comment_status":"open","ping_status":"open","sticky":false,"template":"","format":"image","meta":{"_jetpack_memberships_contains_paid_content":false,"footnotes":"","jetpack_publicize_message":"","jetpack_publicize_feature_enabled":true,"jetpack_social_post_already_shared":true,"jetpack_social_options":{"image_generator_settings":{"template":"highway","default_image_id":0,"enabled":false},"version":2}},"categories":[8,1,2,7,3],"tags":[20,9722,19,5030,1291],"class_list":["post-47614","post","type-post","status-publish","format-image","has-post-thumbnail","hentry","category-deliberando","category-diario-armstrong","category-locales","category-politica","category-region","tag-armstrong","tag-canje","tag-de","tag-diario-armstrong","tag-jornada","post_format-post-format-image"],"jetpack_publicize_connections":[],"jetpack_featured_media_url":"https:\/\/armstrongyregion.com.ar\/diario\/wp-content\/uploads\/2025\/12\/carlita.jpg","jetpack_shortlink":"https:\/\/wp.me\/p62QDO-cnY","jetpack_sharing_enabled":true,"amp_enabled":true,"_links":{"self":[{"href":"https:\/\/armstrongyregion.com.ar\/diario\/wp-json\/wp\/v2\/posts\/47614","targetHints":{"allow":["GET"]}}],"collection":[{"href":"https:\/\/armstrongyregion.com.ar\/diario\/wp-json\/wp\/v2\/posts"}],"about":[{"href":"https:\/\/armstrongyregion.com.ar\/diario\/wp-json\/wp\/v2\/types\/post"}],"author":[{"embeddable":true,"href":"https:\/\/armstrongyregion.com.ar\/diario\/wp-json\/wp\/v2\/users\/1"}],"replies":[{"embeddable":true,"href":"https:\/\/armstrongyregion.com.ar\/diario\/wp-json\/wp\/v2\/comments?post=47614"}],"version-history":[{"count":1,"href":"https:\/\/armstrongyregion.com.ar\/diario\/wp-json\/wp\/v2\/posts\/47614\/revisions"}],"predecessor-version":[{"id":47616,"href":"https:\/\/armstrongyregion.com.ar\/diario\/wp-json\/wp\/v2\/posts\/47614\/revisions\/47616"}],"wp:featuredmedia":[{"embeddable":true,"href":"https:\/\/armstrongyregion.com.ar\/diario\/wp-json\/wp\/v2\/media\/47615"}],"wp:attachment":[{"href":"https:\/\/armstrongyregion.com.ar\/diario\/wp-json\/wp\/v2\/media?parent=47614"}],"wp:term":[{"taxonomy":"category","embeddable":true,"href":"https:\/\/armstrongyregion.com.ar\/diario\/wp-json\/wp\/v2\/categories?post=47614"},{"taxonomy":"post_tag","embeddable":true,"href":"https:\/\/armstrongyregion.com.ar\/diario\/wp-json\/wp\/v2\/tags?post=47614"}],"curies":[{"name":"wp","href":"https:\/\/api.w.org\/{rel}","templated":true}]}}