{"id":47606,"date":"2025-11-30T23:02:17","date_gmt":"2025-11-30T23:02:17","guid":{"rendered":"https:\/\/armstrongyregion.com.ar\/diario\/?p=47606"},"modified":"2025-11-30T23:02:19","modified_gmt":"2025-11-30T23:02:19","slug":"las-obras-en-el-aeropuerto-de-rosario-estan-en-un-82-reabrira-el-29-de-diciembre-con-mas-de-50-frecuencias-semanales-a-destinos-internacionales","status":"publish","type":"post","link":"https:\/\/armstrongyregion.com.ar\/diario\/las-obras-en-el-aeropuerto-de-rosario-estan-en-un-82-reabrira-el-29-de-diciembre-con-mas-de-50-frecuencias-semanales-a-destinos-internacionales\/","title":{"rendered":"Las obras en el Aeropuerto de Rosario est\u00e1n en un 82%: reabrir\u00e1 el 29 de diciembre con m\u00e1s de 50 frecuencias semanales a destinos internacionales."},"content":{"rendered":"\n<figure class=\"wp-block-image size-large\"><img loading=\"lazy\" decoding=\"async\" width=\"640\" height=\"360\" src=\"https:\/\/armstrongyregion.com.ar\/diario\/wp-content\/uploads\/2025\/11\/AEROPUERTO-123-640x360.jpg\" alt=\"\" class=\"wp-image-47607\" srcset=\"https:\/\/armstrongyregion.com.ar\/diario\/wp-content\/uploads\/2025\/11\/AEROPUERTO-123-640x360.jpg 640w, https:\/\/armstrongyregion.com.ar\/diario\/wp-content\/uploads\/2025\/11\/AEROPUERTO-123-300x169.jpg 300w, https:\/\/armstrongyregion.com.ar\/diario\/wp-content\/uploads\/2025\/11\/AEROPUERTO-123.jpg 645w\" sizes=\"auto, (max-width: 640px) 100vw, 640px\" \/><\/figure>\n\n\n\n<h2 class=\"wp-block-heading\">El gobierno provincial inform\u00f3 este domingo que la programaci\u00f3n 2026 incluye refuerzos y nuevas rutas. <\/h2>\n\n\n\n<p>El gobierno provincial inform\u00f3 este domingo que las&nbsp;<strong>obras de&nbsp;transformaci\u00f3n&nbsp;del Aeropuerto Internacional de Rosario&nbsp;ya levan el&nbsp;&nbsp;82 %&nbsp;<\/strong>de avance en la pista y en&nbsp;la reapertura&nbsp;<strong>habr\u00e1 m\u00e1s de 50 frecuencias semanales a destinos internacionales<\/strong>.<\/p>\n\n\n\n<p>\u201cLa conectividad no es solo una cuesti\u00f3n de vuelos: es desarrollo, turismo, trabajo y ampliar la oferta log\u00edstica para que los productos santafesinos lleguen a m\u00e1s destinos.<strong>&nbsp;Rosario est\u00e1 volviendo a ocupar el lugar que merece en el mapa a\u00e9reo internacional<\/strong>\u201d, se\u00f1al\u00f3 el ministro de Desarrollo Productivo, Gustavo Puccini.<\/p>\n\n\n\n<p>La&nbsp;<strong>programaci\u00f3n 2026<\/strong>&nbsp;incluye refuerzos y<strong>&nbsp;nuevas rutas<\/strong>: Aerol\u00edneas Argentinas conectar\u00e1 con Cabo Fr\u00edo, Florian\u00f3polis y R\u00edo de Janeiro; OLA Mayorista, a trav\u00e9s de la aerol\u00ednea Flybondi, organiz\u00f3 paquetes de a\u00e9reo y hoteler\u00eda hacia Macei\u00f3 y Cabo Fr\u00edo; Gol ampliar\u00e1 su operaci\u00f3n a R\u00edo de Janeiro, San Pablo y Florian\u00f3polis; Latam incrementar\u00e1 frecuencias a Lima y abrir\u00e1 la ruta a San Pablo; y Copa Airlines retomar\u00e1 su operaci\u00f3n diaria a Panam\u00e1 con hasta 14 vuelos semanales.&nbsp;<strong>Ser\u00e1n m\u00e1s de 50 frecuencias semanales a destinos internacionales<\/strong>.&nbsp;<\/p>\n\n\n\n<p>Respecto al verano anterior,&nbsp;<strong>Rosario multiplica frecuencias<\/strong>: de tres a once vuelos semanales a R\u00edo de Janeiro; de diez a catorce a Panam\u00e1, y de tres a cinco a Lima. Se incorporan Macei\u00f3 y San Pablo, y se ampl\u00eda la oferta a Florian\u00f3polis y Cabo Fr\u00edo.<\/p>\n\n\n\n<p>\u201cEste crecimiento responde a una pol\u00edtica de&nbsp;<strong>expansi\u00f3n sostenida&nbsp;<\/strong>que combina inversi\u00f3n en infraestructura, acuerdos estrat\u00e9gicos y gesti\u00f3n territorial\u201d, afirm\u00f3 la secretaria de Transporte y Movilidad, M\u00f3nica Alvarado.<\/p>\n\n\n\n<h2 class=\"wp-block-heading\">Obras&nbsp;<\/h2>\n\n\n\n<p><br>El aeropuerto permanece cerrado desde el 20 de septiembre y&nbsp;<strong>reabrir\u00e1 el 29 de diciembre de 2025<\/strong>, justo a tiempo para la temporada alta. Las obras de rehabilitaci\u00f3n -que este fin de semana alcanzaron el 82 % de avance- y balizamiento de pista garantizar\u00e1n mayor seguridad y capacidad operativa.<\/p>\n\n\n\n<p>Mientras tanto, durante el cierre, las&nbsp;<strong>oficinas del Renaper contin\u00faan funcionando con normalidad&nbsp;<\/strong>para poder brindar la atenci\u00f3n necesaria para la emisi\u00f3n de pasaportes y DNI .<\/p>\n\n\n\n<h2 class=\"wp-block-heading\">Un aniversario con m\u00fasica y solidaridad<\/h2>\n\n\n\n<p><br>En el marco de sus 85 a\u00f1os, el Aeropuerto de Rosario celebrar\u00e1 el pr\u00f3ximo&nbsp;<strong>s\u00e1bado 6 de diciembre un espect\u00e1culo \u00fanico en la pista<\/strong>: New Beats Electro Sinf\u00f3nico Solidario, un show que fusiona rock nacional con orquesta sinf\u00f3nica y coro, con versiones de Soda Stereo.<\/p>\n\n\n\n<p>M\u00e1s de&nbsp;<strong>50 m\u00fasicos locales participar\u00e1n de la puesta<\/strong>, y lo recaudado ser\u00e1 destinado a la Fundaci\u00f3n Argentina Onco Hematol\u00f3gica Pedi\u00e1trica (Faohp), que brinda asistencia integral a ni\u00f1os y familias en tratamiento contra el c\u00e1ncer. Las entradas se encuentran en venta en este link:&nbsp;<a href=\"https:\/\/newbeatsband.com\/producto\/soda-electro-sinfonico-coral-air-2025\/\" target=\"_blank\" rel=\"noreferrer noopener\">https:\/\/newbeatsband.com\/producto\/soda-electro-sinfonico-coral-air-2025\/<\/a>.<\/p>\n","protected":false},"excerpt":{"rendered":"<p>El gobierno provincial inform\u00f3 este domingo que la programaci\u00f3n 2026 incluye refuerzos y nuevas rutas. El gobierno provincial inform\u00f3 este domingo que las&nbsp;obras de&nbsp;transformaci\u00f3n&nbsp;del Aeropuerto Internacional de Rosario&nbsp;ya levan el&nbsp;&nbsp;82 %&nbsp;de avance en la pista y en&nbsp;la reapertura&nbsp;habr\u00e1 m\u00e1s de 50 frecuencias semanales a destinos internacionales. \u201cLa conectividad no es solo una cuesti\u00f3n de vuelos: <a href=\"https:\/\/armstrongyregion.com.ar\/diario\/las-obras-en-el-aeropuerto-de-rosario-estan-en-un-82-reabrira-el-29-de-diciembre-con-mas-de-50-frecuencias-semanales-a-destinos-internacionales\/\" title=\"Read more\" >&#8230;<\/a><\/p>\n","protected":false},"author":1,"featured_media":47607,"comment_status":"open","ping_status":"open","sticky":false,"template":"","format":"image","meta":{"_jetpack_memberships_contains_paid_content":false,"footnotes":"","jetpack_publicize_message":"","jetpack_publicize_feature_enabled":true,"jetpack_social_post_already_shared":true,"jetpack_social_options":{"image_generator_settings":{"template":"highway","default_image_id":0,"enabled":false},"version":2}},"categories":[6,8,1,2,7,3],"tags":[12194,12195,9200,11314,5030,10286,8588],"class_list":["post-47606","post","type-post","status-publish","format-image","has-post-thumbnail","hentry","category-cultura-entretenimiento","category-deliberando","category-diario-armstrong","category-locales","category-politica","category-region","tag-29-de-diciembre","tag-50-frecuencias","tag-aeropuerto","tag-destinos","tag-diario-armstrong","tag-internacionales","tag-rosario-2","post_format-post-format-image"],"jetpack_publicize_connections":[],"jetpack_featured_media_url":"https:\/\/armstrongyregion.com.ar\/diario\/wp-content\/uploads\/2025\/11\/AEROPUERTO-123.jpg","jetpack_shortlink":"https:\/\/wp.me\/p62QDO-cnQ","jetpack_sharing_enabled":true,"amp_enabled":true,"_links":{"self":[{"href":"https:\/\/armstrongyregion.com.ar\/diario\/wp-json\/wp\/v2\/posts\/47606","targetHints":{"allow":["GET"]}}],"collection":[{"href":"https:\/\/armstrongyregion.com.ar\/diario\/wp-json\/wp\/v2\/posts"}],"about":[{"href":"https:\/\/armstrongyregion.com.ar\/diario\/wp-json\/wp\/v2\/types\/post"}],"author":[{"embeddable":true,"href":"https:\/\/armstrongyregion.com.ar\/diario\/wp-json\/wp\/v2\/users\/1"}],"replies":[{"embeddable":true,"href":"https:\/\/armstrongyregion.com.ar\/diario\/wp-json\/wp\/v2\/comments?post=47606"}],"version-history":[{"count":1,"href":"https:\/\/armstrongyregion.com.ar\/diario\/wp-json\/wp\/v2\/posts\/47606\/revisions"}],"predecessor-version":[{"id":47608,"href":"https:\/\/armstrongyregion.com.ar\/diario\/wp-json\/wp\/v2\/posts\/47606\/revisions\/47608"}],"wp:featuredmedia":[{"embeddable":true,"href":"https:\/\/armstrongyregion.com.ar\/diario\/wp-json\/wp\/v2\/media\/47607"}],"wp:attachment":[{"href":"https:\/\/armstrongyregion.com.ar\/diario\/wp-json\/wp\/v2\/media?parent=47606"}],"wp:term":[{"taxonomy":"category","embeddable":true,"href":"https:\/\/armstrongyregion.com.ar\/diario\/wp-json\/wp\/v2\/categories?post=47606"},{"taxonomy":"post_tag","embeddable":true,"href":"https:\/\/armstrongyregion.com.ar\/diario\/wp-json\/wp\/v2\/tags?post=47606"}],"curies":[{"name":"wp","href":"https:\/\/api.w.org\/{rel}","templated":true}]}}