{"id":47583,"date":"2025-11-27T01:01:28","date_gmt":"2025-11-27T01:01:28","guid":{"rendered":"https:\/\/armstrongyregion.com.ar\/diario\/?p=47583"},"modified":"2025-11-27T01:01:29","modified_gmt":"2025-11-27T01:01:29","slug":"nueva-jornada-de-canje-yo-me-comprometo","status":"publish","type":"post","link":"https:\/\/armstrongyregion.com.ar\/diario\/nueva-jornada-de-canje-yo-me-comprometo\/","title":{"rendered":"Nueva jornada de canje \u00abYo me Comprometo\u00bb."},"content":{"rendered":"\n<figure class=\"wp-block-image size-full\"><img loading=\"lazy\" decoding=\"async\" width=\"520\" height=\"293\" src=\"https:\/\/armstrongyregion.com.ar\/diario\/wp-content\/uploads\/2025\/11\/jornada-canje-.jpg\" alt=\"\" class=\"wp-image-47584\" srcset=\"https:\/\/armstrongyregion.com.ar\/diario\/wp-content\/uploads\/2025\/11\/jornada-canje-.jpg 520w, https:\/\/armstrongyregion.com.ar\/diario\/wp-content\/uploads\/2025\/11\/jornada-canje--300x169.jpg 300w\" sizes=\"auto, (max-width: 520px) 100vw, 520px\" \/><\/figure>\n\n\n\n<p>La Municipalidad de Armstrong junto al Bloque Unidos del Concejo Municipal invita a<br>participar de una nueva jornada de canje dentro del programa ambiental \u201cYo me<br>Comprometo\u201d que se realizar\u00e1 el viernes 28 de noviembre, de 9 a 13 hs. en la Plaza Santa<br>Rita.<br>Se recibe todo tipo de material reciclable: cart\u00f3n, diarios, revistas, papeles, botellas y<br>envases de vidrio, tapitas, envases, bolsas y recipientes de pl\u00e1stico, ecobotellas, latas de<br>aluminio, de conserva, aerosoles, colillas de cigarrillos, residuos electr\u00f3nicos y el\u00e9ctricos,<br>aceite vegetal usado, pilas y bater\u00edas, telgopor.<br>Tendremos la oportunidad de acercar ese material a dicho punto donde recibiremos<br>compost org\u00e1nico, chip y\/o plantines, adem\u00e1s de tener disponibles los 13 kits de<br>contenedores distribuidos en la ciudad \u00f3 llevarlo a la planta de reciclaje ubicada sobre la<br>Ruta N\u00b0 15, donde luego es procesado, de lunes a viernes de 6:30 a 12:30 y de 14:30 a 18:30<br>hs. S\u00e1bados de 7 a 11 hs.<br>Entre todos hacemos un ambiente m\u00e1s sustentable. Armstrong Recicla. Armstrong Ciudad<br>Educadora.<\/p>\n","protected":false},"excerpt":{"rendered":"<p>La Municipalidad de Armstrong junto al Bloque Unidos del Concejo Municipal invita aparticipar de una nueva jornada de canje dentro del programa ambiental \u201cYo meComprometo\u201d que se realizar\u00e1 el viernes 28 de noviembre, de 9 a 13 hs. en la Plaza SantaRita.Se recibe todo tipo de material reciclable: cart\u00f3n, diarios, revistas, papeles, botellas yenvases de <a href=\"https:\/\/armstrongyregion.com.ar\/diario\/nueva-jornada-de-canje-yo-me-comprometo\/\" title=\"Read more\" >&#8230;<\/a><\/p>\n","protected":false},"author":1,"featured_media":47584,"comment_status":"open","ping_status":"open","sticky":false,"template":"","format":"image","meta":{"_jetpack_memberships_contains_paid_content":false,"footnotes":"","jetpack_publicize_message":"","jetpack_publicize_feature_enabled":true,"jetpack_social_post_already_shared":true,"jetpack_social_options":{"image_generator_settings":{"template":"highway","default_image_id":0,"enabled":false},"version":2}},"categories":[6,8,1,2,7,3],"tags":[9722,19,12188,1291,275,12187],"class_list":["post-47583","post","type-post","status-publish","format-image","has-post-thumbnail","hentry","category-cultura-entretenimiento","category-deliberando","category-diario-armstrong","category-locales","category-politica","category-region","tag-canje","tag-de","tag-diario-aarmstrong","tag-jornada","tag-nueva","tag-yo-me-comprometo","post_format-post-format-image"],"jetpack_publicize_connections":[],"jetpack_featured_media_url":"https:\/\/armstrongyregion.com.ar\/diario\/wp-content\/uploads\/2025\/11\/jornada-canje-.jpg","jetpack_shortlink":"https:\/\/wp.me\/p62QDO-cnt","jetpack_sharing_enabled":true,"amp_enabled":true,"_links":{"self":[{"href":"https:\/\/armstrongyregion.com.ar\/diario\/wp-json\/wp\/v2\/posts\/47583","targetHints":{"allow":["GET"]}}],"collection":[{"href":"https:\/\/armstrongyregion.com.ar\/diario\/wp-json\/wp\/v2\/posts"}],"about":[{"href":"https:\/\/armstrongyregion.com.ar\/diario\/wp-json\/wp\/v2\/types\/post"}],"author":[{"embeddable":true,"href":"https:\/\/armstrongyregion.com.ar\/diario\/wp-json\/wp\/v2\/users\/1"}],"replies":[{"embeddable":true,"href":"https:\/\/armstrongyregion.com.ar\/diario\/wp-json\/wp\/v2\/comments?post=47583"}],"version-history":[{"count":1,"href":"https:\/\/armstrongyregion.com.ar\/diario\/wp-json\/wp\/v2\/posts\/47583\/revisions"}],"predecessor-version":[{"id":47585,"href":"https:\/\/armstrongyregion.com.ar\/diario\/wp-json\/wp\/v2\/posts\/47583\/revisions\/47585"}],"wp:featuredmedia":[{"embeddable":true,"href":"https:\/\/armstrongyregion.com.ar\/diario\/wp-json\/wp\/v2\/media\/47584"}],"wp:attachment":[{"href":"https:\/\/armstrongyregion.com.ar\/diario\/wp-json\/wp\/v2\/media?parent=47583"}],"wp:term":[{"taxonomy":"category","embeddable":true,"href":"https:\/\/armstrongyregion.com.ar\/diario\/wp-json\/wp\/v2\/categories?post=47583"},{"taxonomy":"post_tag","embeddable":true,"href":"https:\/\/armstrongyregion.com.ar\/diario\/wp-json\/wp\/v2\/tags?post=47583"}],"curies":[{"name":"wp","href":"https:\/\/api.w.org\/{rel}","templated":true}]}}