{"id":47569,"date":"2025-11-25T14:04:49","date_gmt":"2025-11-25T14:04:49","guid":{"rendered":"https:\/\/armstrongyregion.com.ar\/diario\/?p=47569"},"modified":"2025-11-25T14:33:23","modified_gmt":"2025-11-25T14:33:23","slug":"pullaro-al-gobierno-nacional-le-pedimos-que-sea-justo-y-cumpla-con-la-provincia-de-santa-fe","status":"publish","type":"post","link":"https:\/\/armstrongyregion.com.ar\/diario\/pullaro-al-gobierno-nacional-le-pedimos-que-sea-justo-y-cumpla-con-la-provincia-de-santa-fe\/","title":{"rendered":"Pullaro: \u201cAl Gobierno nacional le pedimos que sea justo y cumpla con la provincia de Santa Fe\u201d"},"content":{"rendered":"\n<figure class=\"wp-block-image size-full\"><img loading=\"lazy\" decoding=\"async\" width=\"570\" height=\"320\" src=\"https:\/\/armstrongyregion.com.ar\/diario\/wp-content\/uploads\/2025\/11\/PULLARO-GNO.NACIONAL.jpg\" alt=\"\" class=\"wp-image-47570\" srcset=\"https:\/\/armstrongyregion.com.ar\/diario\/wp-content\/uploads\/2025\/11\/PULLARO-GNO.NACIONAL.jpg 570w, https:\/\/armstrongyregion.com.ar\/diario\/wp-content\/uploads\/2025\/11\/PULLARO-GNO.NACIONAL-300x168.jpg 300w\" sizes=\"auto, (max-width: 570px) 100vw, 570px\" \/><\/figure>\n\n\n\n<p>El gobernador Maximiliano Pullaro particip\u00f3 en la localidad de Ceres de la 10\u00aa edici\u00f3n de la Fiesta de la Confraternidad Departamental, celebrada este domingo por la tarde. Estuvo acompa\u00f1ado por la vicegobernadora Gisela Scaglia; el senador Felipe Michlig; el diputado Marcelo Gonz\u00e1lez y la intendenta Alejandra Dupouy. En conferencia de prensa, luego del acto oficial, ante consultas de los medios, el mandatario provincial traz\u00f3 un panorama sobre la relaci\u00f3n con el Gobierno nacional, el alcance de las reformas que impulsa la Casa Rosada y las demandas que Santa Fe considera impostergables.<br>Pullaro sostuvo que la Provincia \u201cha acompa\u00f1ado y seguir\u00e1 acompa\u00f1ando\u201d las acciones promovidas por la Naci\u00f3n, entre ellas la reducci\u00f3n del d\u00e9ficit fiscal. Lo mismo con algunas iniciativas como la modernizaci\u00f3n laboral -\u201cdesde una mirada pyme\u201d, subray\u00f3-, la reforma impositiva, que debe ser coordinada con las provincias, y el endurecimiento de penas a trav\u00e9s de modificaciones al C\u00f3digo Procesal Penal. Sin embargo, remarc\u00f3 que ese respaldo debe ser correspondido. \u201cHab\u00eda cosas que corregir; Argentina no pod\u00eda seguir gastando m\u00e1s de lo que le entra. Pero tambi\u00e9n pedimos que el Gobierno nacional sea justo con la provincia de Santa Fe. No solo que la provincia acompa\u00f1e lo que entiende que est\u00e1 bien\u201d, afirm\u00f3.<\/p>\n\n\n\n<p><strong>Infraestructura y deuda<\/strong><\/p>\n\n\n\n<p>El gobernador se\u00f1al\u00f3 que la defensa de los intereses provinciales depender\u00e1 en gran medida del trabajo parlamentario que se abra con el nuevo Congreso. En ese marco destac\u00f3 la representaci\u00f3n que tendr\u00e1 Santa Fe: \u201cGisela Scaglia va a ser diputada nacional y va a defender a Santa Fe como no lo hemos tenido hasta ahora\u201d.<br>La infraestructura vial fue uno de los puntos centrales de sus declaraciones. Pullaro describi\u00f3 el estado de las rutas nacionales que atraviesan la provincia y reclam\u00f3 una respuesta urgente de la Naci\u00f3n. \u201cViniendo para aqu\u00ed por la Ruta 34 dec\u00eda que no pod\u00edamos seguir tolerando su estado. Es similar a la 33, la 11, la 178. La Naci\u00f3n tiene compromisos que debe cumplir\u201d, subray\u00f3. Tambi\u00e9n record\u00f3 que Santa Fe mantiene un reclamo hist\u00f3rico por la deuda de la Caja de Jubilaciones y por fondos adeudados para obras. \u201cNo es contra este Gobierno: el Estado nacional siempre dej\u00f3 de lado a Santa Fe\u201d, sostuvo.<br>El gobernador aprovech\u00f3 la ocasi\u00f3n para anticipar la inauguraci\u00f3n del Hospital Regional Jaime Ferr\u00e9 en Rafaela, que se realizar\u00e1 este viernes. \u201cSer\u00e1 el hospital con mayor tecnolog\u00eda y equipamiento de la Rep\u00fablica Argentina. Y es producto de un esfuerzo enorme de todos los santafesinos\u201d, expres\u00f3.<\/p>\n","protected":false},"excerpt":{"rendered":"<p>El gobernador Maximiliano Pullaro particip\u00f3 en la localidad de Ceres de la 10\u00aa edici\u00f3n de la Fiesta de la Confraternidad Departamental, celebrada este domingo por la tarde. Estuvo acompa\u00f1ado por la vicegobernadora Gisela Scaglia; el senador Felipe Michlig; el diputado Marcelo Gonz\u00e1lez y la intendenta Alejandra Dupouy. En conferencia de prensa, luego del acto oficial, <a href=\"https:\/\/armstrongyregion.com.ar\/diario\/pullaro-al-gobierno-nacional-le-pedimos-que-sea-justo-y-cumpla-con-la-provincia-de-santa-fe\/\" title=\"Read more\" >&#8230;<\/a><\/p>\n","protected":false},"author":1,"featured_media":47570,"comment_status":"open","ping_status":"open","sticky":false,"template":"","format":"image","meta":{"_jetpack_memberships_contains_paid_content":false,"footnotes":"","jetpack_publicize_message":"","jetpack_publicize_feature_enabled":true,"jetpack_social_post_already_shared":true,"jetpack_social_options":{"image_generator_settings":{"template":"highway","default_image_id":0,"enabled":false},"version":2}},"categories":[8,1,2,7,3],"tags":[100,12184,5030,38,12183,2846,3381,3872],"class_list":["post-47569","post","type-post","status-publish","format-image","has-post-thumbnail","hentry","category-deliberando","category-diario-armstrong","category-locales","category-politica","category-region","tag-con","tag-cumpla","tag-diario-armstrong","tag-gobierno","tag-naciona","tag-pullaro","tag-santa-fe","tag-sea","post_format-post-format-image"],"jetpack_publicize_connections":[],"jetpack_featured_media_url":"https:\/\/armstrongyregion.com.ar\/diario\/wp-content\/uploads\/2025\/11\/PULLARO-GNO.NACIONAL.jpg","jetpack_shortlink":"https:\/\/wp.me\/p62QDO-cnf","jetpack_sharing_enabled":true,"amp_enabled":true,"_links":{"self":[{"href":"https:\/\/armstrongyregion.com.ar\/diario\/wp-json\/wp\/v2\/posts\/47569","targetHints":{"allow":["GET"]}}],"collection":[{"href":"https:\/\/armstrongyregion.com.ar\/diario\/wp-json\/wp\/v2\/posts"}],"about":[{"href":"https:\/\/armstrongyregion.com.ar\/diario\/wp-json\/wp\/v2\/types\/post"}],"author":[{"embeddable":true,"href":"https:\/\/armstrongyregion.com.ar\/diario\/wp-json\/wp\/v2\/users\/1"}],"replies":[{"embeddable":true,"href":"https:\/\/armstrongyregion.com.ar\/diario\/wp-json\/wp\/v2\/comments?post=47569"}],"version-history":[{"count":1,"href":"https:\/\/armstrongyregion.com.ar\/diario\/wp-json\/wp\/v2\/posts\/47569\/revisions"}],"predecessor-version":[{"id":47571,"href":"https:\/\/armstrongyregion.com.ar\/diario\/wp-json\/wp\/v2\/posts\/47569\/revisions\/47571"}],"wp:featuredmedia":[{"embeddable":true,"href":"https:\/\/armstrongyregion.com.ar\/diario\/wp-json\/wp\/v2\/media\/47570"}],"wp:attachment":[{"href":"https:\/\/armstrongyregion.com.ar\/diario\/wp-json\/wp\/v2\/media?parent=47569"}],"wp:term":[{"taxonomy":"category","embeddable":true,"href":"https:\/\/armstrongyregion.com.ar\/diario\/wp-json\/wp\/v2\/categories?post=47569"},{"taxonomy":"post_tag","embeddable":true,"href":"https:\/\/armstrongyregion.com.ar\/diario\/wp-json\/wp\/v2\/tags?post=47569"}],"curies":[{"name":"wp","href":"https:\/\/api.w.org\/{rel}","templated":true}]}}