{"id":47566,"date":"2025-11-25T13:59:35","date_gmt":"2025-11-25T13:59:35","guid":{"rendered":"https:\/\/armstrongyregion.com.ar\/diario\/?p=47566"},"modified":"2025-11-25T13:59:38","modified_gmt":"2025-11-25T13:59:38","slug":"armstrong-muestra-taller-de-tejido","status":"publish","type":"post","link":"https:\/\/armstrongyregion.com.ar\/diario\/armstrong-muestra-taller-de-tejido\/","title":{"rendered":"Armstrong. Muestra taller de tejido."},"content":{"rendered":"\n<figure class=\"wp-block-image size-large\"><img loading=\"lazy\" decoding=\"async\" width=\"384\" height=\"480\" src=\"https:\/\/armstrongyregion.com.ar\/diario\/wp-content\/uploads\/2025\/11\/MUESTRA-TEJIDO-25-384x480.jpg\" alt=\"\" class=\"wp-image-47567\" srcset=\"https:\/\/armstrongyregion.com.ar\/diario\/wp-content\/uploads\/2025\/11\/MUESTRA-TEJIDO-25-384x480.jpg 384w, https:\/\/armstrongyregion.com.ar\/diario\/wp-content\/uploads\/2025\/11\/MUESTRA-TEJIDO-25-240x300.jpg 240w, https:\/\/armstrongyregion.com.ar\/diario\/wp-content\/uploads\/2025\/11\/MUESTRA-TEJIDO-25.jpg 512w\" sizes=\"auto, (max-width: 384px) 100vw, 384px\" \/><\/figure>\n\n\n\n<p>Municipalidad de Armstrong invita a visitar la muestra del taller de tejido instalada en el sum del<br>Museo Hist\u00f3rico Municipal que estar\u00e1 a disposici\u00f3n del p\u00fablico hasta el martes 16 de diciembre.<br>Esta propuesta municipal est\u00e1 a cargo de la Prof. Mariela Rostagno, y finaliza el a\u00f1o con esta<br>exposici\u00f3n de algunos de los trabajos realizados por los alumnos en crochet, dos agujas, telar, molde<br>telar, tanto de invierno como de verano.<br>Quienes la visiten encontrar\u00e1n variedad de tejidos, de t\u00e9cnicas de elaboraci\u00f3n en prendas de uso<br>personal, art\u00edculos para la decoraci\u00f3n del hogar, seg\u00fan los intereses gustos de cada uno participante.<br>Horarios del Museo: de lunes a viernes de 7 a 13 hs. y los domingos de 14:30 a 17:30 hs.<\/p>\n","protected":false},"excerpt":{"rendered":"<p>Municipalidad de Armstrong invita a visitar la muestra del taller de tejido instalada en el sum delMuseo Hist\u00f3rico Municipal que estar\u00e1 a disposici\u00f3n del p\u00fablico hasta el martes 16 de diciembre.Esta propuesta municipal est\u00e1 a cargo de la Prof. Mariela Rostagno, y finaliza el a\u00f1o con estaexposici\u00f3n de algunos de los trabajos realizados por los <a href=\"https:\/\/armstrongyregion.com.ar\/diario\/armstrong-muestra-taller-de-tejido\/\" title=\"Read more\" >&#8230;<\/a><\/p>\n","protected":false},"author":1,"featured_media":47567,"comment_status":"open","ping_status":"open","sticky":false,"template":"","format":"image","meta":{"_jetpack_memberships_contains_paid_content":false,"footnotes":"","jetpack_publicize_message":"","jetpack_publicize_feature_enabled":true,"jetpack_social_post_already_shared":true,"jetpack_social_options":{"image_generator_settings":{"template":"highway","default_image_id":0,"enabled":false},"version":2}},"categories":[8,1,2,7,3],"tags":[10981,20,5030,1358,12182,11516],"class_list":["post-47566","post","type-post","status-publish","format-image","has-post-thumbnail","hentry","category-deliberando","category-diario-armstrong","category-locales","category-politica","category-region","tag-10981","tag-armstrong","tag-diario-armstrong","tag-muestra","tag-taller-tejido-2025","tag-tejido","post_format-post-format-image"],"jetpack_publicize_connections":[],"jetpack_featured_media_url":"https:\/\/armstrongyregion.com.ar\/diario\/wp-content\/uploads\/2025\/11\/MUESTRA-TEJIDO-25.jpg","jetpack_shortlink":"https:\/\/wp.me\/p62QDO-cnc","jetpack_sharing_enabled":true,"amp_enabled":true,"_links":{"self":[{"href":"https:\/\/armstrongyregion.com.ar\/diario\/wp-json\/wp\/v2\/posts\/47566","targetHints":{"allow":["GET"]}}],"collection":[{"href":"https:\/\/armstrongyregion.com.ar\/diario\/wp-json\/wp\/v2\/posts"}],"about":[{"href":"https:\/\/armstrongyregion.com.ar\/diario\/wp-json\/wp\/v2\/types\/post"}],"author":[{"embeddable":true,"href":"https:\/\/armstrongyregion.com.ar\/diario\/wp-json\/wp\/v2\/users\/1"}],"replies":[{"embeddable":true,"href":"https:\/\/armstrongyregion.com.ar\/diario\/wp-json\/wp\/v2\/comments?post=47566"}],"version-history":[{"count":1,"href":"https:\/\/armstrongyregion.com.ar\/diario\/wp-json\/wp\/v2\/posts\/47566\/revisions"}],"predecessor-version":[{"id":47568,"href":"https:\/\/armstrongyregion.com.ar\/diario\/wp-json\/wp\/v2\/posts\/47566\/revisions\/47568"}],"wp:featuredmedia":[{"embeddable":true,"href":"https:\/\/armstrongyregion.com.ar\/diario\/wp-json\/wp\/v2\/media\/47567"}],"wp:attachment":[{"href":"https:\/\/armstrongyregion.com.ar\/diario\/wp-json\/wp\/v2\/media?parent=47566"}],"wp:term":[{"taxonomy":"category","embeddable":true,"href":"https:\/\/armstrongyregion.com.ar\/diario\/wp-json\/wp\/v2\/categories?post=47566"},{"taxonomy":"post_tag","embeddable":true,"href":"https:\/\/armstrongyregion.com.ar\/diario\/wp-json\/wp\/v2\/tags?post=47566"}],"curies":[{"name":"wp","href":"https:\/\/api.w.org\/{rel}","templated":true}]}}