{"id":47553,"date":"2025-11-19T17:43:14","date_gmt":"2025-11-19T17:43:14","guid":{"rendered":"https:\/\/armstrongyregion.com.ar\/diario\/?p=47553"},"modified":"2025-11-19T17:43:16","modified_gmt":"2025-11-19T17:43:16","slug":"pullaro-la-obra-publica-es-fundamental-para-que-la-sociedad-pueda-avanzar","status":"publish","type":"post","link":"https:\/\/armstrongyregion.com.ar\/diario\/pullaro-la-obra-publica-es-fundamental-para-que-la-sociedad-pueda-avanzar\/","title":{"rendered":"Pullaro: \u201cLa obra p\u00fablica es fundamental para que la sociedad pueda avanzar\u201d"},"content":{"rendered":"\n<figure class=\"wp-block-image size-full\"><img loading=\"lazy\" decoding=\"async\" width=\"570\" height=\"320\" src=\"https:\/\/armstrongyregion.com.ar\/diario\/wp-content\/uploads\/2025\/11\/VIVIENDA-1-.jpg\" alt=\"\" class=\"wp-image-47554\" srcset=\"https:\/\/armstrongyregion.com.ar\/diario\/wp-content\/uploads\/2025\/11\/VIVIENDA-1-.jpg 570w, https:\/\/armstrongyregion.com.ar\/diario\/wp-content\/uploads\/2025\/11\/VIVIENDA-1--300x168.jpg 300w\" sizes=\"auto, (max-width: 570px) 100vw, 570px\" \/><\/figure>\n\n\n\n<p>As\u00ed lo manifest\u00f3 el gobernador santafesino al entregar 34 viviendas a familias de San Jer\u00f3nimo Norte, con una inversi\u00f3n provincial de m\u00e1s de 1.900 millones de pesos. \u201cHoy tenemos 3.500 obras en la provincia, grandes inversiones, porque hemos sido austeros y establecido prioridades, y porque la obra p\u00fablica le permite a muchas personas tener trabajo\u201d, destac\u00f3.<\/p>\n\n\n\n<figure class=\"wp-block-image size-full\"><img loading=\"lazy\" decoding=\"async\" width=\"640\" height=\"434\" src=\"https:\/\/armstrongyregion.com.ar\/diario\/wp-content\/uploads\/2025\/11\/VICIENDA-2.jpg\" alt=\"\" class=\"wp-image-47555\" srcset=\"https:\/\/armstrongyregion.com.ar\/diario\/wp-content\/uploads\/2025\/11\/VICIENDA-2.jpg 640w, https:\/\/armstrongyregion.com.ar\/diario\/wp-content\/uploads\/2025\/11\/VICIENDA-2-300x203.jpg 300w\" sizes=\"auto, (max-width: 640px) 100vw, 640px\" \/><\/figure>\n\n\n\n<p>El gobernador de la Provincia de Santa Fe, Maximiliano Pullaro, entreg\u00f3 este martes 34 viviendas a familias de San Jer\u00f3nimo Norte, departamento Las Colonias. La inversi\u00f3n provincial alcanz\u00f3 $ 1.933.430.855,53. La obra estuvo pr\u00e1cticamente paralizada durante todo el 2023 y, a mediados del 2024, se pudo retomar por decisi\u00f3n de la actual gesti\u00f3n.<\/p>\n\n\n\n<p>En la oportunidad, Pullaro se\u00f1al\u00f3 que \u201ceste es uno de los actos m\u00e1s lindos y emotivos que se puede vivir como funcionario p\u00fablico, porque es entregar la llave a familias que durante muchos a\u00f1os so\u00f1aron con tener su casa propia y hoy a trav\u00e9s del fruto del trabajo conjunto lo pueden lograr\u201d.<\/p>\n\n\n\n<p>A continuaci\u00f3n, el gobernador indic\u00f3 que \u201cestas viviendas que inauguramos llevan muchos recursos, que son producto del esfuerzo de los vecinos y vecinas de la provincia de Santa Fe, en momentos muy duros y muy dif\u00edciles de la Rep\u00fablica Argentina; pero entendemos que la obra p\u00fablica es fundamental para que la sociedad pueda avanzar\u201d.<\/p>\n\n\n\n<p>\u201cHoy tenemos 3.500 obras p\u00fablicas en la provincia, con grandes inversiones, porque hemos sido austeros y establecido prioridades; y esos recursos van a la obra p\u00fablica, porque la obra p\u00fablica le permite a muchas personas tener trabajo, y nos permite sostener una econom\u00eda que ya lleva muchos a\u00f1os de recesi\u00f3n\u201d, afirm\u00f3 el gobernador.<\/p>\n\n\n\n<p>Por \u00faltimo, el mandatario santafesino se dirigi\u00f3 a las familias: \u201cEs hermoso que puedan cumplir este sue\u00f1o y poder aportar para que puedan cumplirlo. Espero que las puedan disfrutar, vivir con mucha pasi\u00f3n y que las cuiden; con todo el esfuerzo de gente trabajadora que siempre mira adelante y quiere salir adelante\u201d.<\/p>\n\n\n\n<p>\u201cNecesitamos estar unidos, trabajar juntos, con proyectos de largo plazo que nos permitan poner a la Provincia Invencible de Santa Fe en lo m\u00e1s alto de la Rep\u00fablica Argentina; y lo hacemos espalda con espalda con cada uno de los funcionarios, sean del partido que sean: estas viviendas no se pararon, porque entendemos que todas las obras que se comenzaron se tienen que terminar\u201d, concluy\u00f3 Pullaro.<\/p>\n\n\n\n<p>A continuaci\u00f3n, la intendenta de San Jer\u00f3nimo Norte, Paola Devesa, destac\u00f3 que \u201clas metas se trabajan y eso merece un reconocimiento hist\u00f3rico de todos los que han hecho posible que hoy estas 34 viviendas sean una realidad. La vivienda es estabilidad, es seguridad y es sentido de pertenencia, creo que lo que nos identifica a cada uno de los que vivimos en San Jer\u00f3nimo Norte\u201d.<\/p>\n\n\n\n<p><strong>\u201cTerminar las obras que estaban empezadas\u201d<\/strong><\/p>\n\n\n\n<p>En tanto, el secretario de H\u00e1bitat y Vivienda, Lucas Crivelli, record\u00f3 que \u201cpor el 2022 se empez\u00f3 a hacer este barrio, que arranc\u00f3 con fuerza, y luego las vicisitudes de la econom\u00eda llevaron a que por m\u00e1s de un a\u00f1o estuviese pr\u00e1cticamente paralizado; y la decisi\u00f3n pol\u00edtica del gobernador Maximiliano Pullaro fue que no pod\u00edamos darnos el lujo de tener obras a mitad de construcci\u00f3n, ten\u00edamos que terminar todas las obras que estaban empezadas\u201d.<\/p>\n\n\n\n<p>La diputada provincial Jimena Senn, en tanto, agradeci\u00f3 al gobernador \u201cpor cumplir, por darle la posibilidad a cada familia de cumplir con el sue\u00f1o de tener su casa propia, que es m\u00e1s all\u00e1 de un techo, porque se trata de construir su futuro y v\u00ednculos y cumplir sus sue\u00f1os en sus propios hogares\u201d. Del acto tambi\u00e9n particip\u00f3 el senador provincial por Las Colonias, Rub\u00e9n Pirola.<\/p>\n\n\n\n<figure class=\"wp-block-image\"><img decoding=\"async\" src=\"https:\/\/ci3.googleusercontent.com\/meips\/ADKq_NaYdRogCS6BCZoo8Kx7gLn_sbqEbyWk6kClyhOqvDgLBaiQY4blIp6K7tkMjEn8pS-urPe09zC8S3iGc_Ve9OhKKEDuagYGbEpeik13S94X7fzzYe9UNOZuz6OdERf2r0qqB16QjDqL_LuKpyc=s0-d-e1-ft#https:\/\/www.santafe.gov.ar\/noticias\/recursos\/fotos\/2025\/11\/2025-11-18NID_284602O_3.jpeg\" alt=\"\"\/><\/figure>\n\n\n\n<p><strong>Detalles del conjunto habitacional<\/strong><\/p>\n\n\n\n<p>Las viviendas se encuentran emplazadas en la intersecci\u00f3n de las calles Bartolom\u00e9 Blatter, 1\u00ba de Mayo, Padre Enrique Niemann y Pasaje Catalina Yossen, en San Jer\u00f3nimo Norte.<\/p>\n\n\n\n<p>Del total de viviendas, 32 corresponden al prototipo de vivienda compacta, mientras que 2 unidades fueron dise\u00f1adas para personas con discapacidad. Estas \u00faltimas cuentan con una superficie de 70 m\u00b2, ba\u00f1o adaptado, dos dormitorios, cocina-comedor, lavadero, aberturas de aluminio, puertas interiores tipo placa, mesada de acero inoxidable y pileta de lavar pl\u00e1stica.<\/p>\n\n\n\n<p>La obra incluy\u00f3 la ejecuci\u00f3n de infraestructura b\u00e1sica necesaria para garantizar condiciones adecuadas de habitabilidad: red el\u00e9ctrica domiciliaria, alumbrado p\u00fablico, red de agua potable, sistema de desag\u00fces pluviales, veredas peatonales y rampas de acceso y conexi\u00f3n a la red cloacal existente.<\/p>\n\n\n\n<figure class=\"wp-block-table\"><table class=\"has-fixed-layout\"><tbody><tr><td><\/td><td><\/td><\/tr><tr><td><\/td><td><\/td><\/tr><\/tbody><\/table><\/figure>\n\n\n\n<p><\/p>\n","protected":false},"excerpt":{"rendered":"<p>As\u00ed lo manifest\u00f3 el gobernador santafesino al entregar 34 viviendas a familias de San Jer\u00f3nimo Norte, con una inversi\u00f3n provincial de m\u00e1s de 1.900 millones de pesos. \u201cHoy tenemos 3.500 obras en la provincia, grandes inversiones, porque hemos sido austeros y establecido prioridades, y porque la obra p\u00fablica le permite a muchas personas tener trabajo\u201d, <a href=\"https:\/\/armstrongyregion.com.ar\/diario\/pullaro-la-obra-publica-es-fundamental-para-que-la-sociedad-pueda-avanzar\/\" title=\"Read more\" >&#8230;<\/a><\/p>\n","protected":false},"author":1,"featured_media":47554,"comment_status":"open","ping_status":"open","sticky":false,"template":"","format":"image","meta":{"_jetpack_memberships_contains_paid_content":false,"footnotes":"","jetpack_publicize_message":"","jetpack_publicize_feature_enabled":true,"jetpack_social_post_already_shared":true,"jetpack_social_options":{"image_generator_settings":{"template":"highway","default_image_id":0,"enabled":false},"version":2}},"categories":[6,8,1,2819,2,7,3],"tags":[634,5030,12181,2846,9904,104],"class_list":["post-47553","post","type-post","status-publish","format-image","has-post-thumbnail","hentry","category-cultura-entretenimiento","category-deliberando","category-diario-armstrong","category-el-pais","category-locales","category-politica","category-region","tag-avanza","tag-diario-armstrong","tag-obra-publica-2","tag-pullaro","tag-sociedad","tag-vivienda","post_format-post-format-image"],"jetpack_publicize_connections":[],"jetpack_featured_media_url":"https:\/\/armstrongyregion.com.ar\/diario\/wp-content\/uploads\/2025\/11\/VIVIENDA-1-.jpg","jetpack_shortlink":"https:\/\/wp.me\/p62QDO-cmZ","jetpack_sharing_enabled":true,"amp_enabled":true,"_links":{"self":[{"href":"https:\/\/armstrongyregion.com.ar\/diario\/wp-json\/wp\/v2\/posts\/47553","targetHints":{"allow":["GET"]}}],"collection":[{"href":"https:\/\/armstrongyregion.com.ar\/diario\/wp-json\/wp\/v2\/posts"}],"about":[{"href":"https:\/\/armstrongyregion.com.ar\/diario\/wp-json\/wp\/v2\/types\/post"}],"author":[{"embeddable":true,"href":"https:\/\/armstrongyregion.com.ar\/diario\/wp-json\/wp\/v2\/users\/1"}],"replies":[{"embeddable":true,"href":"https:\/\/armstrongyregion.com.ar\/diario\/wp-json\/wp\/v2\/comments?post=47553"}],"version-history":[{"count":1,"href":"https:\/\/armstrongyregion.com.ar\/diario\/wp-json\/wp\/v2\/posts\/47553\/revisions"}],"predecessor-version":[{"id":47556,"href":"https:\/\/armstrongyregion.com.ar\/diario\/wp-json\/wp\/v2\/posts\/47553\/revisions\/47556"}],"wp:featuredmedia":[{"embeddable":true,"href":"https:\/\/armstrongyregion.com.ar\/diario\/wp-json\/wp\/v2\/media\/47554"}],"wp:attachment":[{"href":"https:\/\/armstrongyregion.com.ar\/diario\/wp-json\/wp\/v2\/media?parent=47553"}],"wp:term":[{"taxonomy":"category","embeddable":true,"href":"https:\/\/armstrongyregion.com.ar\/diario\/wp-json\/wp\/v2\/categories?post=47553"},{"taxonomy":"post_tag","embeddable":true,"href":"https:\/\/armstrongyregion.com.ar\/diario\/wp-json\/wp\/v2\/tags?post=47553"}],"curies":[{"name":"wp","href":"https:\/\/api.w.org\/{rel}","templated":true}]}}