{"id":47550,"date":"2025-11-19T17:32:00","date_gmt":"2025-11-19T17:32:00","guid":{"rendered":"https:\/\/armstrongyregion.com.ar\/diario\/?p=47550"},"modified":"2025-11-20T02:12:24","modified_gmt":"2025-11-20T02:12:24","slug":"artritis-y-artrosis-la-voz-del-experto-para-entender-el-dolor-articular","status":"publish","type":"post","link":"https:\/\/armstrongyregion.com.ar\/diario\/artritis-y-artrosis-la-voz-del-experto-para-entender-el-dolor-articular\/","title":{"rendered":"Artritis y Artrosis: La Voz del experto para entender el dolor articular."},"content":{"rendered":"\n<figure class=\"wp-block-image size-full\"><img loading=\"lazy\" decoding=\"async\" width=\"536\" height=\"413\" src=\"https:\/\/armstrongyregion.com.ar\/diario\/wp-content\/uploads\/2025\/11\/Dr.-Silvio-Maurelli-.jpg\" alt=\"\" class=\"wp-image-47551\" srcset=\"https:\/\/armstrongyregion.com.ar\/diario\/wp-content\/uploads\/2025\/11\/Dr.-Silvio-Maurelli-.jpg 536w, https:\/\/armstrongyregion.com.ar\/diario\/wp-content\/uploads\/2025\/11\/Dr.-Silvio-Maurelli--300x231.jpg 300w\" sizes=\"auto, (max-width: 536px) 100vw, 536px\" \/><\/figure>\n\n\n\n<h2 class=\"wp-block-heading\"><strong>El Dr. Silvio Maurelli desglos\u00f3 en \u00abPrevenci\u00f3n y Salud\u00bb las claves del diagn\u00f3stico, tratamiento y manejo de estas afecciones que impactan a millones. Un llamado a la prevenci\u00f3n y la consulta temprana.<\/strong><\/h2>\n\n\n\n<figure class=\"wp-block-embed is-type-video is-provider-youtube wp-block-embed-youtube wp-embed-aspect-16-9 wp-has-aspect-ratio\"><div class=\"wp-block-embed__wrapper\">\n<iframe loading=\"lazy\" title=\"Artritis y Artrosis: La Voz del experto para entender el dolor articular. Por Dr. Silvio Maurelli.\" width=\"800\" height=\"450\" src=\"https:\/\/www.youtube.com\/embed\/5ZhnpZmTZ2U?feature=oembed\" frameborder=\"0\" allow=\"accelerometer; autoplay; clipboard-write; encrypted-media; gyroscope; picture-in-picture; web-share\" referrerpolicy=\"strict-origin-when-cross-origin\" allowfullscreen><\/iframe>\n<\/div><\/figure>\n\n\n\n<p>El dolor, la rigidez y la limitaci\u00f3n del movimiento son el denominador com\u00fan de un grupo de afecciones que afectan a un gran porcentaje de la poblaci\u00f3n mundial: la Artritis y la Artrosis. Para arrojar luz sobre este tema crucial, el programa&nbsp;<strong>\u00abPrevenci\u00f3n y Salud\u00bb<\/strong>&nbsp;recibi\u00f3 al&nbsp;<strong>Dr. Silvio Maurelli<\/strong>, especialista en Cl\u00ednica M\u00e9dica, Terapista y con Posgrado en Reumatolog\u00eda, quien ofreci\u00f3 una clase magistral sobre los conceptos fundamentales, los factores de riesgo y las mejores estrategias para el manejo de estas enfermedades. La emisi\u00f3n, que gener\u00f3 gran inter\u00e9s, se&nbsp;<strong>reitera el jueves a las 20:00 hs y el s\u00e1bado a las 12:30 hs<\/strong>.<\/p>\n\n\n\n<h3 class=\"wp-block-heading\"><img decoding=\"async\" alt=\"\ud83e\uddd0\" src=\"https:\/\/fonts.gstatic.com\/s\/e\/notoemoji\/16.0\/1f9d0\/32.png\">&nbsp;Diferenciando Artritis de Artrosis: El Punto de Partida<\/h3>\n\n\n\n<p>El Dr. Maurelli inici\u00f3 su exposici\u00f3n estableciendo la diferencia esencial: mientras la&nbsp;<strong>Artritis<\/strong>&nbsp;es un t\u00e9rmino amplio que implica la&nbsp;<strong>inflamaci\u00f3n articular<\/strong>&nbsp;(con ejemplos como la Artritis Reumatoide o la Gota), la&nbsp;<strong>Artrosis (Osteoartritis)<\/strong>&nbsp;es primariamente una enfermedad&nbsp;<strong>degenerativa<\/strong>, un \u00abdesgaste\u00bb progresivo del cart\u00edlago que es la forma m\u00e1s frecuente, especialmente con el avance de la edad.<\/p>\n\n\n\n<p>Los factores de riesgo son variados, incluyendo la&nbsp;<strong>edad<\/strong>, los&nbsp;<strong>antecedentes familiares<\/strong>&nbsp;y el&nbsp;<strong>sexo<\/strong>, pero se puso especial \u00e9nfasis en el&nbsp;<strong>sobrepeso<\/strong>&nbsp;y las&nbsp;<strong>lesiones articulares<\/strong>&nbsp;previas como elementos modificables que aceleran el desarrollo de la Artrosis. Adem\u00e1s, el reumat\u00f3logo advirti\u00f3 que la Artritis no es exclusiva de adultos, existiendo formas en la ni\u00f1ez, como la Artritis Idiop\u00e1tica Juvenil.<\/p>\n\n\n\n<h3 class=\"wp-block-heading\"><img decoding=\"async\" alt=\"\ud83d\udee1\ufe0f\" src=\"https:\/\/fonts.gstatic.com\/s\/e\/notoemoji\/16.0\/1f6e1_fe0f\/32.png\">&nbsp;Riesgos y Prevenci\u00f3n: El Rol de la Inmunidad y el Peso<\/h3>\n\n\n\n<p>El especialista destac\u00f3 que los pacientes con artritis inflamatoria a menudo reciben tratamientos inmunosupresores, lo que los hace m\u00e1s vulnerables a complicaciones graves por infecciones como la&nbsp;<strong>influenza<\/strong>. Por ello, la&nbsp;<strong>vacunaci\u00f3n anual<\/strong>&nbsp;es una medida de prevenci\u00f3n crucial.<\/p>\n\n\n\n<p>En cuanto a la prevenci\u00f3n general, aunque no todas las formas son evitables, el Dr. Maurelli fue categ\u00f3rico: mantener un&nbsp;<strong>peso saludable<\/strong>&nbsp;reduce la carga mec\u00e1nica sobre articulaciones clave como rodillas y caderas, siendo una estrategia fundamental contra la progresi\u00f3n de la artrosis.<\/p>\n\n\n\n<h3 class=\"wp-block-heading\"><img decoding=\"async\" alt=\"\ud83d\udcaa\" src=\"https:\/\/fonts.gstatic.com\/s\/e\/notoemoji\/16.0\/1f4aa\/32.png\">&nbsp;Tratamiento: Diagn\u00f3stico Temprano y Movimiento Controlado<\/h3>\n\n\n\n<p>Frente a la sospecha de dolor o rigidez articular persistente, la recomendaci\u00f3n del experto es la&nbsp;<strong>consulta inmediata<\/strong>&nbsp;para un&nbsp;<strong>diagn\u00f3stico reumatol\u00f3gico temprano<\/strong>, clave para evitar el da\u00f1o articular irreversible, especialmente en las formas autoinmunes.<\/p>\n\n\n\n<p>El tratamiento se basa en un enfoque multidisciplinar que incluye:<\/p>\n\n\n\n<ul class=\"wp-block-list\">\n<li><strong>Farmacolog\u00eda:<\/strong>&nbsp;Para controlar la inflamaci\u00f3n y el dolor (AINEs, corticoides, y f\u00e1rmacos espec\u00edficos como los Biol\u00f3gicos en artritis severas).<\/li>\n\n\n\n<li><strong>Manejo del Estilo de Vida:<\/strong>&nbsp;Donde el&nbsp;<strong>ejercicio<\/strong>&nbsp;es un pilar central.<\/li>\n<\/ul>\n\n\n\n<p>El Dr. Maurelli desmitific\u00f3 la idea de que el ejercicio es perjudicial, aclarando que la&nbsp;<strong>actividad f\u00edsica de bajo impacto<\/strong>&nbsp;(nataci\u00f3n, caminata) es esencial para fortalecer los m\u00fasculos que soportan las articulaciones y mantener la flexibilidad. Si bien es normal una molestia leve, el dolor agudo o persistente despu\u00e9s del ejercicio es una se\u00f1al de que se debe reducir la intensidad y buscar una gu\u00eda profesional para ajustar el plan.<\/p>\n\n\n\n<p>En conclusi\u00f3n, el mensaje del Dr. Maurelli en \u00abPrevenci\u00f3n y Salud\u00bb fue claro: la vida con Artritis y Artrosis requiere conocimiento y manejo activo. La&nbsp;<strong>p\u00e9rdida de peso<\/strong>&nbsp;y la&nbsp;<strong>actividad f\u00edsica dirigida<\/strong>&nbsp;son, junto al tratamiento m\u00e9dico oportuno, las herramientas m\u00e1s poderosas para recuperar la calidad de vida.<\/p>\n","protected":false},"excerpt":{"rendered":"<p>El Dr. Silvio Maurelli desglos\u00f3 en \u00abPrevenci\u00f3n y Salud\u00bb las claves del diagn\u00f3stico, tratamiento y manejo de estas afecciones que impactan a millones. Un llamado a la prevenci\u00f3n y la consulta temprana. El dolor, la rigidez y la limitaci\u00f3n del movimiento son el denominador com\u00fan de un grupo de afecciones que afectan a un gran <a href=\"https:\/\/armstrongyregion.com.ar\/diario\/artritis-y-artrosis-la-voz-del-experto-para-entender-el-dolor-articular\/\" title=\"Read more\" >&#8230;<\/a><\/p>\n","protected":false},"author":1,"featured_media":47551,"comment_status":"open","ping_status":"open","sticky":false,"template":"","format":"image","meta":{"_jetpack_memberships_contains_paid_content":false,"footnotes":"","jetpack_publicize_message":"","jetpack_publicize_feature_enabled":true,"jetpack_social_post_already_shared":true,"jetpack_social_options":{"image_generator_settings":{"template":"highway","default_image_id":0,"enabled":false},"version":2}},"categories":[6,8,1,2,7,4,3],"tags":[20,12180,12178,2684,5030,1998,11092,12179,9512,1737],"class_list":["post-47550","post","type-post","status-publish","format-image","has-post-thumbnail","hentry","category-cultura-entretenimiento","category-deliberando","category-diario-armstrong","category-locales","category-politica","category-prevencion-salud","category-region","tag-armstrong","tag-articular","tag-artritis","tag-artrosis","tag-diario-armstrong","tag-dolor","tag-dr-silvio-maurelli","tag-experto","tag-prevencion-y-salud-2","tag-voz","post_format-post-format-image"],"jetpack_publicize_connections":[],"jetpack_featured_media_url":"https:\/\/armstrongyregion.com.ar\/diario\/wp-content\/uploads\/2025\/11\/Dr.-Silvio-Maurelli-.jpg","jetpack_shortlink":"https:\/\/wp.me\/p62QDO-cmW","jetpack_sharing_enabled":true,"amp_enabled":true,"_links":{"self":[{"href":"https:\/\/armstrongyregion.com.ar\/diario\/wp-json\/wp\/v2\/posts\/47550","targetHints":{"allow":["GET"]}}],"collection":[{"href":"https:\/\/armstrongyregion.com.ar\/diario\/wp-json\/wp\/v2\/posts"}],"about":[{"href":"https:\/\/armstrongyregion.com.ar\/diario\/wp-json\/wp\/v2\/types\/post"}],"author":[{"embeddable":true,"href":"https:\/\/armstrongyregion.com.ar\/diario\/wp-json\/wp\/v2\/users\/1"}],"replies":[{"embeddable":true,"href":"https:\/\/armstrongyregion.com.ar\/diario\/wp-json\/wp\/v2\/comments?post=47550"}],"version-history":[{"count":2,"href":"https:\/\/armstrongyregion.com.ar\/diario\/wp-json\/wp\/v2\/posts\/47550\/revisions"}],"predecessor-version":[{"id":47557,"href":"https:\/\/armstrongyregion.com.ar\/diario\/wp-json\/wp\/v2\/posts\/47550\/revisions\/47557"}],"wp:featuredmedia":[{"embeddable":true,"href":"https:\/\/armstrongyregion.com.ar\/diario\/wp-json\/wp\/v2\/media\/47551"}],"wp:attachment":[{"href":"https:\/\/armstrongyregion.com.ar\/diario\/wp-json\/wp\/v2\/media?parent=47550"}],"wp:term":[{"taxonomy":"category","embeddable":true,"href":"https:\/\/armstrongyregion.com.ar\/diario\/wp-json\/wp\/v2\/categories?post=47550"},{"taxonomy":"post_tag","embeddable":true,"href":"https:\/\/armstrongyregion.com.ar\/diario\/wp-json\/wp\/v2\/tags?post=47550"}],"curies":[{"name":"wp","href":"https:\/\/api.w.org\/{rel}","templated":true}]}}