{"id":47540,"date":"2025-11-18T21:20:11","date_gmt":"2025-11-18T21:20:11","guid":{"rendered":"https:\/\/armstrongyregion.com.ar\/diario\/?p=47540"},"modified":"2025-11-18T21:20:13","modified_gmt":"2025-11-18T21:20:13","slug":"armstrong-dia-de-la-musica","status":"publish","type":"post","link":"https:\/\/armstrongyregion.com.ar\/diario\/armstrong-dia-de-la-musica\/","title":{"rendered":"Armstrong. D\u00eda de la M\u00fasica."},"content":{"rendered":"\n<figure class=\"wp-block-image size-full\"><img loading=\"lazy\" decoding=\"async\" width=\"256\" height=\"320\" src=\"https:\/\/armstrongyregion.com.ar\/diario\/wp-content\/uploads\/2025\/11\/FESTIVAL-MUSICA.jpg\" alt=\"\" class=\"wp-image-47541\" srcset=\"https:\/\/armstrongyregion.com.ar\/diario\/wp-content\/uploads\/2025\/11\/FESTIVAL-MUSICA.jpg 256w, https:\/\/armstrongyregion.com.ar\/diario\/wp-content\/uploads\/2025\/11\/FESTIVAL-MUSICA-240x300.jpg 240w\" sizes=\"auto, (max-width: 256px) 100vw, 256px\" \/><\/figure>\n\n\n\n<p>Municipalidad de Armstrong invita al festival por el d\u00eda de la m\u00fasica que se realizar\u00e1 el s\u00e1bado 22 de<br>noviembre desde las 19 hs. en la Estaci\u00f3n M\u00e1s, momento en que se le rendir\u00e1 homenaje a quien<br>fuera director de la Banda Municipal durante 24 a\u00f1os, el Maestro Juan Osvaldo Pietracupa.<br>Ex alumnos del Maestro Pietracupa, as\u00ed como sus hijos y familia, ser\u00e1n los encargados de hacer la<br>apertura a este encuentro musical del que participar\u00e1 el Universo del Conservatorio Municipal de<br>M\u00fasica, grupos y solistas locales: Stai Bene, Cruz del Sur, Gustavo Borgatello, Gonzalo Carosia,<br>Escuela de Rock Armstrong, entre otros artistas.<br>Habr\u00e1 servicio de buffet. Entrada libre y gratuita.<\/p>\n","protected":false},"excerpt":{"rendered":"<p>Municipalidad de Armstrong invita al festival por el d\u00eda de la m\u00fasica que se realizar\u00e1 el s\u00e1bado 22 denoviembre desde las 19 hs. en la Estaci\u00f3n M\u00e1s, momento en que se le rendir\u00e1 homenaje a quienfuera director de la Banda Municipal durante 24 a\u00f1os, el Maestro Juan Osvaldo Pietracupa.Ex alumnos del Maestro Pietracupa, as\u00ed como <a href=\"https:\/\/armstrongyregion.com.ar\/diario\/armstrong-dia-de-la-musica\/\" title=\"Read more\" >&#8230;<\/a><\/p>\n","protected":false},"author":1,"featured_media":47541,"comment_status":"open","ping_status":"open","sticky":false,"template":"","format":"image","meta":{"_jetpack_memberships_contains_paid_content":false,"footnotes":"","jetpack_publicize_message":"","jetpack_publicize_feature_enabled":true,"jetpack_social_post_already_shared":true,"jetpack_social_options":{"image_generator_settings":{"template":"highway","default_image_id":0,"enabled":false},"version":2}},"categories":[6,8,1,2,7,3],"tags":[20,793,5030,2072,9569,12176],"class_list":["post-47540","post","type-post","status-publish","format-image","has-post-thumbnail","hentry","category-cultura-entretenimiento","category-deliberando","category-diario-armstrong","category-locales","category-politica","category-region","tag-armstrong","tag-dia","tag-diario-armstrong","tag-homenaje","tag-musica-2","tag-pietracupa","post_format-post-format-image"],"jetpack_publicize_connections":[],"jetpack_featured_media_url":"https:\/\/armstrongyregion.com.ar\/diario\/wp-content\/uploads\/2025\/11\/FESTIVAL-MUSICA.jpg","jetpack_shortlink":"https:\/\/wp.me\/p62QDO-cmM","jetpack_sharing_enabled":true,"amp_enabled":true,"_links":{"self":[{"href":"https:\/\/armstrongyregion.com.ar\/diario\/wp-json\/wp\/v2\/posts\/47540","targetHints":{"allow":["GET"]}}],"collection":[{"href":"https:\/\/armstrongyregion.com.ar\/diario\/wp-json\/wp\/v2\/posts"}],"about":[{"href":"https:\/\/armstrongyregion.com.ar\/diario\/wp-json\/wp\/v2\/types\/post"}],"author":[{"embeddable":true,"href":"https:\/\/armstrongyregion.com.ar\/diario\/wp-json\/wp\/v2\/users\/1"}],"replies":[{"embeddable":true,"href":"https:\/\/armstrongyregion.com.ar\/diario\/wp-json\/wp\/v2\/comments?post=47540"}],"version-history":[{"count":1,"href":"https:\/\/armstrongyregion.com.ar\/diario\/wp-json\/wp\/v2\/posts\/47540\/revisions"}],"predecessor-version":[{"id":47542,"href":"https:\/\/armstrongyregion.com.ar\/diario\/wp-json\/wp\/v2\/posts\/47540\/revisions\/47542"}],"wp:featuredmedia":[{"embeddable":true,"href":"https:\/\/armstrongyregion.com.ar\/diario\/wp-json\/wp\/v2\/media\/47541"}],"wp:attachment":[{"href":"https:\/\/armstrongyregion.com.ar\/diario\/wp-json\/wp\/v2\/media?parent=47540"}],"wp:term":[{"taxonomy":"category","embeddable":true,"href":"https:\/\/armstrongyregion.com.ar\/diario\/wp-json\/wp\/v2\/categories?post=47540"},{"taxonomy":"post_tag","embeddable":true,"href":"https:\/\/armstrongyregion.com.ar\/diario\/wp-json\/wp\/v2\/tags?post=47540"}],"curies":[{"name":"wp","href":"https:\/\/api.w.org\/{rel}","templated":true}]}}