{"id":47537,"date":"2025-11-18T20:59:48","date_gmt":"2025-11-18T20:59:48","guid":{"rendered":"https:\/\/armstrongyregion.com.ar\/diario\/?p=47537"},"modified":"2025-11-18T20:59:49","modified_gmt":"2025-11-18T20:59:49","slug":"deliberando-luciano-pallotti-el-futuro-de-villa-eloisa","status":"publish","type":"post","link":"https:\/\/armstrongyregion.com.ar\/diario\/deliberando-luciano-pallotti-el-futuro-de-villa-eloisa\/","title":{"rendered":"Deliberando: Luciano Pallotti, el futuro de Villa Elo\u00edsa."},"content":{"rendered":"\n<figure class=\"wp-block-image size-full\"><img loading=\"lazy\" decoding=\"async\" width=\"536\" height=\"395\" src=\"https:\/\/armstrongyregion.com.ar\/diario\/wp-content\/uploads\/2025\/11\/LUCIANO-PALLOTTI.jpg\" alt=\"\" class=\"wp-image-47538\" srcset=\"https:\/\/armstrongyregion.com.ar\/diario\/wp-content\/uploads\/2025\/11\/LUCIANO-PALLOTTI.jpg 536w, https:\/\/armstrongyregion.com.ar\/diario\/wp-content\/uploads\/2025\/11\/LUCIANO-PALLOTTI-300x221.jpg 300w\" sizes=\"auto, (max-width: 536px) 100vw, 536px\" \/><\/figure>\n\n\n\n<h2 class=\"wp-block-heading\">El presidente comunal electo, quien asumir\u00e1 el pr\u00f3ximo 10 de diciembre, brinda detalles de la transici\u00f3n, sus primeras medidas y los principales ejes de su plan de gobierno en una entrevista exclusiva para el programa Deliberando.<\/h2>\n\n\n\n<p>El aire de <strong>Villa Elo\u00edsa<\/strong> est\u00e1 cargado de expectativas ante la inminente asunci\u00f3n del nuevo presidente comunal electo, el ingeniero <strong>Luciano Pallotti<\/strong>. Tras su victoria en las \u00faltimas elecciones frente a Mauricio Tartaglini, el referente se prepara para tomar las riendas de la comuna a partir del pr\u00f3ximo <strong>10 de diciembre<\/strong>. Para conocer m\u00e1s a fondo al hombre que conducir\u00e1 los destinos de la localidad, el programa de televisi\u00f3n <strong>\u00abDeliberando\u00bb<\/strong>, emitido por <strong>Cable Imagen Armstrong<\/strong>, lo tendr\u00e1 como invitado central <strong>hoy, martes, a las 21 hs<\/strong>.<\/p>\n\n\n\n<p>En un di\u00e1logo \u00edntimo y profundo, Pallotti desgran\u00f3 los momentos clave que marcaron su camino hacia la presidencia comunal. Desde el d\u00eda en que decidi\u00f3 postularse, pasando por la intensa campa\u00f1a en una localidad donde \u00abtodos se conocen\u00bb, hasta c\u00f3mo vivi\u00f3 el emotivo momento del triunfo electoral y qu\u00e9 elementos de su propuesta cree que fueron determinantes para ganarse la confianza de los vecinos.<\/p>\n\n\n\n<h3 class=\"wp-block-heading\"><strong>Prioridades y Visi\u00f3n de Gesti\u00f3n<\/strong><\/h3>\n\n\n\n<p>Uno de los puntos centrales de la entrevista gir\u00f3 en torno a la <strong>transici\u00f3n<\/strong> con la actual administraci\u00f3n y las sensaciones que lo invaden a pocos d\u00edas de asumir el cargo. El futuro presidente comunal revel\u00f3 cu\u00e1les ser\u00e1n sus <strong>primeras medidas y prioridades<\/strong> apenas tome posesi\u00f3n, marcando un claro rumbo para los pr\u00f3ximos a\u00f1os.<\/p>\n\n\n\n<p>En el extenso temario de la gesti\u00f3n, Pallotti detall\u00f3 los <strong>principales ejes de su plan de gobierno<\/strong>:<\/p>\n\n\n\n<ul class=\"wp-block-list\">\n<li><strong>Obras P\u00fablicas<\/strong>.<\/li>\n\n\n\n<li><strong>Producci\u00f3n y Empleo<\/strong>.<\/li>\n\n\n\n<li><strong>Educaci\u00f3n y Cultura<\/strong>.<\/li>\n\n\n\n<li><strong>Salud y Servicios B\u00e1sicos<\/strong>.<\/li>\n<\/ul>\n\n\n\n<h3 class=\"wp-block-heading\"><strong>Un Liderazgo Abierto y Participativo<\/strong><\/h3>\n\n\n\n<p>La visi\u00f3n de Pallotti se centra en una <strong>gesti\u00f3n participativa<\/strong>. En el programa, el electo presidente se refiri\u00f3 a la importancia del <strong>di\u00e1logo con las instituciones locales<\/strong> y el papel fundamental que jugar\u00e1n los <strong>vecinos<\/strong>. Tambi\u00e9n present\u00f3 un panorama sobre su <strong>equipo de trabajo<\/strong> y brind\u00f3 una definici\u00f3n de su <strong>estilo de liderazgo<\/strong>.<\/p>\n\n\n\n<p>No se pierda esta oportunidad de conocer de primera mano la visi\u00f3n, los proyectos y el compromiso de quien ser\u00e1 la nueva autoridad de <strong>Villa Elo\u00edsa<\/strong>.<\/p>\n\n\n\n<h3 class=\"wp-block-heading\">\ud83d\udcfa <strong>No te lo pierdas<\/strong><\/h3>\n\n\n\n<p><strong>Programa:<\/strong> Deliberando <strong>D\u00eda y Hora:<\/strong> Hoy, Martes 21 hs <strong>Medio:<\/strong> Cable Imagen Armstrong <strong>Entrevistado:<\/strong> Luciano Pallotti, Presidente Comunal electo de Villa Elo\u00edsa.<\/p>\n","protected":false},"excerpt":{"rendered":"<p>El presidente comunal electo, quien asumir\u00e1 el pr\u00f3ximo 10 de diciembre, brinda detalles de la transici\u00f3n, sus primeras medidas y los principales ejes de su plan de gobierno en una entrevista exclusiva para el programa Deliberando. El aire de Villa Elo\u00edsa est\u00e1 cargado de expectativas ante la inminente asunci\u00f3n del nuevo presidente comunal electo, el <a href=\"https:\/\/armstrongyregion.com.ar\/diario\/deliberando-luciano-pallotti-el-futuro-de-villa-eloisa\/\" title=\"Read more\" >&#8230;<\/a><\/p>\n","protected":false},"author":1,"featured_media":47538,"comment_status":"open","ping_status":"open","sticky":false,"template":"","format":"image","meta":{"_jetpack_memberships_contains_paid_content":false,"footnotes":"","jetpack_publicize_message":"","jetpack_publicize_feature_enabled":true,"jetpack_social_post_already_shared":true,"jetpack_social_options":{"image_generator_settings":{"template":"highway","default_image_id":0,"enabled":false},"version":2}},"categories":[6,8,1,2,7,3],"tags":[3263,44,5030,2254,12175,11765],"class_list":["post-47537","post","type-post","status-publish","format-image","has-post-thumbnail","hentry","category-cultura-entretenimiento","category-deliberando","category-diario-armstrong","category-locales","category-politica","category-region","tag-10-de-diciembre","tag-deliberando-2","tag-diario-armstrong","tag-futuro","tag-luciano-pallotti","tag-villa-eloisa-2","post_format-post-format-image"],"jetpack_publicize_connections":[],"jetpack_featured_media_url":"https:\/\/armstrongyregion.com.ar\/diario\/wp-content\/uploads\/2025\/11\/LUCIANO-PALLOTTI.jpg","jetpack_shortlink":"https:\/\/wp.me\/p62QDO-cmJ","jetpack_sharing_enabled":true,"amp_enabled":true,"_links":{"self":[{"href":"https:\/\/armstrongyregion.com.ar\/diario\/wp-json\/wp\/v2\/posts\/47537","targetHints":{"allow":["GET"]}}],"collection":[{"href":"https:\/\/armstrongyregion.com.ar\/diario\/wp-json\/wp\/v2\/posts"}],"about":[{"href":"https:\/\/armstrongyregion.com.ar\/diario\/wp-json\/wp\/v2\/types\/post"}],"author":[{"embeddable":true,"href":"https:\/\/armstrongyregion.com.ar\/diario\/wp-json\/wp\/v2\/users\/1"}],"replies":[{"embeddable":true,"href":"https:\/\/armstrongyregion.com.ar\/diario\/wp-json\/wp\/v2\/comments?post=47537"}],"version-history":[{"count":1,"href":"https:\/\/armstrongyregion.com.ar\/diario\/wp-json\/wp\/v2\/posts\/47537\/revisions"}],"predecessor-version":[{"id":47539,"href":"https:\/\/armstrongyregion.com.ar\/diario\/wp-json\/wp\/v2\/posts\/47537\/revisions\/47539"}],"wp:featuredmedia":[{"embeddable":true,"href":"https:\/\/armstrongyregion.com.ar\/diario\/wp-json\/wp\/v2\/media\/47538"}],"wp:attachment":[{"href":"https:\/\/armstrongyregion.com.ar\/diario\/wp-json\/wp\/v2\/media?parent=47537"}],"wp:term":[{"taxonomy":"category","embeddable":true,"href":"https:\/\/armstrongyregion.com.ar\/diario\/wp-json\/wp\/v2\/categories?post=47537"},{"taxonomy":"post_tag","embeddable":true,"href":"https:\/\/armstrongyregion.com.ar\/diario\/wp-json\/wp\/v2\/tags?post=47537"}],"curies":[{"name":"wp","href":"https:\/\/api.w.org\/{rel}","templated":true}]}}