{"id":47528,"date":"2025-11-13T03:50:40","date_gmt":"2025-11-13T03:50:40","guid":{"rendered":"https:\/\/armstrongyregion.com.ar\/diario\/?p=47528"},"modified":"2025-11-13T03:50:42","modified_gmt":"2025-11-13T03:50:42","slug":"pullaro-la-unica-manera-de-que-argentina-salga-adelante-es-si-logra-producir-mas","status":"publish","type":"post","link":"https:\/\/armstrongyregion.com.ar\/diario\/pullaro-la-unica-manera-de-que-argentina-salga-adelante-es-si-logra-producir-mas\/","title":{"rendered":"Pullaro: \u201cLa \u00fanica manera de que Argentina salga adelante es si logra producir m\u00e1s\u201d"},"content":{"rendered":"\n<figure class=\"wp-block-image size-full\"><img loading=\"lazy\" decoding=\"async\" width=\"570\" height=\"320\" src=\"https:\/\/armstrongyregion.com.ar\/diario\/wp-content\/uploads\/2025\/11\/pullaro-.jpg\" alt=\"\" class=\"wp-image-47529\" srcset=\"https:\/\/armstrongyregion.com.ar\/diario\/wp-content\/uploads\/2025\/11\/pullaro-.jpg 570w, https:\/\/armstrongyregion.com.ar\/diario\/wp-content\/uploads\/2025\/11\/pullaro--300x168.jpg 300w\" sizes=\"auto, (max-width: 570px) 100vw, 570px\" \/><\/figure>\n\n\n\n<p>El gobernador particip\u00f3 de la 66\u00aa Fiesta de la Frutilla en Coronda y reivindic\u00f3 el papel de Santa Fe como motor productivo del pa\u00eds. Coincidi\u00f3 en la necesidad de las reformas laboral, tributaria y penal impulsadas por el gobierno nacional, aunque exigi\u00f3 una mirada que contemple las necesidades del interior productivo. \u201cNecesitamos bajar impuestos nacionales que hoy terminan en el conurbano y construir una reforma laboral con visi\u00f3n pyme, que incentive el empleo formal y la competitividad\u201d, sostuvo. Adem\u00e1s, pidi\u00f3 una nueva distribuci\u00f3n de los recursos para fortalecer la infraestructura, la energ\u00eda y la log\u00edstica que impulsan las exportaciones santafesinas.<\/p>\n\n\n\n<p>El gobernador Maximiliano Pullaro particip\u00f3 el s\u00e1bado por la noche de la 66\u00aa edici\u00f3n de la tradicional Fiesta de la Frutilla, en la ciudad de Coronda, donde remarc\u00f3 que \u201cla \u00fanica manera de que Argentina salga adelante es si logra producir m\u00e1s\u201d. Acompa\u00f1ado por el intendente Ricardo Ram\u00edrez; los ministros de Igualdad y Desarrollo Humano, Victoria Tejeda; de Econom\u00eda, Pablo Olivares; de Cultura, Susana Rueda; la secretaria de Gesti\u00f3n Institucional del ministerio de Justicia y Seguridad; Virginia Coudannes, y el senador departamental Leonardo Diana, el mandatario provincial recorri\u00f3 la exposici\u00f3n y convers\u00f3 con productores locales.<\/p>\n\n\n\n<p>Durante su visita, Pullaro destac\u00f3 la importancia de fortalecer la producci\u00f3n santafesina como motor del desarrollo nacional: \u201cDesde ese lugar hemos trabajado en un plan con 40 mesas productivas que nos han permitido mejorar. Desde el Santa Fe Business F\u00f3rum, que nos permite mirar la internacionalizaci\u00f3n de las pol\u00edticas de exportaci\u00f3n, hasta las acciones que vinculan directamente al productor con quien puede comprarle, para potenciar los sectores, las ventas y el comercio. Estamos muy conformes: la provincia de Santa Fe empuja la econom\u00eda y el crecimiento de la Rep\u00fablica Argentina\u201d.<\/p>\n\n\n\n<p><img decoding=\"async\" alt=\"\" src=\"https:\/\/ci3.googleusercontent.com\/meips\/ADKq_NYRQbeD93Je43a9oZ0Gr-vdyGcJOKA7mbO9cEMqrL7U9u7fC5gowwkQ59V6N6Hi6b2oji8MuZihHZYgiAhk-Sdx63K2w9l1gEiZL1RcCzy4r7wprtZEu-peYqIfRhdTwF7osmfProZ52lI_HAs=s0-d-e1-ft#https:\/\/www.santafe.gov.ar\/noticias\/recursos\/fotos\/2025\/11\/2025-11-09NID_284532O_1.jpeg\"><br>El gobernador reiter\u00f3 que el interior productivo necesita una mayor atenci\u00f3n por parte del Estado nacional. \u201cPermanentemente le pedimos al Estado Nacional y a los diferentes gobiernos que puedan mirar a la provincia de Santa Fe, que tanto aporta y tan poco recibe. Necesitamos producir m\u00e1s, y para eso necesitamos mejores rutas, infraestructura energ\u00e9tica y log\u00edstica, puertos, aeropuertos y conectividad que permitan sacar nuestros productos al mundo y bajar los costos productivos para poder producir m\u00e1s barato\u201d, enfatiz\u00f3.<\/p>\n\n\n\n<figure class=\"wp-block-image\"><img decoding=\"async\" src=\"https:\/\/ci3.googleusercontent.com\/meips\/ADKq_NYIqjb_lkgZZuOLkg7njwwKs7inG3o1FU0r0_JAphFfyXwV7zdEmKizJ9co9PBmHFqgBPrqnWFwmVvr6dT2pwnrYKW6OVJlAVJ6inXF3_efNotBWRiWGBvxL1D_aF3aIVuv7Ayn3f3xVZrFHXQ=s0-d-e1-ft#https:\/\/www.santafe.gov.ar\/noticias\/recursos\/fotos\/2025\/11\/2025-11-09NID_284532O_3.jpeg\" alt=\"\"\/><\/figure>\n\n\n\n<p><strong>Reclamo por menor presi\u00f3n fiscal<\/strong><\/p>\n\n\n\n<p>Consultado sobre las reformas que impulsa el gobierno nacional, particularmente la impositiva, Pullaro sostuvo con firmeza que las retenciones (que cobra el Estado nacional) \u201cson el impuesto m\u00e1s regresivo que hay en la Rep\u00fablica Argentina\u201d. En esa l\u00ednea, argument\u00f3: \u201cLa provincia de Santa Fe le aporta alrededor de 3 mil millones de d\u00f3lares por a\u00f1o al Estado Nacional, y lamentablemente nada vuelve. Esos recursos terminan subsidiando a barones del conurbano, a punteros, a planes en el conurbano bonaerense. Por eso tenemos que empezar a discutir nuevamente el sistema impositivo argentino\u201d.<\/p>\n\n\n\n<p>El mandatario remarc\u00f3 que \u201cnecesitamos que se bajen todos los impuestos -nacionales, provinciales y locales- para poder producir m\u00e1s\u201d, y pidi\u00f3 una distribuci\u00f3n m\u00e1s equitativa de los recursos que hoy, dijo, \u201cse concentran en el \u00e1rea metropolitana de Buenos Aires en detrimento del interior productivo\u201d.<\/p>\n\n\n\n<p>Pullaro manifest\u00f3 su coincidencia en la necesidad de una reducci\u00f3n general de impuestos, insistiendo en los casos de las retenciones y el impuesto al cheque, \u201cdos tributos muy regresivos para la Rep\u00fablica Argentina\u201d.&nbsp;<\/p>\n\n\n\n<figure class=\"wp-block-image\"><img decoding=\"async\" src=\"https:\/\/ci3.googleusercontent.com\/meips\/ADKq_NZXSqZGvnNFG29k55ueMUzDwP3z0_y8HXtI5T_ERlthIl56xj0vqfOIRys87ejVCeCOJtBJAwBpG2BguGlzuU0RqO4tPZGp97f-hBNpf4bEukWbpbnTi8IJg4Xrdc6pKem_Sy2WWU7sQW1Y9dA=s0-d-e1-ft#https:\/\/www.santafe.gov.ar\/noticias\/recursos\/fotos\/2025\/11\/2025-11-09NID_284532O_4.jpeg\" alt=\"\"\/><\/figure>\n\n\n\n<p><strong>Sobre las reformas nacionales<\/strong><\/p>\n\n\n\n<p>En relaci\u00f3n a la reforma laboral reiter\u00f3 la necesidad de \u201cuna mirada pyme y tambi\u00e9n de los trabajadores, fundamentalmente para poder emplear a las personas que hoy est\u00e1n en el sector informal. El 50% de los argentinos trabaja, pero en la informalidad. Necesitamos incorporarlos al mercado de trabajo formal\u201d.<\/p>\n\n\n\n<p>Sobre la reforma tributaria, Pullaro manifest\u00f3 su coincidencia en la necesidad de una reducci\u00f3n general de impuestos, insistiendo en los casos de las retenciones y el impuesto al cheque, \u201cdos tributos muy regresivos para la Rep\u00fablica Argentina\u201d. Adem\u00e1s, adelant\u00f3 que \u201csi esto sucede y la Argentina crece, nos comprometimos a bajar tambi\u00e9n los ingresos brutos, algo que entendemos fundamental para seguir impulsando la producci\u00f3n\u201d.<\/p>\n\n\n\n<p>Respecto de la reforma penal, Pullaro fue categ\u00f3rico: \u201cDebe mirar las penas desde otro lugar, no desde el aspecto garantista como hasta ahora. La persona que comete un delito tiene que pagar en la c\u00e1rcel y no tener ning\u00fan tipo de privilegios\u201d.<\/p>\n","protected":false},"excerpt":{"rendered":"<p>El gobernador particip\u00f3 de la 66\u00aa Fiesta de la Frutilla en Coronda y reivindic\u00f3 el papel de Santa Fe como motor productivo del pa\u00eds. Coincidi\u00f3 en la necesidad de las reformas laboral, tributaria y penal impulsadas por el gobierno nacional, aunque exigi\u00f3 una mirada que contemple las necesidades del interior productivo. \u201cNecesitamos bajar impuestos nacionales <a href=\"https:\/\/armstrongyregion.com.ar\/diario\/pullaro-la-unica-manera-de-que-argentina-salga-adelante-es-si-logra-producir-mas\/\" title=\"Read more\" >&#8230;<\/a><\/p>\n","protected":false},"author":1,"featured_media":47529,"comment_status":"open","ping_status":"open","sticky":false,"template":"","format":"image","meta":{"_jetpack_memberships_contains_paid_content":false,"footnotes":"","jetpack_publicize_message":"","jetpack_publicize_feature_enabled":true,"jetpack_social_post_already_shared":true,"jetpack_social_options":{"image_generator_settings":{"template":"highway","default_image_id":0,"enabled":false},"version":2}},"categories":[6,8,1,2,7,3],"tags":[19,5030,620,12173,31,2846],"class_list":["post-47528","post","type-post","status-publish","format-image","has-post-thumbnail","hentry","category-cultura-entretenimiento","category-deliberando","category-diario-armstrong","category-locales","category-politica","category-region","tag-de","tag-diario-armstrong","tag-fiesta","tag-frutilla","tag-la","tag-pullaro","post_format-post-format-image"],"jetpack_publicize_connections":[],"jetpack_featured_media_url":"https:\/\/armstrongyregion.com.ar\/diario\/wp-content\/uploads\/2025\/11\/pullaro-.jpg","jetpack_shortlink":"https:\/\/wp.me\/p62QDO-cmA","jetpack_sharing_enabled":true,"amp_enabled":true,"_links":{"self":[{"href":"https:\/\/armstrongyregion.com.ar\/diario\/wp-json\/wp\/v2\/posts\/47528","targetHints":{"allow":["GET"]}}],"collection":[{"href":"https:\/\/armstrongyregion.com.ar\/diario\/wp-json\/wp\/v2\/posts"}],"about":[{"href":"https:\/\/armstrongyregion.com.ar\/diario\/wp-json\/wp\/v2\/types\/post"}],"author":[{"embeddable":true,"href":"https:\/\/armstrongyregion.com.ar\/diario\/wp-json\/wp\/v2\/users\/1"}],"replies":[{"embeddable":true,"href":"https:\/\/armstrongyregion.com.ar\/diario\/wp-json\/wp\/v2\/comments?post=47528"}],"version-history":[{"count":1,"href":"https:\/\/armstrongyregion.com.ar\/diario\/wp-json\/wp\/v2\/posts\/47528\/revisions"}],"predecessor-version":[{"id":47530,"href":"https:\/\/armstrongyregion.com.ar\/diario\/wp-json\/wp\/v2\/posts\/47528\/revisions\/47530"}],"wp:featuredmedia":[{"embeddable":true,"href":"https:\/\/armstrongyregion.com.ar\/diario\/wp-json\/wp\/v2\/media\/47529"}],"wp:attachment":[{"href":"https:\/\/armstrongyregion.com.ar\/diario\/wp-json\/wp\/v2\/media?parent=47528"}],"wp:term":[{"taxonomy":"category","embeddable":true,"href":"https:\/\/armstrongyregion.com.ar\/diario\/wp-json\/wp\/v2\/categories?post=47528"},{"taxonomy":"post_tag","embeddable":true,"href":"https:\/\/armstrongyregion.com.ar\/diario\/wp-json\/wp\/v2\/tags?post=47528"}],"curies":[{"name":"wp","href":"https:\/\/api.w.org\/{rel}","templated":true}]}}