{"id":47512,"date":"2025-11-13T02:21:08","date_gmt":"2025-11-13T02:21:08","guid":{"rendered":"https:\/\/armstrongyregion.com.ar\/diario\/?p=47512"},"modified":"2025-11-13T02:21:10","modified_gmt":"2025-11-13T02:21:10","slug":"armstrong-segunda-edicion-de-audiciones-academicas","status":"publish","type":"post","link":"https:\/\/armstrongyregion.com.ar\/diario\/armstrong-segunda-edicion-de-audiciones-academicas\/","title":{"rendered":"Armstrong. Segunda edici\u00f3n de Audiciones Acad\u00e9micas."},"content":{"rendered":"\n<figure class=\"wp-block-image size-large\"><img loading=\"lazy\" decoding=\"async\" width=\"640\" height=\"427\" src=\"https:\/\/armstrongyregion.com.ar\/diario\/wp-content\/uploads\/2025\/11\/audiciones-1--640x427.jpg\" alt=\"\" class=\"wp-image-47513\" srcset=\"https:\/\/armstrongyregion.com.ar\/diario\/wp-content\/uploads\/2025\/11\/audiciones-1--640x427.jpg 640w, https:\/\/armstrongyregion.com.ar\/diario\/wp-content\/uploads\/2025\/11\/audiciones-1--300x200.jpg 300w, https:\/\/armstrongyregion.com.ar\/diario\/wp-content\/uploads\/2025\/11\/audiciones-1-.jpg 729w\" sizes=\"auto, (max-width: 640px) 100vw, 640px\" \/><\/figure>\n\n\n\n<p>El Conservatorio Municipal de M\u00fasica finaliz\u00f3 con gran \u00e9xito la segunda edici\u00f3n de sus Audiciones<br>Acad\u00e9micas y por ello, sus integrantes est\u00e1n orgullosos de ver c\u00f3mo este evento se afianza a\u00f1o a<br>a\u00f1o.<\/p>\n\n\n\n<figure class=\"wp-block-image size-large\"><img loading=\"lazy\" decoding=\"async\" width=\"640\" height=\"427\" src=\"https:\/\/armstrongyregion.com.ar\/diario\/wp-content\/uploads\/2025\/11\/audiciones-2-640x427.jpg\" alt=\"\" class=\"wp-image-47514\" srcset=\"https:\/\/armstrongyregion.com.ar\/diario\/wp-content\/uploads\/2025\/11\/audiciones-2-640x427.jpg 640w, https:\/\/armstrongyregion.com.ar\/diario\/wp-content\/uploads\/2025\/11\/audiciones-2-300x200.jpg 300w, https:\/\/armstrongyregion.com.ar\/diario\/wp-content\/uploads\/2025\/11\/audiciones-2.jpg 696w\" sizes=\"auto, (max-width: 640px) 100vw, 640px\" \/><\/figure>\n\n\n\n<p><br>Las mismas se desarrollaron en dos intensas jornadas llevadas a cabo los d\u00edas lunes 27 y jueves 30 de<br>octubre en el Auditorio Delmo Dar\u00f3, cuando se cont\u00f3 con la participaci\u00f3n de todas las c\u00e1tedras,<br>iniciaci\u00f3n musical y coro infanto juvenil.<\/p>\n\n\n\n<figure class=\"wp-block-image size-large\"><img loading=\"lazy\" decoding=\"async\" width=\"640\" height=\"427\" src=\"https:\/\/armstrongyregion.com.ar\/diario\/wp-content\/uploads\/2025\/11\/audiciones-3--640x427.jpg\" alt=\"\" class=\"wp-image-47515\" srcset=\"https:\/\/armstrongyregion.com.ar\/diario\/wp-content\/uploads\/2025\/11\/audiciones-3--640x427.jpg 640w, https:\/\/armstrongyregion.com.ar\/diario\/wp-content\/uploads\/2025\/11\/audiciones-3--300x200.jpg 300w, https:\/\/armstrongyregion.com.ar\/diario\/wp-content\/uploads\/2025\/11\/audiciones-3-.jpg 679w\" sizes=\"auto, (max-width: 640px) 100vw, 640px\" \/><\/figure>\n\n\n\n<p><br>Este espacio de muestra acad\u00e9mica puso en evidencia la notable evoluci\u00f3n del nivel musical que<br>est\u00e1n teniendo los alumnos, desde los que dan sus primeros pasos hasta los que ya est\u00e1n desde hace<br>un tiempo en el Conservatorio, lo cual demuestra un nivel que a\u00f1o tras a\u00f1o se va superando.<br>Un punto importante de estas audiciones fueron las presentaciones en formato de conjunto, que<br>nos permiti\u00f3 apreciar el valor del trabajo colaborativo y la coordinaci\u00f3n instrumental entre los<br>alumnos. Debemos destacar especialmente el debut del taller de Ensamble de Cuerdas, una nueva<br>propuesta que lleg\u00f3 para quedarse.<br>La gran participaci\u00f3n de estudiantes de todas las c\u00e1tedras subraya la continuidad de nuestros<br>alumnos, quienes se mantienen firmes en su camino de formaci\u00f3n musical a lo largo de los a\u00f1os.<br>Este compromiso sostenido asegura la renovaci\u00f3n constante de nuevos estudiantes y reafirma el rol<br>esencial que desempe\u00f1amos en el Conservatorio Municipal con la calidad educativa y la difusi\u00f3n<br>musical en toda la comunidad y la regi\u00f3n.<br>Se destaca la gran convocatoria de p\u00fablico, con la masiva asistencia de familiares y vecinos de<br>Armstrong, que brindaron un apoyo incondicional a los alumnos, creando un ambiente emotivo en<br>ambas jornadas.<br>Vale destacar que hasta el d\u00eda 30 de noviembre de 2025 se encuentra abierta la inscripci\u00f3n para el<br>ciclo 2026 en cada una de las disciplinas que ofrece este espacio municipal. Informes e inscripci\u00f3n:<br>tel. 3471-579905, o escribir a conservatorio.armstrong@gmail.com.<\/p>\n","protected":false},"excerpt":{"rendered":"<p>El Conservatorio Municipal de M\u00fasica finaliz\u00f3 con gran \u00e9xito la segunda edici\u00f3n de sus AudicionesAcad\u00e9micas y por ello, sus integrantes est\u00e1n orgullosos de ver c\u00f3mo este evento se afianza a\u00f1o aa\u00f1o. Las mismas se desarrollaron en dos intensas jornadas llevadas a cabo los d\u00edas lunes 27 y jueves 30 deoctubre en el Auditorio Delmo Dar\u00f3, <a href=\"https:\/\/armstrongyregion.com.ar\/diario\/armstrong-segunda-edicion-de-audiciones-academicas\/\" title=\"Read more\" >&#8230;<\/a><\/p>\n","protected":false},"author":1,"featured_media":47513,"comment_status":"open","ping_status":"open","sticky":false,"template":"","format":"image","meta":{"_jetpack_memberships_contains_paid_content":false,"footnotes":"","jetpack_publicize_message":"","jetpack_publicize_feature_enabled":true,"jetpack_social_post_already_shared":true,"jetpack_social_options":{"image_generator_settings":{"template":"highway","default_image_id":0,"enabled":false},"version":2}},"categories":[6,8,1,2,7,3],"tags":[11849,20,3574,5030,317,8777,1527],"class_list":["post-47512","post","type-post","status-publish","format-image","has-post-thumbnail","hentry","category-cultura-entretenimiento","category-deliberando","category-diario-armstrong","category-locales","category-politica","category-region","tag-academicas-2","tag-armstrong","tag-audiciones","tag-diario-armstrong","tag-edicion","tag-lic-graciela-de-la-casa","tag-segunda","post_format-post-format-image"],"jetpack_publicize_connections":[],"jetpack_featured_media_url":"https:\/\/armstrongyregion.com.ar\/diario\/wp-content\/uploads\/2025\/11\/audiciones-1-.jpg","jetpack_shortlink":"https:\/\/wp.me\/p62QDO-cmk","jetpack_sharing_enabled":true,"amp_enabled":true,"_links":{"self":[{"href":"https:\/\/armstrongyregion.com.ar\/diario\/wp-json\/wp\/v2\/posts\/47512","targetHints":{"allow":["GET"]}}],"collection":[{"href":"https:\/\/armstrongyregion.com.ar\/diario\/wp-json\/wp\/v2\/posts"}],"about":[{"href":"https:\/\/armstrongyregion.com.ar\/diario\/wp-json\/wp\/v2\/types\/post"}],"author":[{"embeddable":true,"href":"https:\/\/armstrongyregion.com.ar\/diario\/wp-json\/wp\/v2\/users\/1"}],"replies":[{"embeddable":true,"href":"https:\/\/armstrongyregion.com.ar\/diario\/wp-json\/wp\/v2\/comments?post=47512"}],"version-history":[{"count":1,"href":"https:\/\/armstrongyregion.com.ar\/diario\/wp-json\/wp\/v2\/posts\/47512\/revisions"}],"predecessor-version":[{"id":47516,"href":"https:\/\/armstrongyregion.com.ar\/diario\/wp-json\/wp\/v2\/posts\/47512\/revisions\/47516"}],"wp:featuredmedia":[{"embeddable":true,"href":"https:\/\/armstrongyregion.com.ar\/diario\/wp-json\/wp\/v2\/media\/47513"}],"wp:attachment":[{"href":"https:\/\/armstrongyregion.com.ar\/diario\/wp-json\/wp\/v2\/media?parent=47512"}],"wp:term":[{"taxonomy":"category","embeddable":true,"href":"https:\/\/armstrongyregion.com.ar\/diario\/wp-json\/wp\/v2\/categories?post=47512"},{"taxonomy":"post_tag","embeddable":true,"href":"https:\/\/armstrongyregion.com.ar\/diario\/wp-json\/wp\/v2\/tags?post=47512"}],"curies":[{"name":"wp","href":"https:\/\/api.w.org\/{rel}","templated":true}]}}