{"id":4751,"date":"2015-10-28T23:02:42","date_gmt":"2015-10-28T23:02:42","guid":{"rendered":"https:\/\/armstrongyregion.com.ar\/diario\/?p=4751"},"modified":"2015-10-28T23:02:42","modified_gmt":"2015-10-28T23:02:42","slug":"unidad-justicialista-solicita-el-cumplimiento-de-ordenanza-referida-al-funcionamiento-de-defensoria-del-pueblo","status":"publish","type":"post","link":"https:\/\/armstrongyregion.com.ar\/diario\/unidad-justicialista-solicita-el-cumplimiento-de-ordenanza-referida-al-funcionamiento-de-defensoria-del-pueblo\/","title":{"rendered":"Unidad Justicialista solicita el cumplimiento de ordenanza referida al funcionamiento de Defensor\u00eda del Pueblo."},"content":{"rendered":"<p><a href=\"http:\/\/armstrongyregion.com.ar\/diario\/wp-content\/uploads\/2015\/10\/Gerardo-Pavicic.1.jpg\"><img loading=\"lazy\" decoding=\"async\" class=\"alignnone size-medium wp-image-4752\" src=\"http:\/\/armstrongyregion.com.ar\/diario\/wp-content\/uploads\/2015\/10\/Gerardo-Pavicic.1-300x225.jpg\" alt=\"Gerardo Pavicic.\" width=\"300\" height=\"225\" srcset=\"https:\/\/armstrongyregion.com.ar\/diario\/wp-content\/uploads\/2015\/10\/Gerardo-Pavicic.1-300x225.jpg 300w, https:\/\/armstrongyregion.com.ar\/diario\/wp-content\/uploads\/2015\/10\/Gerardo-Pavicic.1.jpg 768w\" sizes=\"auto, (max-width: 300px) 100vw, 300px\" \/><\/a>El Dr. Gerardo Pavicic, presento una minuta debido a la necesidad de dar cumplimiento a la Ordenanza referenciada y contar con informaci\u00f3n de las gestiones realizadas por parte del D.E.M. para instalar la Sede o Delegaci\u00f3n de la Defensor\u00eda del Pueblo;\u00a0 y Considerando que la funci\u00f3n del Defensor del Pueblo, a trav\u00e9s de la Defensor\u00eda, que es un organismo descentralizado, unipersonal e independiente con autonom\u00eda funcional y autarqu\u00eda financiera que no recibe instrucciones de ninguna \u00edndole y tiene facultades de control extrapoder, protege los derechos fundamentales del individuo y los intereses difusos o colectivos de la comunidad contra actos irregulares, arbitrarios, ileg\u00edtimos, discriminatorios o negligentes de los funcionarios de la Administraci\u00f3n P\u00fablica;<\/p>\n<p>Que el ciudadano puede presentar una queja,\u00a0 reclamo o denuncia\u00a0\u00a0 si, por ejemplo, tiene problemas con: Servicios p\u00fablicos, impuestos y tarifas, Como usuario o consumidor, Con los vecinos,\u00a0 Con instituciones educativas, de salud y\/o de seguridad,\u00a0 Relativos a la Direcci\u00f3n,\u00a0 Provincial de Vivienda,\u00a0 Tr\u00e1nsito y transporte,\u00a0 Situaciones de corrupci\u00f3n, Violaci\u00f3n de los Derechos Humanos, Situaciones de discriminaci\u00f3n de cualquier tipo,\u00a0 Contaminaci\u00f3n ambiental, Control de alimentos y Abuso de autoridad, entre otros.<\/p>\n","protected":false},"excerpt":{"rendered":"<p>El Dr. Gerardo Pavicic, presento una minuta debido a la necesidad de dar cumplimiento a la Ordenanza referenciada y contar con informaci\u00f3n de las gestiones realizadas por parte del D.E.M. para instalar la Sede o Delegaci\u00f3n de la Defensor\u00eda del Pueblo;\u00a0 y Considerando que la funci\u00f3n del Defensor del Pueblo, a trav\u00e9s de la Defensor\u00eda, <a href=\"https:\/\/armstrongyregion.com.ar\/diario\/unidad-justicialista-solicita-el-cumplimiento-de-ordenanza-referida-al-funcionamiento-de-defensoria-del-pueblo\/\" title=\"Read more\" >&#8230;<\/a><\/p>\n","protected":false},"author":2,"featured_media":4752,"comment_status":"open","ping_status":"open","sticky":false,"template":"","format":"standard","meta":{"_jetpack_memberships_contains_paid_content":false,"footnotes":"","jetpack_publicize_message":"","jetpack_publicize_feature_enabled":true,"jetpack_social_post_already_shared":false,"jetpack_social_options":{"image_generator_settings":{"template":"highway","default_image_id":0,"enabled":false},"version":2}},"categories":[1,2,7,3],"tags":[179,2386,19,3034,53,16,1455,886,169,2810,3033,3030,202],"class_list":["post-4751","post","type-post","status-publish","format-standard","has-post-thumbnail","hentry","category-diario-armstrong","category-locales","category-politica","category-region","tag-al","tag-cumplimiento","tag-de","tag-defensoria","tag-del","tag-el","tag-funcionamiento","tag-justicialista","tag-ordenanza","tag-pueblo","tag-referida","tag-solicita","tag-unidad"],"jetpack_publicize_connections":[],"jetpack_featured_media_url":"https:\/\/armstrongyregion.com.ar\/diario\/wp-content\/uploads\/2015\/10\/Gerardo-Pavicic.1.jpg","jetpack_shortlink":"https:\/\/wp.me\/p62QDO-1eD","jetpack_sharing_enabled":true,"amp_enabled":true,"_links":{"self":[{"href":"https:\/\/armstrongyregion.com.ar\/diario\/wp-json\/wp\/v2\/posts\/4751","targetHints":{"allow":["GET"]}}],"collection":[{"href":"https:\/\/armstrongyregion.com.ar\/diario\/wp-json\/wp\/v2\/posts"}],"about":[{"href":"https:\/\/armstrongyregion.com.ar\/diario\/wp-json\/wp\/v2\/types\/post"}],"author":[{"embeddable":true,"href":"https:\/\/armstrongyregion.com.ar\/diario\/wp-json\/wp\/v2\/users\/2"}],"replies":[{"embeddable":true,"href":"https:\/\/armstrongyregion.com.ar\/diario\/wp-json\/wp\/v2\/comments?post=4751"}],"version-history":[{"count":0,"href":"https:\/\/armstrongyregion.com.ar\/diario\/wp-json\/wp\/v2\/posts\/4751\/revisions"}],"wp:featuredmedia":[{"embeddable":true,"href":"https:\/\/armstrongyregion.com.ar\/diario\/wp-json\/wp\/v2\/media\/4752"}],"wp:attachment":[{"href":"https:\/\/armstrongyregion.com.ar\/diario\/wp-json\/wp\/v2\/media?parent=4751"}],"wp:term":[{"taxonomy":"category","embeddable":true,"href":"https:\/\/armstrongyregion.com.ar\/diario\/wp-json\/wp\/v2\/categories?post=4751"},{"taxonomy":"post_tag","embeddable":true,"href":"https:\/\/armstrongyregion.com.ar\/diario\/wp-json\/wp\/v2\/tags?post=4751"}],"curies":[{"name":"wp","href":"https:\/\/api.w.org\/{rel}","templated":true}]}}