{"id":47481,"date":"2025-11-04T16:09:41","date_gmt":"2025-11-04T16:09:41","guid":{"rendered":"https:\/\/armstrongyregion.com.ar\/diario\/?p=47481"},"modified":"2025-11-04T16:18:21","modified_gmt":"2025-11-04T16:18:21","slug":"futuro-profesional-en-armstrong-el-terciario-n-51-de-la-escuela-manuel-belgrano-despliega-su-oferta-educativa","status":"publish","type":"post","link":"https:\/\/armstrongyregion.com.ar\/diario\/futuro-profesional-en-armstrong-el-terciario-n-51-de-la-escuela-manuel-belgrano-despliega-su-oferta-educativa\/","title":{"rendered":"\u00a1Futuro Profesional en Armstrong! El Terciario N\u00b0 51 de la Escuela Manuel Belgrano despliega su Oferta Educativa."},"content":{"rendered":"\n<figure class=\"wp-block-image size-large\"><img loading=\"lazy\" decoding=\"async\" width=\"480\" height=\"480\" src=\"https:\/\/armstrongyregion.com.ar\/diario\/wp-content\/uploads\/2025\/11\/sup-n.51--480x480.jpg\" alt=\"\" class=\"wp-image-47486\" srcset=\"https:\/\/armstrongyregion.com.ar\/diario\/wp-content\/uploads\/2025\/11\/sup-n.51--480x480.jpg 480w, https:\/\/armstrongyregion.com.ar\/diario\/wp-content\/uploads\/2025\/11\/sup-n.51--300x300.jpg 300w, https:\/\/armstrongyregion.com.ar\/diario\/wp-content\/uploads\/2025\/11\/sup-n.51--150x150.jpg 150w, https:\/\/armstrongyregion.com.ar\/diario\/wp-content\/uploads\/2025\/11\/sup-n.51-.jpg 720w\" sizes=\"auto, (max-width: 480px) 100vw, 480px\" \/><\/figure>\n\n\n\n<p>El programa de televisi\u00f3n <strong>\u00abDeliberando\u00bb<\/strong> recibi\u00f3 la visita de la Prof. <strong>Fernanda de Benedetti<\/strong>, Regente de la Escuela Superior de Comercio N\u00b0 51 \u00abDr. Manuel Belgrano\u00bb, junto a un egresado y un alumno, para conversar sobre la <strong>creciente y vital oferta de Tecnicaturas Superiores<\/strong> que se dictan en Armstrong.<\/p>\n\n\n\n<figure class=\"wp-block-image size-full\"><img loading=\"lazy\" decoding=\"async\" width=\"536\" height=\"413\" src=\"https:\/\/armstrongyregion.com.ar\/diario\/wp-content\/uploads\/2025\/11\/Ferd-De-Benedetti-11-25-1.jpg\" alt=\"\" class=\"wp-image-47485\" srcset=\"https:\/\/armstrongyregion.com.ar\/diario\/wp-content\/uploads\/2025\/11\/Ferd-De-Benedetti-11-25-1.jpg 536w, https:\/\/armstrongyregion.com.ar\/diario\/wp-content\/uploads\/2025\/11\/Ferd-De-Benedetti-11-25-1-300x231.jpg 300w\" sizes=\"auto, (max-width: 536px) 100vw, 536px\" \/><\/figure>\n\n\n\n<h3 class=\"wp-block-heading\"> <strong>La Visi\u00f3n Educativa de la Regente<\/strong><\/h3>\n\n\n\n<p>La Prof. De Benedetti destac\u00f3 la <strong>importancia estrat\u00e9gica<\/strong> de las tecnicaturas para el desarrollo productivo de Armstrong y la regi\u00f3n. La oferta actual incluye la Tecnicatura Superior en <strong>Gesti\u00f3n Industrial<\/strong>, <strong>Recursos Humanos<\/strong> e <strong>Higiene y Seguridad Laboral<\/strong>, carreras elegidas para responder a la demanda espec\u00edfica del entramado industrial y empresarial local y regional.<\/p>\n\n\n\n<blockquote class=\"wp-block-quote is-layout-flow wp-block-quote-is-layout-flow\">\n<p><em>\u00abBuscamos formar egresados con un fuerte anclaje pr\u00e1ctico, dotados de <strong>habilidades blandas<\/strong> y con la capacidad de adaptarse a los cambios constantes. Para esto, contamos con <strong>convenios y articulaciones<\/strong> con empresas que enriquecen la formaci\u00f3n\u00bb,<\/em> se\u00f1al\u00f3 la Regente.<\/p>\n<\/blockquote>\n\n\n\n<figure class=\"wp-block-image size-full\"><img loading=\"lazy\" decoding=\"async\" width=\"536\" height=\"443\" src=\"https:\/\/armstrongyregion.com.ar\/diario\/wp-content\/uploads\/2025\/11\/Chano-Ceballos-10-25.jpg\" alt=\"\" class=\"wp-image-47483\" srcset=\"https:\/\/armstrongyregion.com.ar\/diario\/wp-content\/uploads\/2025\/11\/Chano-Ceballos-10-25.jpg 536w, https:\/\/armstrongyregion.com.ar\/diario\/wp-content\/uploads\/2025\/11\/Chano-Ceballos-10-25-300x248.jpg 300w\" sizes=\"auto, (max-width: 536px) 100vw, 536px\" \/><\/figure>\n\n\n\n<h3 class=\"wp-block-heading\"> <strong>El Balance de la Primera Promoci\u00f3n de RR.HH.<\/strong><\/h3>\n\n\n\n<p><strong>Luciano Ceballos<\/strong>, estudiante a egresar de la primera cohorte de la Tecnicatura en Recursos Humanos, comparti\u00f3 su entusiasmo. Explic\u00f3 que eligi\u00f3 la carrera por su <strong>componente human\u00edstico<\/strong> y la posibilidad de estudiarla en su ciudad.<\/p>\n\n\n\n<blockquote class=\"wp-block-quote is-layout-flow wp-block-quote-is-layout-flow\">\n<p><em>\u00abLa sensaci\u00f3n de &#8216;inaugurar&#8217; la carrera fue muy estimulante. Adquirimos competencias clave para la <strong>administraci\u00f3n moderna de personal<\/strong> y la gesti\u00f3n del talento, con un gran foco en la <strong>resoluci\u00f3n de conflictos y la comunicaci\u00f3n<\/strong>\u00ab,<\/em> coment\u00f3 Ceballos, resaltando la fuerte impronta pr\u00e1ctica de la formaci\u00f3n.<\/p>\n<\/blockquote>\n\n\n\n<p>Adem\u00e1s, se subray\u00f3 el rol fundamental de los futuros T\u00e9cnicos en <strong>Gesti\u00f3n Industrial<\/strong> y en <strong>Higiene y Seguridad Laboral<\/strong> para asegurar la eficiencia, productividad y la <strong>prevenci\u00f3n de riesgos<\/strong> en los ambientes de trabajo de la zona de influencia.<\/p>\n\n\n\n<figure class=\"wp-block-image size-full\"><img loading=\"lazy\" decoding=\"async\" width=\"536\" height=\"433\" src=\"https:\/\/armstrongyregion.com.ar\/diario\/wp-content\/uploads\/2025\/11\/bruno-solis-11-25.jpg\" alt=\"\" class=\"wp-image-47484\" srcset=\"https:\/\/armstrongyregion.com.ar\/diario\/wp-content\/uploads\/2025\/11\/bruno-solis-11-25.jpg 536w, https:\/\/armstrongyregion.com.ar\/diario\/wp-content\/uploads\/2025\/11\/bruno-solis-11-25-300x242.jpg 300w\" sizes=\"auto, (max-width: 536px) 100vw, 536px\" \/><\/figure>\n\n\n\n<h3 class=\"wp-block-heading\"> <strong>Una Secundaria que Impulsa el Ma\u00f1ana<\/strong><\/h3>\n\n\n\n<p>El cierre del encuentro cont\u00f3 con la participaci\u00f3n de <strong>Bruno Sol\u00eds<\/strong>, alumno que est\u00e1 culminando su paso por la escuela secundaria N\u00b0 51. Bruno eligi\u00f3 la instituci\u00f3n por su <strong>calidez y el sentido de pertenencia<\/strong> que se fomenta.<\/p>\n\n\n\n<blockquote class=\"wp-block-quote is-layout-flow wp-block-quote-is-layout-flow\">\n<p><em>\u00abLa escuela no solo nos da conocimientos, sino que nos prepara para lo que viene. Los docentes y el plan de estudios son clave para <strong>continuar estudios superiores o insertarse en el mundo laboral<\/strong>\u00ab,<\/em> afirm\u00f3 Bruno, destacando la accesibilidad de los directivos y profesores.<\/p>\n<\/blockquote>\n\n\n\n<p>La Escuela Superior de Comercio N\u00b0 51 \u00abDr. Manuel Belgrano\u00bb se consolida as\u00ed como un <strong>polo educativo integral<\/strong>, que acompa\u00f1a a los j\u00f3venes desde el nivel secundario, con sus orientaciones espec\u00edficas, hasta el nivel superior, formando profesionales que ser\u00e1n los <strong>motores del desarrollo regional.<\/strong><\/p>\n\n\n\n<p>Deliberando; Programa de TV. Estreno Martes 21hs Por CIA.<\/p>\n\n\n\n<p>Reiteraci\u00f3n: Mi\u00e9rcoles 13,30hs.<\/p>\n","protected":false},"excerpt":{"rendered":"<p>El programa de televisi\u00f3n \u00abDeliberando\u00bb recibi\u00f3 la visita de la Prof. Fernanda de Benedetti, Regente de la Escuela Superior de Comercio N\u00b0 51 \u00abDr. Manuel Belgrano\u00bb, junto a un egresado y un alumno, para conversar sobre la creciente y vital oferta de Tecnicaturas Superiores que se dictan en Armstrong. La Visi\u00f3n Educativa de la Regente <a href=\"https:\/\/armstrongyregion.com.ar\/diario\/futuro-profesional-en-armstrong-el-terciario-n-51-de-la-escuela-manuel-belgrano-despliega-su-oferta-educativa\/\" title=\"Read more\" >&#8230;<\/a><\/p>\n","protected":false},"author":1,"featured_media":47486,"comment_status":"open","ping_status":"open","sticky":false,"template":"","format":"image","meta":{"_jetpack_memberships_contains_paid_content":false,"footnotes":"","jetpack_publicize_message":"","jetpack_publicize_feature_enabled":true,"jetpack_social_post_already_shared":true,"jetpack_social_options":{"image_generator_settings":{"template":"highway","default_image_id":0,"enabled":false},"version":2}},"categories":[6,8,1,2,7,3],"tags":[12157,12158,5030,12155,11824,12156],"class_list":["post-47481","post","type-post","status-publish","format-image","has-post-thumbnail","hentry","category-cultura-entretenimiento","category-deliberando","category-diario-armstrong","category-locales","category-politica","category-region","tag-bruno-solis","tag-deliberando-programa-tv","tag-diario-armstrong","tag-esc-sup-de-comercio-n-51-2","tag-fernanda-de-benedetti","tag-luciano-ceballo","post_format-post-format-image"],"jetpack_publicize_connections":[],"jetpack_featured_media_url":"https:\/\/armstrongyregion.com.ar\/diario\/wp-content\/uploads\/2025\/11\/sup-n.51-.jpg","jetpack_shortlink":"https:\/\/wp.me\/p62QDO-clP","jetpack_sharing_enabled":true,"amp_enabled":true,"_links":{"self":[{"href":"https:\/\/armstrongyregion.com.ar\/diario\/wp-json\/wp\/v2\/posts\/47481","targetHints":{"allow":["GET"]}}],"collection":[{"href":"https:\/\/armstrongyregion.com.ar\/diario\/wp-json\/wp\/v2\/posts"}],"about":[{"href":"https:\/\/armstrongyregion.com.ar\/diario\/wp-json\/wp\/v2\/types\/post"}],"author":[{"embeddable":true,"href":"https:\/\/armstrongyregion.com.ar\/diario\/wp-json\/wp\/v2\/users\/1"}],"replies":[{"embeddable":true,"href":"https:\/\/armstrongyregion.com.ar\/diario\/wp-json\/wp\/v2\/comments?post=47481"}],"version-history":[{"count":3,"href":"https:\/\/armstrongyregion.com.ar\/diario\/wp-json\/wp\/v2\/posts\/47481\/revisions"}],"predecessor-version":[{"id":47491,"href":"https:\/\/armstrongyregion.com.ar\/diario\/wp-json\/wp\/v2\/posts\/47481\/revisions\/47491"}],"wp:featuredmedia":[{"embeddable":true,"href":"https:\/\/armstrongyregion.com.ar\/diario\/wp-json\/wp\/v2\/media\/47486"}],"wp:attachment":[{"href":"https:\/\/armstrongyregion.com.ar\/diario\/wp-json\/wp\/v2\/media?parent=47481"}],"wp:term":[{"taxonomy":"category","embeddable":true,"href":"https:\/\/armstrongyregion.com.ar\/diario\/wp-json\/wp\/v2\/categories?post=47481"},{"taxonomy":"post_tag","embeddable":true,"href":"https:\/\/armstrongyregion.com.ar\/diario\/wp-json\/wp\/v2\/tags?post=47481"}],"curies":[{"name":"wp","href":"https:\/\/api.w.org\/{rel}","templated":true}]}}