{"id":47475,"date":"2025-11-04T02:48:15","date_gmt":"2025-11-04T02:48:15","guid":{"rendered":"https:\/\/armstrongyregion.com.ar\/diario\/?p=47475"},"modified":"2025-11-04T02:48:17","modified_gmt":"2025-11-04T02:48:17","slug":"armstrong-finalizo-otro-ciclo-de-minimundo-y-la-33-leen","status":"publish","type":"post","link":"https:\/\/armstrongyregion.com.ar\/diario\/armstrong-finalizo-otro-ciclo-de-minimundo-y-la-33-leen\/","title":{"rendered":"Armstrong. Finaliz\u00f3 otro ciclo de \u201cMinimundo y la 33 Leen\u201d"},"content":{"rendered":"\n<figure class=\"wp-block-image size-full\"><img loading=\"lazy\" decoding=\"async\" width=\"640\" height=\"480\" src=\"https:\/\/armstrongyregion.com.ar\/diario\/wp-content\/uploads\/2025\/11\/MINIMUNDO-ULTIMA-ACTIVIDAD-25.jpg\" alt=\"\" class=\"wp-image-47476\" srcset=\"https:\/\/armstrongyregion.com.ar\/diario\/wp-content\/uploads\/2025\/11\/MINIMUNDO-ULTIMA-ACTIVIDAD-25.jpg 640w, https:\/\/armstrongyregion.com.ar\/diario\/wp-content\/uploads\/2025\/11\/MINIMUNDO-ULTIMA-ACTIVIDAD-25-300x225.jpg 300w\" sizes=\"auto, (max-width: 640px) 100vw, 640px\" \/><\/figure>\n\n\n\n<p>Con mucha alegr\u00eda dieron por culminado el tercer a\u00f1o consecutivo del proyecto <strong>\u201cMinimundo y la 33<br>Leen\u201d,<\/strong> cuyo objetivo promover el h\u00e1bito de la lectura en los m\u00e1s peque\u00f1os, manteniendo<br>encuentros quincenales donde participan los alumnos de 1\u00b0 a 5\u00b0 a\u00f1o de la escuela.<\/p>\n\n\n\n<figure class=\"wp-block-image size-large\"><img loading=\"lazy\" decoding=\"async\" width=\"360\" height=\"480\" src=\"https:\/\/armstrongyregion.com.ar\/diario\/wp-content\/uploads\/2025\/11\/MINIMUNDO-ACTIVIDAD-2-360x480.jpg\" alt=\"\" class=\"wp-image-47477\" srcset=\"https:\/\/armstrongyregion.com.ar\/diario\/wp-content\/uploads\/2025\/11\/MINIMUNDO-ACTIVIDAD-2-360x480.jpg 360w, https:\/\/armstrongyregion.com.ar\/diario\/wp-content\/uploads\/2025\/11\/MINIMUNDO-ACTIVIDAD-2-225x300.jpg 225w, https:\/\/armstrongyregion.com.ar\/diario\/wp-content\/uploads\/2025\/11\/MINIMUNDO-ACTIVIDAD-2.jpg 480w\" sizes=\"auto, (max-width: 360px) 100vw, 360px\" \/><\/figure>\n\n\n\n<p><br>Se trata de una propuesta en la que est\u00e1n involucradas diferentes \u00e1reas contando con la<br>colaboraci\u00f3n de bibliotecarios, docentes, directivos y toda la comunidad educativa.<br>En este \u00faltimo encuentro de 2025 y en el escenario de este espacio municipal totalmente<br>restaurado, se present\u00f3 la obra de teatro<strong> \u201cLa ciudad de los sin sombreros\u201d,<\/strong> protagonizada por<br>alumnos de 3\u00b0 y 4\u00b0 a\u00f1o Modalidad Comunicaci\u00f3n quienes tambi\u00e9n construyeron la escenograf\u00eda.<br>Graciela Pereyra, directora de Promoci\u00f3n Comunitaria, manifest\u00f3: <strong>\u201dLa evaluaci\u00f3n que hacemos es<br>excelente. A\u00f1o a a\u00f1o se vivieron muchas experiencias con distintas tem\u00e1ticas, capacitaciones y<br>actividades. Realmente un proyecto muy positivo\u201d.<\/strong><br><strong>\u201cMinimundo y la 33 Leen\u201d<\/strong> les permite a ambas instituciones fortalecer lazos, y logra despertar el<br>inter\u00e9s por la lectura tanto de los ni\u00f1os como de los adolescentes. Cada p\u00e1gina de estas historias<br>fueron una oportunidad de disfrute y alegr\u00eda.<\/p>\n\n\n\n<p><\/p>\n","protected":false},"excerpt":{"rendered":"<p>Con mucha alegr\u00eda dieron por culminado el tercer a\u00f1o consecutivo del proyecto \u201cMinimundo y la 33Leen\u201d, cuyo objetivo promover el h\u00e1bito de la lectura en los m\u00e1s peque\u00f1os, manteniendoencuentros quincenales donde participan los alumnos de 1\u00b0 a 5\u00b0 a\u00f1o de la escuela. Se trata de una propuesta en la que est\u00e1n involucradas diferentes \u00e1reas contando <a href=\"https:\/\/armstrongyregion.com.ar\/diario\/armstrong-finalizo-otro-ciclo-de-minimundo-y-la-33-leen\/\" title=\"Read more\" >&#8230;<\/a><\/p>\n","protected":false},"author":1,"featured_media":47476,"comment_status":"open","ping_status":"open","sticky":false,"template":"","format":"image","meta":{"_jetpack_memberships_contains_paid_content":false,"footnotes":"","jetpack_publicize_message":"","jetpack_publicize_feature_enabled":true,"jetpack_social_post_already_shared":true,"jetpack_social_options":{"image_generator_settings":{"template":"highway","default_image_id":0,"enabled":false},"version":2}},"categories":[6,8,1,2,7,3],"tags":[12153,1108,5030,3290],"class_list":["post-47475","post","type-post","status-publish","format-image","has-post-thumbnail","hentry","category-cultura-entretenimiento","category-deliberando","category-diario-armstrong","category-locales","category-politica","category-region","tag-33-leen","tag-alumnos","tag-diario-armstrong","tag-minimundo","post_format-post-format-image"],"jetpack_publicize_connections":[],"jetpack_featured_media_url":"https:\/\/armstrongyregion.com.ar\/diario\/wp-content\/uploads\/2025\/11\/MINIMUNDO-ULTIMA-ACTIVIDAD-25.jpg","jetpack_shortlink":"https:\/\/wp.me\/p62QDO-clJ","jetpack_sharing_enabled":true,"amp_enabled":true,"_links":{"self":[{"href":"https:\/\/armstrongyregion.com.ar\/diario\/wp-json\/wp\/v2\/posts\/47475","targetHints":{"allow":["GET"]}}],"collection":[{"href":"https:\/\/armstrongyregion.com.ar\/diario\/wp-json\/wp\/v2\/posts"}],"about":[{"href":"https:\/\/armstrongyregion.com.ar\/diario\/wp-json\/wp\/v2\/types\/post"}],"author":[{"embeddable":true,"href":"https:\/\/armstrongyregion.com.ar\/diario\/wp-json\/wp\/v2\/users\/1"}],"replies":[{"embeddable":true,"href":"https:\/\/armstrongyregion.com.ar\/diario\/wp-json\/wp\/v2\/comments?post=47475"}],"version-history":[{"count":1,"href":"https:\/\/armstrongyregion.com.ar\/diario\/wp-json\/wp\/v2\/posts\/47475\/revisions"}],"predecessor-version":[{"id":47478,"href":"https:\/\/armstrongyregion.com.ar\/diario\/wp-json\/wp\/v2\/posts\/47475\/revisions\/47478"}],"wp:featuredmedia":[{"embeddable":true,"href":"https:\/\/armstrongyregion.com.ar\/diario\/wp-json\/wp\/v2\/media\/47476"}],"wp:attachment":[{"href":"https:\/\/armstrongyregion.com.ar\/diario\/wp-json\/wp\/v2\/media?parent=47475"}],"wp:term":[{"taxonomy":"category","embeddable":true,"href":"https:\/\/armstrongyregion.com.ar\/diario\/wp-json\/wp\/v2\/categories?post=47475"},{"taxonomy":"post_tag","embeddable":true,"href":"https:\/\/armstrongyregion.com.ar\/diario\/wp-json\/wp\/v2\/tags?post=47475"}],"curies":[{"name":"wp","href":"https:\/\/api.w.org\/{rel}","templated":true}]}}