{"id":47464,"date":"2025-10-31T20:26:32","date_gmt":"2025-10-31T20:26:32","guid":{"rendered":"https:\/\/armstrongyregion.com.ar\/diario\/?p=47464"},"modified":"2025-10-31T20:28:10","modified_gmt":"2025-10-31T20:28:10","slug":"creacion-del-programa-municipal-de-accesibilidad-en-lengua-de-senas-argentina-lsa","status":"publish","type":"post","link":"https:\/\/armstrongyregion.com.ar\/diario\/creacion-del-programa-municipal-de-accesibilidad-en-lengua-de-senas-argentina-lsa\/","title":{"rendered":"Creaci\u00f3n del Programa Municipal de Accesibilidad en Lengua de Se\u00f1as Argentina (LSA)"},"content":{"rendered":"\n<figure class=\"wp-block-image size-large\"><img loading=\"lazy\" decoding=\"async\" width=\"533\" height=\"480\" src=\"https:\/\/armstrongyregion.com.ar\/diario\/wp-content\/uploads\/2025\/10\/Renovacion-por-Armstrong-10-25--533x480.jpg\" alt=\"\" class=\"wp-image-47465\" srcset=\"https:\/\/armstrongyregion.com.ar\/diario\/wp-content\/uploads\/2025\/10\/Renovacion-por-Armstrong-10-25--533x480.jpg 533w, https:\/\/armstrongyregion.com.ar\/diario\/wp-content\/uploads\/2025\/10\/Renovacion-por-Armstrong-10-25--300x270.jpg 300w, https:\/\/armstrongyregion.com.ar\/diario\/wp-content\/uploads\/2025\/10\/Renovacion-por-Armstrong-10-25-.jpg 544w\" sizes=\"auto, (max-width: 533px) 100vw, 533px\" \/><\/figure>\n\n\n\n<h2 class=\"wp-block-heading\">Los concejales Emiliano Gramigna y Jes\u00fas Urqu\u00eda presentaron un proyecto de ordenanza que propone la creaci\u00f3n del Programa Municipal de Accesibilidad en Lengua de Se\u00f1as Argentina (LSA).<\/h2>\n\n\n\n<p>La iniciativa busca garantizar una mejor comunicaci\u00f3n y atenci\u00f3n a las personas con discapacidad auditiva en la administraci\u00f3n p\u00fablica municipal y sus dependencias.<\/p>\n\n\n\n<p>El proyecto prev\u00e9 la *capacitaci\u00f3n del personal municipal en Lengua de Se\u00f1as*, la *incorporaci\u00f3n de int\u00e9rpretes*y la *implementaci\u00f3n de carteler\u00eda accesible con c\u00f3digos QR* que permitan acceder a informaci\u00f3n traducida en LSA.<\/p>\n\n\n\n<p>\u00abEl objetivo es avanzar hacia una gesti\u00f3n p\u00fablica m\u00e1s inclusiva, promoviendo la igualdad de oportunidades y el acceso pleno a los servicios municipales para todas las personas\u00bb. Destac\u00f3 Gramigna.<\/p>\n","protected":false},"excerpt":{"rendered":"<p>Los concejales Emiliano Gramigna y Jes\u00fas Urqu\u00eda presentaron un proyecto de ordenanza que propone la creaci\u00f3n del Programa Municipal de Accesibilidad en Lengua de Se\u00f1as Argentina (LSA). La iniciativa busca garantizar una mejor comunicaci\u00f3n y atenci\u00f3n a las personas con discapacidad auditiva en la administraci\u00f3n p\u00fablica municipal y sus dependencias. El proyecto prev\u00e9 la *capacitaci\u00f3n <a href=\"https:\/\/armstrongyregion.com.ar\/diario\/creacion-del-programa-municipal-de-accesibilidad-en-lengua-de-senas-argentina-lsa\/\" title=\"Read more\" >&#8230;<\/a><\/p>\n","protected":false},"author":1,"featured_media":47465,"comment_status":"open","ping_status":"open","sticky":false,"template":"","format":"image","meta":{"_jetpack_memberships_contains_paid_content":false,"footnotes":"","jetpack_publicize_message":"","jetpack_publicize_feature_enabled":true,"jetpack_social_post_already_shared":true,"jetpack_social_options":{"image_generator_settings":{"template":"highway","default_image_id":0,"enabled":false},"version":2}},"categories":[6,8,1,2,7,3],"tags":[2032,5030,9382,8777,12149,1625],"class_list":["post-47464","post","type-post","status-publish","format-image","has-post-thumbnail","hentry","category-cultura-entretenimiento","category-deliberando","category-diario-armstrong","category-locales","category-politica","category-region","tag-creacion","tag-diario-armstrong","tag-lenguaje","tag-lic-graciela-de-la-casa","tag-programa-municipal","tag-senas","post_format-post-format-image"],"jetpack_publicize_connections":[],"jetpack_featured_media_url":"https:\/\/armstrongyregion.com.ar\/diario\/wp-content\/uploads\/2025\/10\/Renovacion-por-Armstrong-10-25-.jpg","jetpack_shortlink":"https:\/\/wp.me\/p62QDO-cly","jetpack_sharing_enabled":true,"amp_enabled":true,"_links":{"self":[{"href":"https:\/\/armstrongyregion.com.ar\/diario\/wp-json\/wp\/v2\/posts\/47464","targetHints":{"allow":["GET"]}}],"collection":[{"href":"https:\/\/armstrongyregion.com.ar\/diario\/wp-json\/wp\/v2\/posts"}],"about":[{"href":"https:\/\/armstrongyregion.com.ar\/diario\/wp-json\/wp\/v2\/types\/post"}],"author":[{"embeddable":true,"href":"https:\/\/armstrongyregion.com.ar\/diario\/wp-json\/wp\/v2\/users\/1"}],"replies":[{"embeddable":true,"href":"https:\/\/armstrongyregion.com.ar\/diario\/wp-json\/wp\/v2\/comments?post=47464"}],"version-history":[{"count":3,"href":"https:\/\/armstrongyregion.com.ar\/diario\/wp-json\/wp\/v2\/posts\/47464\/revisions"}],"predecessor-version":[{"id":47469,"href":"https:\/\/armstrongyregion.com.ar\/diario\/wp-json\/wp\/v2\/posts\/47464\/revisions\/47469"}],"wp:featuredmedia":[{"embeddable":true,"href":"https:\/\/armstrongyregion.com.ar\/diario\/wp-json\/wp\/v2\/media\/47465"}],"wp:attachment":[{"href":"https:\/\/armstrongyregion.com.ar\/diario\/wp-json\/wp\/v2\/media?parent=47464"}],"wp:term":[{"taxonomy":"category","embeddable":true,"href":"https:\/\/armstrongyregion.com.ar\/diario\/wp-json\/wp\/v2\/categories?post=47464"},{"taxonomy":"post_tag","embeddable":true,"href":"https:\/\/armstrongyregion.com.ar\/diario\/wp-json\/wp\/v2\/tags?post=47464"}],"curies":[{"name":"wp","href":"https:\/\/api.w.org\/{rel}","templated":true}]}}