{"id":47459,"date":"2025-10-31T19:20:45","date_gmt":"2025-10-31T19:20:45","guid":{"rendered":"https:\/\/armstrongyregion.com.ar\/diario\/?p=47459"},"modified":"2025-10-31T19:20:47","modified_gmt":"2025-10-31T19:20:47","slug":"nueve-brigadistas-santafesinos-se-suman-a-la-busqueda-del-matrimonio-desaparecido-en-chubut","status":"publish","type":"post","link":"https:\/\/armstrongyregion.com.ar\/diario\/nueve-brigadistas-santafesinos-se-suman-a-la-busqueda-del-matrimonio-desaparecido-en-chubut\/","title":{"rendered":"Nueve brigadistas santafesinos se suman a la b\u00fasqueda del matrimonio desaparecido en Chubut."},"content":{"rendered":"\n<figure class=\"wp-block-image size-full\"><img loading=\"lazy\" decoding=\"async\" width=\"504\" height=\"378\" src=\"https:\/\/armstrongyregion.com.ar\/diario\/wp-content\/uploads\/2025\/10\/brigadistas-1-.jpg\" alt=\"\" class=\"wp-image-47460\" srcset=\"https:\/\/armstrongyregion.com.ar\/diario\/wp-content\/uploads\/2025\/10\/brigadistas-1-.jpg 504w, https:\/\/armstrongyregion.com.ar\/diario\/wp-content\/uploads\/2025\/10\/brigadistas-1--300x225.jpg 300w\" sizes=\"auto, (max-width: 504px) 100vw, 504px\" \/><\/figure>\n\n\n\n<p>Nueve brigadistas de la provincia de Santa Fe fueron convocados para sumarse a la b\u00fasqueda del matrimonio desaparecido en la provincia de Chubut. Entre ellos se encuentran Bruno Marchetti, de Bomberos Voluntarios de Armstrong, Gast\u00f3n Laprida y Pablo Berm\u00fadez, de Bomberos Voluntarios de Ca\u00f1ada de G\u00f3mez.<\/p>\n\n\n\n<figure class=\"wp-block-image size-large\"><img loading=\"lazy\" decoding=\"async\" width=\"270\" height=\"480\" src=\"https:\/\/armstrongyregion.com.ar\/diario\/wp-content\/uploads\/2025\/10\/brigadistas-2--270x480.jpg\" alt=\"\" class=\"wp-image-47461\" srcset=\"https:\/\/armstrongyregion.com.ar\/diario\/wp-content\/uploads\/2025\/10\/brigadistas-2--270x480.jpg 270w, https:\/\/armstrongyregion.com.ar\/diario\/wp-content\/uploads\/2025\/10\/brigadistas-2--169x300.jpg 169w, https:\/\/armstrongyregion.com.ar\/diario\/wp-content\/uploads\/2025\/10\/brigadistas-2-.jpg 450w\" sizes=\"auto, (max-width: 270px) 100vw, 270px\" \/><\/figure>\n\n\n\n<p>La Federaci\u00f3n Santafesina de Asociaciones de Bomberos Voluntarios fue especialmente convocada por el equipamiento de tecnolog\u00eda de vanguardia con el que cuenta la provincia, \u00fanico en el pa\u00eds, destinado a operaciones de b\u00fasqueda y localizaci\u00f3n.<\/p>\n\n\n\n<figure class=\"wp-block-image size-full\"><img loading=\"lazy\" decoding=\"async\" width=\"504\" height=\"378\" src=\"https:\/\/armstrongyregion.com.ar\/diario\/wp-content\/uploads\/2025\/10\/brigadistas-3-.jpg\" alt=\"\" class=\"wp-image-47462\" srcset=\"https:\/\/armstrongyregion.com.ar\/diario\/wp-content\/uploads\/2025\/10\/brigadistas-3-.jpg 504w, https:\/\/armstrongyregion.com.ar\/diario\/wp-content\/uploads\/2025\/10\/brigadistas-3--300x225.jpg 300w\" sizes=\"auto, (max-width: 504px) 100vw, 504px\" \/><\/figure>\n\n\n\n<p>La comitiva santafesina est\u00e1 integrada por cuatro miembros de la Brigada USAR y cuatro integrantes de la Divisi\u00f3n de Comando y Tecnolog\u00eda, bajo la coordinaci\u00f3n de Luis Ayala Operaciones de Provincia, quien encabeza el equipo. Adem\u00e1s, dos integrantes de Protecci\u00f3n Civil de la Provincia acompa\u00f1an la misi\u00f3n en el sur del pa\u00eds.<\/p>\n\n\n\n<p>Listado de brigadistas convocados:<br>\u2022 Ayala Luis \u2013 Operaciones Provincial<br>\u2022 Salazar Luciano \u2013 USAR Rosario (R12)<br>\u2022 Marchetti Bruno \u2013 USAR Armstrong (R6)<br>\u2022 Yasogna Joel \u2013 USAR Rosario (R12)<br>\u2022 Roger Juan Jos\u00e9 \u2013 USAR Rosario (R12)<br>\u2022 Gonz\u00e1lez Pablo \u2013 Comando y Tecnolog\u00eda Venado Tuerto (R10)<br>\u2022 Sanabria Ignacio \u2013 Comando y Tecnolog\u00eda Ca\u00f1ada Rosqu\u00edn (R5)<br>\u2022 Berm\u00fadez Pablo \u2013 Comando y Tecnolog\u00eda Ca\u00f1ada de G\u00f3mez (R6)<br>\u2022 Laprida Gast\u00f3n \u2013 Comando y Tecnolog\u00eda Ca\u00f1ada de G\u00f3mez (R6)<\/p>\n\n\n\n<p>La comitiva santafesina se puso en marcha desde la ciudad de Rosario luego de recibir las directivas del Dr. Marcos Escajadillo, Secretario de Protecci\u00f3n Civil y Gesti\u00f3n de Riesgo de la provincia. Asimismo, el jefe provincial de bomberos, Walter Corsetti (Comandante General), imparti\u00f3 la coordinaci\u00f3n correspondiente.<\/p>\n\n\n\n<figure class=\"wp-block-image\"><img decoding=\"async\" src=\"https:\/\/fonts.gstatic.com\/s\/e\/notoemoji\/16.0\/270d_1f3fc\/32.png\" alt=\"\u270d\ud83c\udffc\"\/><\/figure>\n\n\n\n<p>Stefania Perret<\/p>\n\n\n\n<p><\/p>\n","protected":false},"excerpt":{"rendered":"<p>Nueve brigadistas de la provincia de Santa Fe fueron convocados para sumarse a la b\u00fasqueda del matrimonio desaparecido en la provincia de Chubut. Entre ellos se encuentran Bruno Marchetti, de Bomberos Voluntarios de Armstrong, Gast\u00f3n Laprida y Pablo Berm\u00fadez, de Bomberos Voluntarios de Ca\u00f1ada de G\u00f3mez. La Federaci\u00f3n Santafesina de Asociaciones de Bomberos Voluntarios fue <a href=\"https:\/\/armstrongyregion.com.ar\/diario\/nueve-brigadistas-santafesinos-se-suman-a-la-busqueda-del-matrimonio-desaparecido-en-chubut\/\" title=\"Read more\" >&#8230;<\/a><\/p>\n","protected":false},"author":1,"featured_media":47460,"comment_status":"open","ping_status":"open","sticky":false,"template":"","format":"image","meta":{"_jetpack_memberships_contains_paid_content":false,"footnotes":"","jetpack_publicize_message":"","jetpack_publicize_feature_enabled":true,"jetpack_social_post_already_shared":true,"jetpack_social_options":{"image_generator_settings":{"template":"highway","default_image_id":0,"enabled":false},"version":2}},"categories":[8,1,2,7,3],"tags":[20,12146,420,12148,5030,8777,12147],"class_list":["post-47459","post","type-post","status-publish","format-image","has-post-thumbnail","hentry","category-deliberando","category-diario-armstrong","category-locales","category-politica","category-region","tag-armstrong","tag-brigadistas","tag-canada-de-gomez","tag-chubut","tag-diario-armstrong","tag-lic-graciela-de-la-casa","tag-matrimonio-desaparecido","post_format-post-format-image"],"jetpack_publicize_connections":[],"jetpack_featured_media_url":"https:\/\/armstrongyregion.com.ar\/diario\/wp-content\/uploads\/2025\/10\/brigadistas-1-.jpg","jetpack_shortlink":"https:\/\/wp.me\/p62QDO-clt","jetpack_sharing_enabled":true,"amp_enabled":true,"_links":{"self":[{"href":"https:\/\/armstrongyregion.com.ar\/diario\/wp-json\/wp\/v2\/posts\/47459","targetHints":{"allow":["GET"]}}],"collection":[{"href":"https:\/\/armstrongyregion.com.ar\/diario\/wp-json\/wp\/v2\/posts"}],"about":[{"href":"https:\/\/armstrongyregion.com.ar\/diario\/wp-json\/wp\/v2\/types\/post"}],"author":[{"embeddable":true,"href":"https:\/\/armstrongyregion.com.ar\/diario\/wp-json\/wp\/v2\/users\/1"}],"replies":[{"embeddable":true,"href":"https:\/\/armstrongyregion.com.ar\/diario\/wp-json\/wp\/v2\/comments?post=47459"}],"version-history":[{"count":1,"href":"https:\/\/armstrongyregion.com.ar\/diario\/wp-json\/wp\/v2\/posts\/47459\/revisions"}],"predecessor-version":[{"id":47463,"href":"https:\/\/armstrongyregion.com.ar\/diario\/wp-json\/wp\/v2\/posts\/47459\/revisions\/47463"}],"wp:featuredmedia":[{"embeddable":true,"href":"https:\/\/armstrongyregion.com.ar\/diario\/wp-json\/wp\/v2\/media\/47460"}],"wp:attachment":[{"href":"https:\/\/armstrongyregion.com.ar\/diario\/wp-json\/wp\/v2\/media?parent=47459"}],"wp:term":[{"taxonomy":"category","embeddable":true,"href":"https:\/\/armstrongyregion.com.ar\/diario\/wp-json\/wp\/v2\/categories?post=47459"},{"taxonomy":"post_tag","embeddable":true,"href":"https:\/\/armstrongyregion.com.ar\/diario\/wp-json\/wp\/v2\/tags?post=47459"}],"curies":[{"name":"wp","href":"https:\/\/api.w.org\/{rel}","templated":true}]}}