{"id":47456,"date":"2025-10-31T19:08:03","date_gmt":"2025-10-31T19:08:03","guid":{"rendered":"https:\/\/armstrongyregion.com.ar\/diario\/?p=47456"},"modified":"2025-10-31T19:10:49","modified_gmt":"2025-10-31T19:10:49","slug":"menos-carga-tributaria-para-fortalecer-la-economia-local","status":"publish","type":"post","link":"https:\/\/armstrongyregion.com.ar\/diario\/menos-carga-tributaria-para-fortalecer-la-economia-local\/","title":{"rendered":"Menos carga tributaria para fortalecer la Econom\u00eda Local."},"content":{"rendered":"\n<figure class=\"wp-block-image size-full\"><img loading=\"lazy\" decoding=\"async\" width=\"520\" height=\"372\" src=\"http:\/\/armstrongyregion.com.ar\/diario\/wp-content\/uploads\/2025\/06\/prof.alejandro-pertusati-25.jpg\" alt=\"\" class=\"wp-image-46577\" srcset=\"https:\/\/armstrongyregion.com.ar\/diario\/wp-content\/uploads\/2025\/06\/prof.alejandro-pertusati-25.jpg 520w, https:\/\/armstrongyregion.com.ar\/diario\/wp-content\/uploads\/2025\/06\/prof.alejandro-pertusati-25-300x215.jpg 300w\" sizes=\"auto, (max-width: 520px) 100vw, 520px\" \/><\/figure>\n\n\n\n<h2 class=\"wp-block-heading\">Importantes Beneficios Fiscales Aprobados en la Sesi\u00f3n del Concejo.<\/h2>\n\n\n\n<p><strong>El pasado martes, al t\u00e9rmino de la sesi\u00f3n ordinaria del Concejo Municipal, el Presidente del cuerpo, Prof. Alejandro Pertusati, brind\u00f3 detalles sobre la aprobaci\u00f3n de una ordenanza clave que busca aliviar la carga impositiva y fortalecer los sectores comercial y productivo de la ciudad.<\/strong><\/p>\n\n\n\n<p>La ordenanza aprobada es la <strong>modificaci\u00f3n y actualizaci\u00f3n de la Ordenanza Tributaria<\/strong>, un trabajo coordinado con los equipos de la Municipalidad. El punto central es la <strong>reducci\u00f3n del Derecho de Registro e Inspecci\u00f3n (DREI)<\/strong>, el cual quedar\u00e1 de la siguiente manera:<\/p>\n\n\n\n<ul class=\"wp-block-list\">\n<li><strong>Reducci\u00f3n del 22%<\/strong> para el sector <strong>industrial<\/strong>.<\/li>\n\n\n\n<li><strong>Reducci\u00f3n del 25%<\/strong> para el sector <strong>comercial<\/strong>.<\/li>\n<\/ul>\n\n\n\n<h3 class=\"wp-block-heading\">Apoyo Significativo a Emprendedores<\/h3>\n\n\n\n<p>Adem\u00e1s de la reducci\u00f3n general, la nueva normativa introduce <strong>beneficios importantes para los emprendedores<\/strong> locales, buscando incentivar el inicio y sostenimiento de nuevos proyectos:<\/p>\n\n\n\n<ul class=\"wp-block-list\">\n<li><strong>Exenci\u00f3n total del DREI<\/strong> para quienes posean <strong>Monotributo Social<\/strong>.<\/li>\n\n\n\n<li><strong>Exenci\u00f3n total del DREI<\/strong> para <strong>microemprendedores<\/strong>.<\/li>\n\n\n\n<li><strong>Exenci\u00f3n del DREI durante los primeros seis meses<\/strong> para los <strong>nuevos monotributistas<\/strong>.<\/li>\n<\/ul>\n\n\n\n<p>El Presidente del Concejo destac\u00f3 este \u00faltimo punto, se\u00f1alando que \u00abesto es importante porque, bueno, en la ordenanza anterior quedaban exentos durante tres meses\u00bb, duplicando as\u00ed el per\u00edodo de gracia inicial.<\/p>\n\n\n\n<h3 class=\"wp-block-heading\">Transparencia y Ordenamiento de Cuentas<\/h3>\n\n\n\n<p>Pertusati subray\u00f3 que la implementaci\u00f3n de este alivio tributario es posible gracias a la <strong>solidez financiera<\/strong> de la gesti\u00f3n actual. <strong>\u00abEntendemos que, esto se puede hacer porque hay una claridad y un ordenamiento en las cuentas de la Municipalidad\u00bb<\/strong>, afirm\u00f3.<\/p>\n\n\n\n<p>Enfatizando la visi\u00f3n de la gesti\u00f3n, el edil expres\u00f3: \u00abPara una econom\u00eda local m\u00e1s fuerte, ahora hay <strong>menos carga tributaria y hay un gran acompa\u00f1amiento del Estado<\/strong>. Esto es muy importante\u00bb.<\/p>\n\n\n\n<p>Finalmente, el Presidente del Concejo valor\u00f3 el trabajo conjunto que hizo posible esta medida, mencionando que la iniciativa fue impulsada por la labor articulada \u00abentre el equipo del Intendente Luzzi y el bloque de concejales que formamos con Carla Revigliono y con Noe Garc\u00eda\u00bb, llevando adelante un \u00abalivio tributario para el sector productivo y comercial de la ciudad\u00bb.<\/p>\n","protected":false},"excerpt":{"rendered":"<p>Importantes Beneficios Fiscales Aprobados en la Sesi\u00f3n del Concejo. El pasado martes, al t\u00e9rmino de la sesi\u00f3n ordinaria del Concejo Municipal, el Presidente del cuerpo, Prof. Alejandro Pertusati, brind\u00f3 detalles sobre la aprobaci\u00f3n de una ordenanza clave que busca aliviar la carga impositiva y fortalecer los sectores comercial y productivo de la ciudad. La ordenanza <a href=\"https:\/\/armstrongyregion.com.ar\/diario\/menos-carga-tributaria-para-fortalecer-la-economia-local\/\" title=\"Read more\" >&#8230;<\/a><\/p>\n","protected":false},"author":1,"featured_media":46577,"comment_status":"open","ping_status":"open","sticky":false,"template":"","format":"image","meta":{"_jetpack_memberships_contains_paid_content":false,"footnotes":"","jetpack_publicize_message":"","jetpack_publicize_feature_enabled":true,"jetpack_social_post_already_shared":true,"jetpack_social_options":{"image_generator_settings":{"template":"highway","default_image_id":0,"enabled":false},"version":2}},"categories":[8,1,2,7,3],"tags":[5030,12145,9300,12143,10971,12144],"class_list":["post-47456","post","type-post","status-publish","format-image","has-post-thumbnail","hentry","category-deliberando","category-diario-armstrong","category-locales","category-politica","category-region","tag-diario-armstrong","tag-economia-local","tag-fortalecimiento","tag-menos-carga","tag-prof-alejandro-pertusati","tag-tributaria","post_format-post-format-image"],"jetpack_publicize_connections":[],"jetpack_featured_media_url":"https:\/\/armstrongyregion.com.ar\/diario\/wp-content\/uploads\/2025\/06\/prof.alejandro-pertusati-25.jpg","jetpack_shortlink":"https:\/\/wp.me\/p62QDO-clq","jetpack_sharing_enabled":true,"amp_enabled":true,"_links":{"self":[{"href":"https:\/\/armstrongyregion.com.ar\/diario\/wp-json\/wp\/v2\/posts\/47456","targetHints":{"allow":["GET"]}}],"collection":[{"href":"https:\/\/armstrongyregion.com.ar\/diario\/wp-json\/wp\/v2\/posts"}],"about":[{"href":"https:\/\/armstrongyregion.com.ar\/diario\/wp-json\/wp\/v2\/types\/post"}],"author":[{"embeddable":true,"href":"https:\/\/armstrongyregion.com.ar\/diario\/wp-json\/wp\/v2\/users\/1"}],"replies":[{"embeddable":true,"href":"https:\/\/armstrongyregion.com.ar\/diario\/wp-json\/wp\/v2\/comments?post=47456"}],"version-history":[{"count":2,"href":"https:\/\/armstrongyregion.com.ar\/diario\/wp-json\/wp\/v2\/posts\/47456\/revisions"}],"predecessor-version":[{"id":47458,"href":"https:\/\/armstrongyregion.com.ar\/diario\/wp-json\/wp\/v2\/posts\/47456\/revisions\/47458"}],"wp:featuredmedia":[{"embeddable":true,"href":"https:\/\/armstrongyregion.com.ar\/diario\/wp-json\/wp\/v2\/media\/46577"}],"wp:attachment":[{"href":"https:\/\/armstrongyregion.com.ar\/diario\/wp-json\/wp\/v2\/media?parent=47456"}],"wp:term":[{"taxonomy":"category","embeddable":true,"href":"https:\/\/armstrongyregion.com.ar\/diario\/wp-json\/wp\/v2\/categories?post=47456"},{"taxonomy":"post_tag","embeddable":true,"href":"https:\/\/armstrongyregion.com.ar\/diario\/wp-json\/wp\/v2\/tags?post=47456"}],"curies":[{"name":"wp","href":"https:\/\/api.w.org\/{rel}","templated":true}]}}