{"id":47445,"date":"2025-10-30T22:52:56","date_gmt":"2025-10-30T22:52:56","guid":{"rendered":"https:\/\/armstrongyregion.com.ar\/diario\/?p=47445"},"modified":"2025-10-30T22:52:58","modified_gmt":"2025-10-30T22:52:58","slug":"orgullo-local-en-marcha-la-tecnica-291-presento-su-auto-electrico-para-el-desafio-eco-ypf-2025","status":"publish","type":"post","link":"https:\/\/armstrongyregion.com.ar\/diario\/orgullo-local-en-marcha-la-tecnica-291-presento-su-auto-electrico-para-el-desafio-eco-ypf-2025\/","title":{"rendered":"\u00a1Orgullo Local en Marcha! La T\u00e9cnica 291 Present\u00f3 su Auto El\u00e9ctrico para el Desaf\u00edo Eco YPF 2025."},"content":{"rendered":"\n<figure class=\"wp-block-image size-large\"><img loading=\"lazy\" decoding=\"async\" width=\"640\" height=\"426\" src=\"https:\/\/armstrongyregion.com.ar\/diario\/wp-content\/uploads\/2025\/10\/TECNICA-1--640x426.jpg\" alt=\"\" class=\"wp-image-47446\" srcset=\"https:\/\/armstrongyregion.com.ar\/diario\/wp-content\/uploads\/2025\/10\/TECNICA-1--640x426.jpg 640w, https:\/\/armstrongyregion.com.ar\/diario\/wp-content\/uploads\/2025\/10\/TECNICA-1--300x200.jpg 300w, https:\/\/armstrongyregion.com.ar\/diario\/wp-content\/uploads\/2025\/10\/TECNICA-1-.jpg 683w\" sizes=\"auto, (max-width: 640px) 100vw, 640px\" \/><\/figure>\n\n\n\n<h2 class=\"wp-block-heading\">Un proyecto que fusiona pasado y presente, uniendo a la comunidad educativa, instituciones y familias en un desaf\u00edo nacional.<\/h2>\n\n\n\n<figure class=\"wp-block-image size-large\"><img loading=\"lazy\" decoding=\"async\" width=\"640\" height=\"426\" src=\"https:\/\/armstrongyregion.com.ar\/diario\/wp-content\/uploads\/2025\/10\/TECNICA-3-A-640x426.jpg\" alt=\"\" class=\"wp-image-47451\" srcset=\"https:\/\/armstrongyregion.com.ar\/diario\/wp-content\/uploads\/2025\/10\/TECNICA-3-A-640x426.jpg 640w, https:\/\/armstrongyregion.com.ar\/diario\/wp-content\/uploads\/2025\/10\/TECNICA-3-A-300x200.jpg 300w, https:\/\/armstrongyregion.com.ar\/diario\/wp-content\/uploads\/2025\/10\/TECNICA-3-A.jpg 683w\" sizes=\"auto, (max-width: 640px) 100vw, 640px\" \/><\/figure>\n\n\n\n<figure class=\"wp-block-image size-large\"><img loading=\"lazy\" decoding=\"async\" width=\"640\" height=\"426\" src=\"https:\/\/armstrongyregion.com.ar\/diario\/wp-content\/uploads\/2025\/10\/TECNICA-2--640x426.jpg\" alt=\"\" class=\"wp-image-47447\" srcset=\"https:\/\/armstrongyregion.com.ar\/diario\/wp-content\/uploads\/2025\/10\/TECNICA-2--640x426.jpg 640w, https:\/\/armstrongyregion.com.ar\/diario\/wp-content\/uploads\/2025\/10\/TECNICA-2--300x200.jpg 300w, https:\/\/armstrongyregion.com.ar\/diario\/wp-content\/uploads\/2025\/10\/TECNICA-2-.jpg 683w\" sizes=\"auto, (max-width: 640px) 100vw, 640px\" \/><\/figure>\n\n\n\n<p>La Escuela de Educaci\u00f3n T\u00e9cnica Profesional (EETP) N\u00b0 291 \u201cFray Luis Beltr\u00e1n\u201d de Armstrong vivi\u00f3 una jornada hist\u00f3rica y emotiva con la presentaci\u00f3n oficial del autom\u00f3vil el\u00e9ctrico que representar\u00e1 a la ciudad en el <strong>Desaf\u00edo Eco YPF 2025<\/strong>. Esta competencia nacional se llevar\u00e1 a cabo el pr\u00f3ximo <strong>8 y 9 de noviembre<\/strong> en Concepci\u00f3n del Uruguay, y el veh\u00edculo es un testimonio palpable del talento, la energ\u00eda y la innovaci\u00f3n <strong>100% local<\/strong>.<\/p>\n\n\n\n<figure class=\"wp-block-image size-large\"><img loading=\"lazy\" decoding=\"async\" width=\"640\" height=\"426\" src=\"https:\/\/armstrongyregion.com.ar\/diario\/wp-content\/uploads\/2025\/10\/TECNICA-3--640x426.jpg\" alt=\"\" class=\"wp-image-47448\" srcset=\"https:\/\/armstrongyregion.com.ar\/diario\/wp-content\/uploads\/2025\/10\/TECNICA-3--640x426.jpg 640w, https:\/\/armstrongyregion.com.ar\/diario\/wp-content\/uploads\/2025\/10\/TECNICA-3--300x200.jpg 300w, https:\/\/armstrongyregion.com.ar\/diario\/wp-content\/uploads\/2025\/10\/TECNICA-3-.jpg 683w\" sizes=\"auto, (max-width: 640px) 100vw, 640px\" \/><\/figure>\n\n\n\n<p>El proyecto, denominado \u201cDesaf\u00edo Eco YPF\u201d, es m\u00e1s que la construcci\u00f3n de un auto sustentable-el\u00e9ctrico; es un hito que entrelaza el pasado formativo de la instituci\u00f3n con un presente de vanguardia, posicionando a la EETP N\u00b0 291 como protagonista.<\/p>\n\n\n\n<figure class=\"wp-block-image size-large\"><img loading=\"lazy\" decoding=\"async\" width=\"640\" height=\"426\" src=\"https:\/\/armstrongyregion.com.ar\/diario\/wp-content\/uploads\/2025\/10\/TECNICA-5--640x426.jpg\" alt=\"\" class=\"wp-image-47450\" srcset=\"https:\/\/armstrongyregion.com.ar\/diario\/wp-content\/uploads\/2025\/10\/TECNICA-5--640x426.jpg 640w, https:\/\/armstrongyregion.com.ar\/diario\/wp-content\/uploads\/2025\/10\/TECNICA-5--300x200.jpg 300w, https:\/\/armstrongyregion.com.ar\/diario\/wp-content\/uploads\/2025\/10\/TECNICA-5-.jpg 683w\" sizes=\"auto, (max-width: 640px) 100vw, 640px\" \/><\/figure>\n\n\n\n<h3 class=\"wp-block-heading\">\ud83c\udf1f Presencias Destacadas<\/h3>\n\n\n\n<p>La presentaci\u00f3n cont\u00f3 con una nutrida asistencia y la presencia de importantes figuras que resaltaron el valor de la iniciativa, entre ellos:<\/p>\n\n\n\n<ul class=\"wp-block-list\">\n<li>El Senador <strong>Dr. Pablo Verdecchia<\/strong>.<\/li>\n\n\n\n<li>El Intendente <strong>Guillermo Luzzi<\/strong>.<\/li>\n\n\n\n<li>La Secretaria de Educaci\u00f3n de la Municipalidad de Armstrong, <strong>Rosana Siri<\/strong>.<\/li>\n\n\n\n<li>La Referente de la Regi\u00f3n V, <strong>Prof. Marisa Pr\u00edncipe<\/strong>.<\/li>\n\n\n\n<li>El Presidente del Centro Comercial e Industrial de Armstrong.<\/li>\n\n\n\n<li>Miembros de la comunidad educativa, familias y amigos, quienes brindaron un marco de apoyo incondicional.<\/li>\n<\/ul>\n\n\n\n<h3 class=\"wp-block-heading\">\ud83d\udca1 Un Desaf\u00edo que Trasciende la T\u00e9cnica<\/h3>\n\n\n\n<p>El auto, <strong>construido \u00edntegramente por estudiantes<\/strong> con la gu\u00eda de sus docentes, materializa el concepto de <strong>trabajo colaborativo<\/strong> e <strong>innovaci\u00f3n educativa<\/strong>. Este proyecto logr\u00f3 poner en di\u00e1logo a las distintas disciplinas te\u00f3ricas del campo general, espec\u00edfico y t\u00e9cnico, potenciando el proceso de ense\u00f1anza-aprendizaje a trav\u00e9s de dispositivos innovadores.<\/p>\n\n\n\n<blockquote class=\"wp-block-quote is-layout-flow wp-block-quote-is-layout-flow\">\n<p><strong>\u00abEste desaf\u00edo parec\u00eda inalcanzable, pero con la voluntad, el esfuerzo y el compromiso conjunto de la escuela y las organizaciones territoriales, se apost\u00f3 y se confi\u00f3 en los resultados. Los hechos est\u00e1n a la vista,\u00bb <\/strong>destacaron desde la instituci\u00f3n.<\/p>\n<\/blockquote>\n\n\n\n<p>El proceso de construcci\u00f3n fortaleci\u00f3 habilidades esenciales en los j\u00f3venes, tales como:<\/p>\n\n\n\n<ul class=\"wp-block-list\">\n<li>El <strong>aprender a aprender<\/strong> y el <strong>ense\u00f1ar aprendiendo<\/strong>.<\/li>\n\n\n\n<li>El reconocimiento y la gesti\u00f3n de los errores.<\/li>\n\n\n\n<li>La <strong>vinculaci\u00f3n directa con el \u00e1mbito empresarial, comercial, municipal y departamental<\/strong>.<\/li>\n\n\n\n<li>El acercamiento con profesionales de diversas \u00e1reas (ingenieros, pilotos de autos, etc.), integr\u00e1ndolos como parte activa del proyecto.<\/li>\n<\/ul>\n\n\n\n<p>La participaci\u00f3n en el Desaf\u00edo Eco YPF no solo pondr\u00e1 a prueba el rendimiento del auto en una competencia de nivel nacional, sino que tambi\u00e9n subraya el potencial y la calidad de la educaci\u00f3n t\u00e9cnica que se imparte en Armstrong.<\/p>\n\n\n\n<p><strong>\u00a1Desde el Diario Armstrong y Regi\u00f3n felicitamos a los estudiantes y docentes por este logro y les deseamos el mayor de los \u00e9xitos en Concepci\u00f3n del Uruguay!<\/strong><\/p>\n\n\n\n<p><\/p>\n","protected":false},"excerpt":{"rendered":"<p>Un proyecto que fusiona pasado y presente, uniendo a la comunidad educativa, instituciones y familias en un desaf\u00edo nacional. La Escuela de Educaci\u00f3n T\u00e9cnica Profesional (EETP) N\u00b0 291 \u201cFray Luis Beltr\u00e1n\u201d de Armstrong vivi\u00f3 una jornada hist\u00f3rica y emotiva con la presentaci\u00f3n oficial del autom\u00f3vil el\u00e9ctrico que representar\u00e1 a la ciudad en el Desaf\u00edo Eco <a href=\"https:\/\/armstrongyregion.com.ar\/diario\/orgullo-local-en-marcha-la-tecnica-291-presento-su-auto-electrico-para-el-desafio-eco-ypf-2025\/\" title=\"Read more\" >&#8230;<\/a><\/p>\n","protected":false},"author":1,"featured_media":47446,"comment_status":"open","ping_status":"open","sticky":false,"template":"","format":"image","meta":{"_jetpack_memberships_contains_paid_content":false,"footnotes":"","jetpack_publicize_message":"","jetpack_publicize_feature_enabled":true,"jetpack_social_post_already_shared":true,"jetpack_social_options":{"image_generator_settings":{"template":"highway","default_image_id":0,"enabled":false},"version":2}},"categories":[6,8,1,2,7,3],"tags":[1108,12138,1171,5030,10525,8777],"class_list":["post-47445","post","type-post","status-publish","format-image","has-post-thumbnail","hentry","category-cultura-entretenimiento","category-deliberando","category-diario-armstrong","category-locales","category-politica","category-region","tag-alumnos","tag-auto-electrico","tag-desafio","tag-diario-armstrong","tag-escuela-tecnica-291","tag-lic-graciela-de-la-casa","post_format-post-format-image"],"jetpack_publicize_connections":[],"jetpack_featured_media_url":"https:\/\/armstrongyregion.com.ar\/diario\/wp-content\/uploads\/2025\/10\/TECNICA-1-.jpg","jetpack_shortlink":"https:\/\/wp.me\/p62QDO-clf","jetpack_sharing_enabled":true,"amp_enabled":true,"_links":{"self":[{"href":"https:\/\/armstrongyregion.com.ar\/diario\/wp-json\/wp\/v2\/posts\/47445","targetHints":{"allow":["GET"]}}],"collection":[{"href":"https:\/\/armstrongyregion.com.ar\/diario\/wp-json\/wp\/v2\/posts"}],"about":[{"href":"https:\/\/armstrongyregion.com.ar\/diario\/wp-json\/wp\/v2\/types\/post"}],"author":[{"embeddable":true,"href":"https:\/\/armstrongyregion.com.ar\/diario\/wp-json\/wp\/v2\/users\/1"}],"replies":[{"embeddable":true,"href":"https:\/\/armstrongyregion.com.ar\/diario\/wp-json\/wp\/v2\/comments?post=47445"}],"version-history":[{"count":1,"href":"https:\/\/armstrongyregion.com.ar\/diario\/wp-json\/wp\/v2\/posts\/47445\/revisions"}],"predecessor-version":[{"id":47452,"href":"https:\/\/armstrongyregion.com.ar\/diario\/wp-json\/wp\/v2\/posts\/47445\/revisions\/47452"}],"wp:featuredmedia":[{"embeddable":true,"href":"https:\/\/armstrongyregion.com.ar\/diario\/wp-json\/wp\/v2\/media\/47446"}],"wp:attachment":[{"href":"https:\/\/armstrongyregion.com.ar\/diario\/wp-json\/wp\/v2\/media?parent=47445"}],"wp:term":[{"taxonomy":"category","embeddable":true,"href":"https:\/\/armstrongyregion.com.ar\/diario\/wp-json\/wp\/v2\/categories?post=47445"},{"taxonomy":"post_tag","embeddable":true,"href":"https:\/\/armstrongyregion.com.ar\/diario\/wp-json\/wp\/v2\/tags?post=47445"}],"curies":[{"name":"wp","href":"https:\/\/api.w.org\/{rel}","templated":true}]}}