{"id":47430,"date":"2025-10-30T11:43:09","date_gmt":"2025-10-30T11:43:09","guid":{"rendered":"https:\/\/armstrongyregion.com.ar\/diario\/?p=47430"},"modified":"2025-10-30T11:43:10","modified_gmt":"2025-10-30T11:43:10","slug":"armstrong-memorias-de-piedra-2","status":"publish","type":"post","link":"https:\/\/armstrongyregion.com.ar\/diario\/armstrong-memorias-de-piedra-2\/","title":{"rendered":"Armstrong. Memorias de Piedra."},"content":{"rendered":"\n<figure class=\"wp-block-image size-large\"><img loading=\"lazy\" decoding=\"async\" width=\"384\" height=\"480\" src=\"https:\/\/armstrongyregion.com.ar\/diario\/wp-content\/uploads\/2025\/10\/CEMENTERIO-384x480.jpg\" alt=\"\" class=\"wp-image-47431\" srcset=\"https:\/\/armstrongyregion.com.ar\/diario\/wp-content\/uploads\/2025\/10\/CEMENTERIO-384x480.jpg 384w, https:\/\/armstrongyregion.com.ar\/diario\/wp-content\/uploads\/2025\/10\/CEMENTERIO-240x300.jpg 240w, https:\/\/armstrongyregion.com.ar\/diario\/wp-content\/uploads\/2025\/10\/CEMENTERIO.jpg 512w\" sizes=\"auto, (max-width: 384px) 100vw, 384px\" \/><\/figure>\n\n\n\n<p>Municipalidad de Armstrong invita a participar de una nueva visita guiada en el cementerio<br>local donde se recorrer\u00e1n algunos de los panteones o tumbas de personas ilustres que<br>hicieron historia en nuestra ciudad.<br>La cita es para el s\u00e1bado 1 de noviembre, D\u00eda de los Santos, a las 10 hs, y el domingo 2, D\u00eda<br>de los Fieles Difuntos, a las 16 hs., en la entrada principal del cementerio, y la actividad<br>estar\u00e1 a cargo de la Lic. Eugenia Carnicelini.<br>Se llegar\u00e1 hasta los lugares donde descansan los restos de personas que fueron pioneras<br>desde la fundaci\u00f3n y desarrollo de Armstrong, algunas de ellas dan nombre a calles que<br>solemos transitar a diario sin saber qui\u00e9nes fueron y qu\u00e9 aporte hicieron a nuestra cultura e<br>idiosincrasia.<\/p>\n","protected":false},"excerpt":{"rendered":"<p>Municipalidad de Armstrong invita a participar de una nueva visita guiada en el cementeriolocal donde se recorrer\u00e1n algunos de los panteones o tumbas de personas ilustres quehicieron historia en nuestra ciudad.La cita es para el s\u00e1bado 1 de noviembre, D\u00eda de los Santos, a las 10 hs, y el domingo 2, D\u00edade los Fieles Difuntos, <a href=\"https:\/\/armstrongyregion.com.ar\/diario\/armstrong-memorias-de-piedra-2\/\" title=\"Read more\" >&#8230;<\/a><\/p>\n","protected":false},"author":1,"featured_media":47431,"comment_status":"open","ping_status":"open","sticky":false,"template":"","format":"image","meta":{"_jetpack_memberships_contains_paid_content":false,"footnotes":"","jetpack_publicize_message":"","jetpack_publicize_feature_enabled":true,"jetpack_social_post_already_shared":true,"jetpack_social_options":{"image_generator_settings":{"template":"highway","default_image_id":0,"enabled":false},"version":2}},"categories":[8,1,2,7,3],"tags":[],"class_list":["post-47430","post","type-post","status-publish","format-image","has-post-thumbnail","hentry","category-deliberando","category-diario-armstrong","category-locales","category-politica","category-region","post_format-post-format-image"],"jetpack_publicize_connections":[],"jetpack_featured_media_url":"https:\/\/armstrongyregion.com.ar\/diario\/wp-content\/uploads\/2025\/10\/CEMENTERIO.jpg","jetpack_shortlink":"https:\/\/wp.me\/p62QDO-cl0","jetpack_sharing_enabled":true,"amp_enabled":true,"_links":{"self":[{"href":"https:\/\/armstrongyregion.com.ar\/diario\/wp-json\/wp\/v2\/posts\/47430","targetHints":{"allow":["GET"]}}],"collection":[{"href":"https:\/\/armstrongyregion.com.ar\/diario\/wp-json\/wp\/v2\/posts"}],"about":[{"href":"https:\/\/armstrongyregion.com.ar\/diario\/wp-json\/wp\/v2\/types\/post"}],"author":[{"embeddable":true,"href":"https:\/\/armstrongyregion.com.ar\/diario\/wp-json\/wp\/v2\/users\/1"}],"replies":[{"embeddable":true,"href":"https:\/\/armstrongyregion.com.ar\/diario\/wp-json\/wp\/v2\/comments?post=47430"}],"version-history":[{"count":1,"href":"https:\/\/armstrongyregion.com.ar\/diario\/wp-json\/wp\/v2\/posts\/47430\/revisions"}],"predecessor-version":[{"id":47432,"href":"https:\/\/armstrongyregion.com.ar\/diario\/wp-json\/wp\/v2\/posts\/47430\/revisions\/47432"}],"wp:featuredmedia":[{"embeddable":true,"href":"https:\/\/armstrongyregion.com.ar\/diario\/wp-json\/wp\/v2\/media\/47431"}],"wp:attachment":[{"href":"https:\/\/armstrongyregion.com.ar\/diario\/wp-json\/wp\/v2\/media?parent=47430"}],"wp:term":[{"taxonomy":"category","embeddable":true,"href":"https:\/\/armstrongyregion.com.ar\/diario\/wp-json\/wp\/v2\/categories?post=47430"},{"taxonomy":"post_tag","embeddable":true,"href":"https:\/\/armstrongyregion.com.ar\/diario\/wp-json\/wp\/v2\/tags?post=47430"}],"curies":[{"name":"wp","href":"https:\/\/api.w.org\/{rel}","templated":true}]}}