{"id":47420,"date":"2025-10-27T01:50:56","date_gmt":"2025-10-27T01:50:56","guid":{"rendered":"https:\/\/armstrongyregion.com.ar\/diario\/?p=47420"},"modified":"2025-10-27T01:50:58","modified_gmt":"2025-10-27T01:50:58","slug":"la-esi-a-debate-el-programa-que-aborda-un-derecho-educativo-en-armstrong-y-la-region","status":"publish","type":"post","link":"https:\/\/armstrongyregion.com.ar\/diario\/la-esi-a-debate-el-programa-que-aborda-un-derecho-educativo-en-armstrong-y-la-region\/","title":{"rendered":"La ESI a Debate: El Programa que aborda un derecho educativo en Armstrong y la regi\u00f3n."},"content":{"rendered":"\n<figure class=\"wp-block-image size-full\"><img loading=\"lazy\" decoding=\"async\" width=\"536\" height=\"407\" src=\"https:\/\/armstrongyregion.com.ar\/diario\/wp-content\/uploads\/2025\/10\/Eli-Valentini.jpg\" alt=\"\" class=\"wp-image-47421\" srcset=\"https:\/\/armstrongyregion.com.ar\/diario\/wp-content\/uploads\/2025\/10\/Eli-Valentini.jpg 536w, https:\/\/armstrongyregion.com.ar\/diario\/wp-content\/uploads\/2025\/10\/Eli-Valentini-300x228.jpg 300w\" sizes=\"auto, (max-width: 536px) 100vw, 536px\" \/><\/figure>\n\n\n\n<h2 class=\"wp-block-heading\">El programa de televisi\u00f3n \u00abPrevenci\u00f3n y Salud\u00bb estrena hoy, lunes 27 de octubre, un especial imperdible sobre la <strong>Educaci\u00f3n Sexual Integral (ESI)<\/strong>. Con la participaci\u00f3n de la Profesora <strong>Eliana Valentini<\/strong>, reconocida experta en la materia, el ciclo televisivo pone en la mesa de debate el cumplimiento de la Ley Nacional N\u00b0 26.150, sus cinco ejes fundamentales y los desaf\u00edos de su implementaci\u00f3n en las instituciones secundarias de la zona.<\/h2>\n\n\n\n<p>Bajo la premisa de que la ESI es un <strong>derecho, es ley y es la llave<\/strong> para una sociedad m\u00e1s justa e informada, el programa se propone desgranar qu\u00e9 implica realmente la Educaci\u00f3n Sexual Integral que se dicta en las escuelas de Armstrong y la regi\u00f3n.<\/p>\n\n\n\n<p>La invitada es la <strong>Profesora Eliana Valentini<\/strong>, una voz autorizada con vasta experiencia en pr\u00e1ctica pedag\u00f3gica y gesti\u00f3n educativa. La Profesora Valentini, quien trabaja activamente en la formaci\u00f3n docente y la desarticulaci\u00f3n de mitos, fue convocada para ofrecer una visi\u00f3n clara de c\u00f3mo se materializa la ESI m\u00e1s all\u00e1 del mandato legal.<\/p>\n\n\n\n<h4 class=\"wp-block-heading\"><strong>De la Ley al Aula: Un Derecho Innegociable<\/strong><\/h4>\n\n\n\n<p>Uno de los puntos centrales que se abordar\u00e1n en el programa es la <strong>responsabilidad primordial de la escuela<\/strong> seg\u00fan la Ley N\u00b0 26.150, que establece a la ESI como un <strong>derecho de cada estudiante<\/strong>. La emisi\u00f3n explorar\u00e1 el concepto de <strong>\u00abintegralidad\u00bb<\/strong>, explicando por qu\u00e9 la ESI abarca mucho m\u00e1s que la biolog\u00eda o la prevenci\u00f3n de enfermedades, e incluye la <strong>perspectiva de g\u00e9nero, la afectividad, los derechos, el cuidado del cuerpo y el respeto a la diversidad<\/strong>.<\/p>\n\n\n\n<h4 class=\"wp-block-heading\"><strong>ESI en la Pr\u00e1ctica: Desaf\u00edos y Protocolos<\/strong><\/h4>\n\n\n\n<p>La conversaci\u00f3n con la Profesora Valentini se sumergir\u00e1 en la complejidad de la implementaci\u00f3n cotidiana. Se analizar\u00e1 c\u00f3mo lograr que la ESI sea un <strong>espacio sistem\u00e1tico y continuo<\/strong> y no se reduzca a una charla aislada. <\/p>\n\n\n\n<p>Fuente: Programa de TV \u00abPrevenci\u00f3n y Salud\u00bb Estreno Lunes 27 de Octubre 13,30hs.<\/p>\n\n\n\n<p>Reiteraciones Jueves 20,00hs y S\u00e1bados 12,30hs.<\/p>\n\n\n\n<p><\/p>\n","protected":false},"excerpt":{"rendered":"<p>El programa de televisi\u00f3n \u00abPrevenci\u00f3n y Salud\u00bb estrena hoy, lunes 27 de octubre, un especial imperdible sobre la Educaci\u00f3n Sexual Integral (ESI). Con la participaci\u00f3n de la Profesora Eliana Valentini, reconocida experta en la materia, el ciclo televisivo pone en la mesa de debate el cumplimiento de la Ley Nacional N\u00b0 26.150, sus cinco ejes <a href=\"https:\/\/armstrongyregion.com.ar\/diario\/la-esi-a-debate-el-programa-que-aborda-un-derecho-educativo-en-armstrong-y-la-region\/\" title=\"Read more\" >&#8230;<\/a><\/p>\n","protected":false},"author":1,"featured_media":47421,"comment_status":"open","ping_status":"open","sticky":false,"template":"","format":"image","meta":{"_jetpack_memberships_contains_paid_content":false,"footnotes":"","jetpack_publicize_message":"","jetpack_publicize_feature_enabled":true,"jetpack_social_post_already_shared":true,"jetpack_social_options":{"image_generator_settings":{"template":"highway","default_image_id":0,"enabled":false},"version":2}},"categories":[8,1,2,7,4],"tags":[1356,12127,5030,12126,8777,9204,12128,10877],"class_list":["post-47420","post","type-post","status-publish","format-image","has-post-thumbnail","hentry","category-deliberando","category-diario-armstrong","category-locales","category-politica","category-prevencion-salud","tag-debate","tag-derecho-educativo","tag-diario-armstrong","tag-esi","tag-lic-graciela-de-la-casa","tag-prevencion-y-salud","tag-prof-eliana-valentini","tag-programa-de-tv","post_format-post-format-image"],"jetpack_publicize_connections":[],"jetpack_featured_media_url":"https:\/\/armstrongyregion.com.ar\/diario\/wp-content\/uploads\/2025\/10\/Eli-Valentini.jpg","jetpack_shortlink":"https:\/\/wp.me\/p62QDO-ckQ","jetpack_sharing_enabled":true,"amp_enabled":true,"_links":{"self":[{"href":"https:\/\/armstrongyregion.com.ar\/diario\/wp-json\/wp\/v2\/posts\/47420","targetHints":{"allow":["GET"]}}],"collection":[{"href":"https:\/\/armstrongyregion.com.ar\/diario\/wp-json\/wp\/v2\/posts"}],"about":[{"href":"https:\/\/armstrongyregion.com.ar\/diario\/wp-json\/wp\/v2\/types\/post"}],"author":[{"embeddable":true,"href":"https:\/\/armstrongyregion.com.ar\/diario\/wp-json\/wp\/v2\/users\/1"}],"replies":[{"embeddable":true,"href":"https:\/\/armstrongyregion.com.ar\/diario\/wp-json\/wp\/v2\/comments?post=47420"}],"version-history":[{"count":1,"href":"https:\/\/armstrongyregion.com.ar\/diario\/wp-json\/wp\/v2\/posts\/47420\/revisions"}],"predecessor-version":[{"id":47422,"href":"https:\/\/armstrongyregion.com.ar\/diario\/wp-json\/wp\/v2\/posts\/47420\/revisions\/47422"}],"wp:featuredmedia":[{"embeddable":true,"href":"https:\/\/armstrongyregion.com.ar\/diario\/wp-json\/wp\/v2\/media\/47421"}],"wp:attachment":[{"href":"https:\/\/armstrongyregion.com.ar\/diario\/wp-json\/wp\/v2\/media?parent=47420"}],"wp:term":[{"taxonomy":"category","embeddable":true,"href":"https:\/\/armstrongyregion.com.ar\/diario\/wp-json\/wp\/v2\/categories?post=47420"},{"taxonomy":"post_tag","embeddable":true,"href":"https:\/\/armstrongyregion.com.ar\/diario\/wp-json\/wp\/v2\/tags?post=47420"}],"curies":[{"name":"wp","href":"https:\/\/api.w.org\/{rel}","templated":true}]}}