{"id":47398,"date":"2025-10-26T22:38:57","date_gmt":"2025-10-26T22:38:57","guid":{"rendered":"https:\/\/armstrongyregion.com.ar\/diario\/?p=47398"},"modified":"2025-10-26T22:58:32","modified_gmt":"2025-10-26T22:58:32","slug":"el-audiovisual-es-la-tiza-del-siglo-xxi-brillo-y-compromiso-en-el-tercer-festival-33-cine-de-armstrong","status":"publish","type":"post","link":"https:\/\/armstrongyregion.com.ar\/diario\/el-audiovisual-es-la-tiza-del-siglo-xxi-brillo-y-compromiso-en-el-tercer-festival-33-cine-de-armstrong\/","title":{"rendered":"El audiovisual es la tiza del siglo XXI: Brillo y compromiso en el Tercer Festival 33 Cine de Armstrong."},"content":{"rendered":"\n<figure class=\"wp-block-image size-large\"><img loading=\"lazy\" decoding=\"async\" width=\"640\" height=\"336\" src=\"https:\/\/armstrongyregion.com.ar\/diario\/wp-content\/uploads\/2025\/10\/cortos-33-3ro-a--640x336.jpg\" alt=\"\" class=\"wp-image-47399\" srcset=\"https:\/\/armstrongyregion.com.ar\/diario\/wp-content\/uploads\/2025\/10\/cortos-33-3ro-a--640x336.jpg 640w, https:\/\/armstrongyregion.com.ar\/diario\/wp-content\/uploads\/2025\/10\/cortos-33-3ro-a--300x157.jpg 300w, https:\/\/armstrongyregion.com.ar\/diario\/wp-content\/uploads\/2025\/10\/cortos-33-3ro-a-.jpg 711w\" sizes=\"auto, (max-width: 640px) 100vw, 640px\" \/><\/figure>\n\n\n\n<h2 class=\"wp-block-heading\">El pasado <strong>viernes 24 de octubre<\/strong>, la ciudad de <strong>Armstrong<\/strong> se visti\u00f3 de gala para celebrar la tercera edici\u00f3n del <strong>Festival 33 Cine<\/strong>, el evento cumbre de la orientaci\u00f3n Comunicaci\u00f3n de la <strong>Escuela Normal Superior N\u00b0 33 \u00abDr. Mariano Moreno\u00bb<\/strong>. La noche se destac\u00f3 por la calidad de las producciones estudiantiles, la emotividad de los discursos y un amplio apoyo de las autoridades y la comunidad.<\/h2>\n\n\n\n<figure class=\"wp-block-image size-large\"><img loading=\"lazy\" decoding=\"async\" width=\"640\" height=\"416\" src=\"https:\/\/armstrongyregion.com.ar\/diario\/wp-content\/uploads\/2025\/10\/cortos33-3ro-b--640x416.jpg\" alt=\"\" class=\"wp-image-47400\" srcset=\"https:\/\/armstrongyregion.com.ar\/diario\/wp-content\/uploads\/2025\/10\/cortos33-3ro-b--640x416.jpg 640w, https:\/\/armstrongyregion.com.ar\/diario\/wp-content\/uploads\/2025\/10\/cortos33-3ro-b--300x195.jpg 300w, https:\/\/armstrongyregion.com.ar\/diario\/wp-content\/uploads\/2025\/10\/cortos33-3ro-b-.jpg 714w\" sizes=\"auto, (max-width: 640px) 100vw, 640px\" \/><\/figure>\n\n\n\n<h3 class=\"wp-block-heading\">Apoyo Institucional y Educativo<\/h3>\n\n\n\n<p>El festival cont\u00f3 con una masiva concurrencia y la presencia de destacadas figuras que subrayaron el valor del proyecto para la educaci\u00f3n p\u00fablica y la cultura regional. Estuvieron presentes:<\/p>\n\n\n\n<ul class=\"wp-block-list\">\n<li>El <strong>Senador del Departamento Belgrano, Dr. Pablo Verdecchia<\/strong>;<\/li>\n\n\n\n<li>El <strong>Intendente de la Ciudad, Ing. Guillermo Luzzi<\/strong>;<\/li>\n\n\n\n<li>El <strong>Presidente del Concejo, Prof. Alejandro Pertusati<\/strong>, y la <strong>Concejal Noelia Garc\u00eda<\/strong>;<\/li>\n\n\n\n<li>El <strong>Supervisor de Escuelas Orientadas, Prof. Gonzalo Cuesta<\/strong>;<\/li>\n\n\n\n<li>La <strong>Referente de la Regi\u00f3n V, Marisa Pr\u00edncipe<\/strong>;<\/li>\n\n\n\n<li><strong>Secretaria de Educaci\u00f3n y Desarrollo Productivo Rosana Siri;<\/strong><\/li>\n\n\n\n<li>Los directivos de la instituci\u00f3n: <strong>Prof. Natalia Garc\u00eda, Prof. Graciela Palacios y Prof. Hern\u00e1n Taboada<\/strong>.<\/li>\n<\/ul>\n\n\n\n<figure class=\"wp-block-image size-large\"><img loading=\"lazy\" decoding=\"async\" width=\"640\" height=\"445\" src=\"https:\/\/armstrongyregion.com.ar\/diario\/wp-content\/uploads\/2025\/10\/cortos-33-5to-640x445.jpg\" alt=\"\" class=\"wp-image-47401\" srcset=\"https:\/\/armstrongyregion.com.ar\/diario\/wp-content\/uploads\/2025\/10\/cortos-33-5to-640x445.jpg 640w, https:\/\/armstrongyregion.com.ar\/diario\/wp-content\/uploads\/2025\/10\/cortos-33-5to-300x208.jpg 300w, https:\/\/armstrongyregion.com.ar\/diario\/wp-content\/uploads\/2025\/10\/cortos-33-5to.jpg 655w\" sizes=\"auto, (max-width: 640px) 100vw, 640px\" \/><\/figure>\n\n\n\n<h3 class=\"wp-block-heading\">La Voz de los Protagonistas: Aprendizaje y Crecimiento.<\/h3>\n\n\n\n<p>El evento sirvi\u00f3 no solo como muestra, sino como la consolidaci\u00f3n de un proyecto pedag\u00f3gico que crece a\u00f1o a a\u00f1o. Los docentes coordinadores del proyecto compartieron sus reflexiones sobre el proceso formativo de los estudiantes.<\/p>\n\n\n\n<figure class=\"wp-block-image size-full\"><img loading=\"lazy\" decoding=\"async\" width=\"504\" height=\"378\" src=\"https:\/\/armstrongyregion.com.ar\/diario\/wp-content\/uploads\/2025\/10\/cortos-33-3rp-d-.jpg\" alt=\"\" class=\"wp-image-47402\" srcset=\"https:\/\/armstrongyregion.com.ar\/diario\/wp-content\/uploads\/2025\/10\/cortos-33-3rp-d-.jpg 504w, https:\/\/armstrongyregion.com.ar\/diario\/wp-content\/uploads\/2025\/10\/cortos-33-3rp-d--300x225.jpg 300w\" sizes=\"auto, (max-width: 504px) 100vw, 504px\" \/><\/figure>\n\n\n\n<p><strong>Marina Strologo<\/strong>, docente de 3er a\u00f1o de Comunicaci\u00f3n, explic\u00f3 el gran desaf\u00edo de iniciaci\u00f3n para los alumnos:<\/p>\n\n\n\n<blockquote class=\"wp-block-quote is-layout-flow wp-block-quote-is-layout-flow\">\n<p>\u00abLa propuesta para ellos es la producci\u00f3n de un videominuto, hacer cine en un minuto no es f\u00e1cil, y con una t\u00e9cnica de animaci\u00f3n, que es <strong>stop motion<\/strong>.\u00bb<\/p>\n<\/blockquote>\n\n\n\n<figure class=\"wp-block-image size-full\"><img loading=\"lazy\" decoding=\"async\" width=\"504\" height=\"364\" src=\"https:\/\/armstrongyregion.com.ar\/diario\/wp-content\/uploads\/2025\/10\/cortos-33-c-.jpg\" alt=\"\" class=\"wp-image-47403\" srcset=\"https:\/\/armstrongyregion.com.ar\/diario\/wp-content\/uploads\/2025\/10\/cortos-33-c-.jpg 504w, https:\/\/armstrongyregion.com.ar\/diario\/wp-content\/uploads\/2025\/10\/cortos-33-c--300x217.jpg 300w\" sizes=\"auto, (max-width: 504px) 100vw, 504px\" \/><\/figure>\n\n\n\n<p>La docente enfatiz\u00f3 el arduo trabajo detr\u00e1s de las c\u00e1maras: \u00abLograr una historia en un minuto, en una t\u00e9cnica de stop motion, adem\u00e1s de la construcci\u00f3n de las maquetas, la construcci\u00f3n de los personajes, y lograr a trav\u00e9s de casi <strong>cuatrocientas fotos<\/strong>, la sensaci\u00f3n de movimiento, de animaci\u00f3n.\u00bb<\/p>\n\n\n\n<p>Por su parte, el docente y coordinador del proyecto, <strong>Fabi\u00e1n Rodr\u00edguez<\/strong>, destac\u00f3 el valor del trabajo en equipo y el desarrollo de habilidades profesionales y de gesti\u00f3n:<\/p>\n\n\n\n<figure class=\"wp-block-image size-full\"><img loading=\"lazy\" decoding=\"async\" width=\"628\" height=\"373\" src=\"https:\/\/armstrongyregion.com.ar\/diario\/wp-content\/uploads\/2025\/10\/cortos-33-e.jpg\" alt=\"\" class=\"wp-image-47404\" srcset=\"https:\/\/armstrongyregion.com.ar\/diario\/wp-content\/uploads\/2025\/10\/cortos-33-e.jpg 628w, https:\/\/armstrongyregion.com.ar\/diario\/wp-content\/uploads\/2025\/10\/cortos-33-e-300x178.jpg 300w\" sizes=\"auto, (max-width: 628px) 100vw, 628px\" \/><\/figure>\n\n\n\n<blockquote class=\"wp-block-quote is-layout-flow wp-block-quote-is-layout-flow\">\n<p>\u00abA m\u00ed me gusta particularmente decir que <strong>el audiovisual es la tiza del siglo veintiuno<\/strong>, y en este proyecto se concreta.\u00bb<\/p>\n\n\n\n<figure class=\"wp-block-image size-full\"><img loading=\"lazy\" decoding=\"async\" width=\"606\" height=\"373\" src=\"https:\/\/armstrongyregion.com.ar\/diario\/wp-content\/uploads\/2025\/10\/cortos-peques-.jpg\" alt=\"\" class=\"wp-image-47405\" srcset=\"https:\/\/armstrongyregion.com.ar\/diario\/wp-content\/uploads\/2025\/10\/cortos-peques-.jpg 606w, https:\/\/armstrongyregion.com.ar\/diario\/wp-content\/uploads\/2025\/10\/cortos-peques--300x185.jpg 300w\" sizes=\"auto, (max-width: 606px) 100vw, 606px\" \/><\/figure>\n<\/blockquote>\n\n\n\n<p>Rodr\u00edguez explic\u00f3 que el proceso va m\u00e1s all\u00e1 de lo art\u00edstico: \u00abEn quinto a\u00f1o&#8230; tienen la responsabilidad de <strong>organizar toda esta muestra, de gestionar, de tomar el contacto con los patrocinadores<\/strong>&#8230; Es decir, es un gran trabajo, entendemos que es la educaci\u00f3n que nos requiere y nos demanda este momento.\u00bb<\/p>\n\n\n\n<h3 class=\"wp-block-heading\">Las Obras Presentadas.<\/h3>\n\n\n\n<p>El p\u00fablico disfrut\u00f3 de una selecci\u00f3n de cortometrajes que reflejan la evoluci\u00f3n de los estudiantes en su recorrido por la realizaci\u00f3n audiovisual. Las producciones exhibidas fueron:<\/p>\n\n\n\n<figure class=\"wp-block-table\"><table class=\"has-fixed-layout\"><thead><tr><td><strong>A\u00f1o<\/strong><\/td><td><strong>T\u00edtulos de los Cortometrajes<\/strong><\/td><\/tr><\/thead><tbody><tr><td><strong>3er A\u00f1o<\/strong><\/td><td>\u00abFeliz Cumplea\u00f1os!\u00bb, \u00abReglas Ocultas\u00bb, \u00abDibujos hechos realidad\u00bb y \u00abTragedias de un ping\u00fcino\u00bb(en t\u00e9cnica Stop Motion)<\/td><\/tr><tr><td><strong>4to A\u00f1o<\/strong><\/td><td>\u00abLa Amistad es la Entrada\u00bb<\/td><\/tr><tr><td><strong>5to A\u00f1o<\/strong><\/td><td>\u00abLatidos Compartidos\u00bb (Corto Tesis y organizador del Festival)<\/td><\/tr><\/tbody><\/table><\/figure>\n\n\n\n<p>El <strong>Tercer Festival 33 Cine<\/strong> se consolida como una poderosa herramienta de ense\u00f1anza-aprendizaje, demostrando que <strong>\u00abEste es el fruto del trabajo en equipo\u00bb<\/strong>, tal como se escuch\u00f3 en el emotivo cierre de la gala.<\/p>\n","protected":false},"excerpt":{"rendered":"<p>El pasado viernes 24 de octubre, la ciudad de Armstrong se visti\u00f3 de gala para celebrar la tercera edici\u00f3n del Festival 33 Cine, el evento cumbre de la orientaci\u00f3n Comunicaci\u00f3n de la Escuela Normal Superior N\u00b0 33 \u00abDr. Mariano Moreno\u00bb. La noche se destac\u00f3 por la calidad de las producciones estudiantiles, la emotividad de los <a href=\"https:\/\/armstrongyregion.com.ar\/diario\/el-audiovisual-es-la-tiza-del-siglo-xxi-brillo-y-compromiso-en-el-tercer-festival-33-cine-de-armstrong\/\" title=\"Read more\" >&#8230;<\/a><\/p>\n","protected":false},"author":1,"featured_media":47399,"comment_status":"open","ping_status":"open","sticky":false,"template":"","format":"image","meta":{"_jetpack_memberships_contains_paid_content":false,"footnotes":"","jetpack_publicize_message":"","jetpack_publicize_feature_enabled":true,"jetpack_social_post_already_shared":true,"jetpack_social_options":{"image_generator_settings":{"template":"highway","default_image_id":0,"enabled":false},"version":2}},"categories":[6,8,1,2,7,3],"tags":[20,9432,12,2572,5030,12122,12121],"class_list":["post-47398","post","type-post","status-publish","format-image","has-post-thumbnail","hentry","category-cultura-entretenimiento","category-deliberando","category-diario-armstrong","category-locales","category-politica","category-region","tag-armstrong","tag-audiovisual-2","tag-brillo","tag-compromiso","tag-diario-armstrong","tag-tercer-festival-cine","tag-tiza-siglo-xxi","post_format-post-format-image"],"jetpack_publicize_connections":[],"jetpack_featured_media_url":"https:\/\/armstrongyregion.com.ar\/diario\/wp-content\/uploads\/2025\/10\/cortos-33-3ro-a-.jpg","jetpack_shortlink":"https:\/\/wp.me\/p62QDO-cku","jetpack_sharing_enabled":true,"amp_enabled":true,"_links":{"self":[{"href":"https:\/\/armstrongyregion.com.ar\/diario\/wp-json\/wp\/v2\/posts\/47398","targetHints":{"allow":["GET"]}}],"collection":[{"href":"https:\/\/armstrongyregion.com.ar\/diario\/wp-json\/wp\/v2\/posts"}],"about":[{"href":"https:\/\/armstrongyregion.com.ar\/diario\/wp-json\/wp\/v2\/types\/post"}],"author":[{"embeddable":true,"href":"https:\/\/armstrongyregion.com.ar\/diario\/wp-json\/wp\/v2\/users\/1"}],"replies":[{"embeddable":true,"href":"https:\/\/armstrongyregion.com.ar\/diario\/wp-json\/wp\/v2\/comments?post=47398"}],"version-history":[{"count":9,"href":"https:\/\/armstrongyregion.com.ar\/diario\/wp-json\/wp\/v2\/posts\/47398\/revisions"}],"predecessor-version":[{"id":47417,"href":"https:\/\/armstrongyregion.com.ar\/diario\/wp-json\/wp\/v2\/posts\/47398\/revisions\/47417"}],"wp:featuredmedia":[{"embeddable":true,"href":"https:\/\/armstrongyregion.com.ar\/diario\/wp-json\/wp\/v2\/media\/47399"}],"wp:attachment":[{"href":"https:\/\/armstrongyregion.com.ar\/diario\/wp-json\/wp\/v2\/media?parent=47398"}],"wp:term":[{"taxonomy":"category","embeddable":true,"href":"https:\/\/armstrongyregion.com.ar\/diario\/wp-json\/wp\/v2\/categories?post=47398"},{"taxonomy":"post_tag","embeddable":true,"href":"https:\/\/armstrongyregion.com.ar\/diario\/wp-json\/wp\/v2\/tags?post=47398"}],"curies":[{"name":"wp","href":"https:\/\/api.w.org\/{rel}","templated":true}]}}