{"id":47394,"date":"2025-10-26T21:32:54","date_gmt":"2025-10-26T21:32:54","guid":{"rendered":"https:\/\/armstrongyregion.com.ar\/diario\/?p=47394"},"modified":"2025-10-26T21:32:55","modified_gmt":"2025-10-26T21:32:55","slug":"jornada-democratica-en-armstrong-votaron-las-maximas-autoridades-locales-y-regionales","status":"publish","type":"post","link":"https:\/\/armstrongyregion.com.ar\/diario\/jornada-democratica-en-armstrong-votaron-las-maximas-autoridades-locales-y-regionales\/","title":{"rendered":"Jornada Democr\u00e1tica en Armstrong: Votaron las M\u00e1ximas Autoridades Locales y Regionales.\u00a0"},"content":{"rendered":"\n<figure class=\"wp-block-image size-large\"><img loading=\"lazy\" decoding=\"async\" width=\"270\" height=\"480\" src=\"https:\/\/armstrongyregion.com.ar\/diario\/wp-content\/uploads\/2025\/10\/ELECCIONES-OCTUBRE-2025-270x480.jpg\" alt=\"\" class=\"wp-image-47395\" srcset=\"https:\/\/armstrongyregion.com.ar\/diario\/wp-content\/uploads\/2025\/10\/ELECCIONES-OCTUBRE-2025-270x480.jpg 270w, https:\/\/armstrongyregion.com.ar\/diario\/wp-content\/uploads\/2025\/10\/ELECCIONES-OCTUBRE-2025-169x300.jpg 169w, https:\/\/armstrongyregion.com.ar\/diario\/wp-content\/uploads\/2025\/10\/ELECCIONES-OCTUBRE-2025.jpg 540w\" sizes=\"auto, (max-width: 270px) 100vw, 270px\" \/><figcaption class=\"wp-element-caption\">timestampe=1761507766<\/figcaption><\/figure>\n\n\n\n<h2 class=\"wp-block-heading\">\u00a0Las figuras m\u00e1s representativas de la pol\u00edtica local y departamental de Armstrong emitieron su sufragio antes de las 15 horas, en un d\u00eda clave para la democracia argentina. El Presidente del Concejo, el Intendente y el Senador por el Departamento Belgrano participaron de la elecci\u00f3n donde se eligen legisladores nacionales y provinciales.<\/h2>\n\n\n\n<p>En una jornada que se desarrolla con total normalidad y que reafirma los valores democr\u00e1ticos, las principales autoridades de Armstrong y la regi\u00f3n se acercaron a las urnas en horas de la tarde para cumplir con su deber c\u00edvico en estas elecciones del 26 de octubre.<br>Primero fue el turno del Presidente del Concejo Municipal, Prof. Alejandro Pertusati, de emitir su voto. Minutos despu\u00e9s, hizo lo propio el Intendente de Armstrong, Ing. Guillermo Luzzi, y el Senador por el Departamento Belgrano, Dr. Pablo Verdecchia, demostrando con su presencia la importancia de la participaci\u00f3n ciudadana en este gran d\u00eda.<br>\u201cHoy se celebra un gran d\u00eda de la democracia en Armstrong y la regi\u00f3n,\u201d coincidieron en se\u00f1alar las autoridades al momento de emitir sus votos, destacando la importancia de que la ciudadan\u00eda participe activamente en la elecci\u00f3n de sus representantes. El escrutinio comenzar\u00e1 una vez cerrados los comicios a las 18:00 hs.<\/p>\n","protected":false},"excerpt":{"rendered":"<p>\u00a0Las figuras m\u00e1s representativas de la pol\u00edtica local y departamental de Armstrong emitieron su sufragio antes de las 15 horas, en un d\u00eda clave para la democracia argentina. El Presidente del Concejo, el Intendente y el Senador por el Departamento Belgrano participaron de la elecci\u00f3n donde se eligen legisladores nacionales y provinciales. En una jornada <a href=\"https:\/\/armstrongyregion.com.ar\/diario\/jornada-democratica-en-armstrong-votaron-las-maximas-autoridades-locales-y-regionales\/\" title=\"Read more\" >&#8230;<\/a><\/p>\n","protected":false},"author":1,"featured_media":47395,"comment_status":"open","ping_status":"open","sticky":false,"template":"","format":"image","meta":{"_jetpack_memberships_contains_paid_content":false,"footnotes":"","jetpack_publicize_message":"","jetpack_publicize_feature_enabled":true,"jetpack_social_post_already_shared":true,"jetpack_social_options":{"image_generator_settings":{"template":"highway","default_image_id":0,"enabled":false},"version":2}},"categories":[8,1,2,7,4,3],"tags":[20,857,5030,12119,4481],"class_list":["post-47394","post","type-post","status-publish","format-image","has-post-thumbnail","hentry","category-deliberando","category-diario-armstrong","category-locales","category-politica","category-prevencion-salud","category-region","tag-armstrong","tag-autoridades","tag-diario-armstrong","tag-jornada-democratica","tag-regionales","post_format-post-format-image"],"jetpack_publicize_connections":[],"jetpack_featured_media_url":"https:\/\/armstrongyregion.com.ar\/diario\/wp-content\/uploads\/2025\/10\/ELECCIONES-OCTUBRE-2025.jpg","jetpack_shortlink":"https:\/\/wp.me\/p62QDO-ckq","jetpack_sharing_enabled":true,"amp_enabled":true,"_links":{"self":[{"href":"https:\/\/armstrongyregion.com.ar\/diario\/wp-json\/wp\/v2\/posts\/47394","targetHints":{"allow":["GET"]}}],"collection":[{"href":"https:\/\/armstrongyregion.com.ar\/diario\/wp-json\/wp\/v2\/posts"}],"about":[{"href":"https:\/\/armstrongyregion.com.ar\/diario\/wp-json\/wp\/v2\/types\/post"}],"author":[{"embeddable":true,"href":"https:\/\/armstrongyregion.com.ar\/diario\/wp-json\/wp\/v2\/users\/1"}],"replies":[{"embeddable":true,"href":"https:\/\/armstrongyregion.com.ar\/diario\/wp-json\/wp\/v2\/comments?post=47394"}],"version-history":[{"count":1,"href":"https:\/\/armstrongyregion.com.ar\/diario\/wp-json\/wp\/v2\/posts\/47394\/revisions"}],"predecessor-version":[{"id":47396,"href":"https:\/\/armstrongyregion.com.ar\/diario\/wp-json\/wp\/v2\/posts\/47394\/revisions\/47396"}],"wp:featuredmedia":[{"embeddable":true,"href":"https:\/\/armstrongyregion.com.ar\/diario\/wp-json\/wp\/v2\/media\/47395"}],"wp:attachment":[{"href":"https:\/\/armstrongyregion.com.ar\/diario\/wp-json\/wp\/v2\/media?parent=47394"}],"wp:term":[{"taxonomy":"category","embeddable":true,"href":"https:\/\/armstrongyregion.com.ar\/diario\/wp-json\/wp\/v2\/categories?post=47394"},{"taxonomy":"post_tag","embeddable":true,"href":"https:\/\/armstrongyregion.com.ar\/diario\/wp-json\/wp\/v2\/tags?post=47394"}],"curies":[{"name":"wp","href":"https:\/\/api.w.org\/{rel}","templated":true}]}}