{"id":47378,"date":"2025-10-23T22:45:44","date_gmt":"2025-10-23T22:45:44","guid":{"rendered":"https:\/\/armstrongyregion.com.ar\/diario\/?p=47378"},"modified":"2025-10-23T22:45:46","modified_gmt":"2025-10-23T22:45:46","slug":"armstrong-programa-provincia-buenas-practicas","status":"publish","type":"post","link":"https:\/\/armstrongyregion.com.ar\/diario\/armstrong-programa-provincia-buenas-practicas\/","title":{"rendered":"Armstrong. Programa Provincia Buenas Pr\u00e1cticas."},"content":{"rendered":"\n<figure class=\"wp-block-image size-large\"><img loading=\"lazy\" decoding=\"async\" width=\"640\" height=\"427\" src=\"https:\/\/armstrongyregion.com.ar\/diario\/wp-content\/uploads\/2025\/10\/BUENAS-PRACTICAS--640x427.jpg\" alt=\"\" class=\"wp-image-47379\" srcset=\"https:\/\/armstrongyregion.com.ar\/diario\/wp-content\/uploads\/2025\/10\/BUENAS-PRACTICAS--640x427.jpg 640w, https:\/\/armstrongyregion.com.ar\/diario\/wp-content\/uploads\/2025\/10\/BUENAS-PRACTICAS--300x200.jpg 300w, https:\/\/armstrongyregion.com.ar\/diario\/wp-content\/uploads\/2025\/10\/BUENAS-PRACTICAS-.jpg 729w\" sizes=\"auto, (max-width: 640px) 100vw, 640px\" \/><\/figure>\n\n\n\n<p>El Intendente Guillermo Luzzi recibi\u00f3 en su despacho al Senador Provincial Pablo Verdecchia quien<br>lleg\u00f3 acompa\u00f1ado por autoridades del Ministerio de Igualdad y Desarrollo Humano de la Provincia<br>de Santa Fe.<br>En esta oportunidad, el Director de Desarrollo Territorial Luciano Fontana y la Directora Provincial de<br>Clubes Mar\u00eda Luz Budassi fueron los portadores del programa provincial Buenas Pr\u00e1cticas destinado,<br>por un lado $10.000.000 destinados al espacio Minimundo para la renovaci\u00f3n de equipamiento<br>como pantalla y mobiliario y, por otra parte, $ 9.000.000 para Club Defensores, complementando as\u00ed<br>una primera entrega que ya se hab\u00eda realizado, por trabajos de riego que hicieron sobre la cancha<br>principal de lo que ser\u00e1 su estadio.<br>Luzzi manifest\u00f3: \u201dLa cercan\u00eda de un Gobierno provincial, presente en cada uno de los municipios es<br>muy importante. Esto llega gracias al trabajo conjunto con el Senador Verdecchia que nos acompa\u00f1a<br>permanentemente. Esto es cercan\u00eda, es gesti\u00f3n, es transparencia y honestidad en beneficio de<br>nuestra ciudad\u201d.<br>El Programa de Fortalecimiento de Iniciativas y Pol\u00edticas Sociales, Comunitarias, Territoriales en la<br>provincia de Santa Fe, brinda aportes econ\u00f3micos no reintegrables para mejoras de infraestructura,<br>equipamiento, capacitaci\u00f3n y fortalecimiento a instituciones que desarrollan iniciativas sociales<br>(comunitarias, recreativas, culturales, asistenciales, habitacionales) con el fin de dar respuesta, en<br>todo el territorio de la provincia, a poblaciones con vulnerabilidad social.<\/p>\n","protected":false},"excerpt":{"rendered":"<p>El Intendente Guillermo Luzzi recibi\u00f3 en su despacho al Senador Provincial Pablo Verdecchia quienlleg\u00f3 acompa\u00f1ado por autoridades del Ministerio de Igualdad y Desarrollo Humano de la Provinciade Santa Fe.En esta oportunidad, el Director de Desarrollo Territorial Luciano Fontana y la Directora Provincial deClubes Mar\u00eda Luz Budassi fueron los portadores del programa provincial Buenas Pr\u00e1cticas destinado,por <a href=\"https:\/\/armstrongyregion.com.ar\/diario\/armstrong-programa-provincia-buenas-practicas\/\" title=\"Read more\" >&#8230;<\/a><\/p>\n","protected":false},"author":1,"featured_media":47379,"comment_status":"open","ping_status":"open","sticky":false,"template":"","format":"image","meta":{"_jetpack_memberships_contains_paid_content":false,"footnotes":"","jetpack_publicize_message":"","jetpack_publicize_feature_enabled":true,"jetpack_social_post_already_shared":true,"jetpack_social_options":{"image_generator_settings":{"template":"highway","default_image_id":0,"enabled":false},"version":2}},"categories":[6,8,1,2,7,3],"tags":[20,12113,10721,12112,10733],"class_list":["post-47378","post","type-post","status-publish","format-image","has-post-thumbnail","hentry","category-cultura-entretenimiento","category-deliberando","category-diario-armstrong","category-locales","category-politica","category-region","tag-armstrong","tag-buenas-practicas","tag-diario-armstrong-region","tag-programa-provincia","tag-senador-pablo-verdecchia","post_format-post-format-image"],"jetpack_publicize_connections":[],"jetpack_featured_media_url":"https:\/\/armstrongyregion.com.ar\/diario\/wp-content\/uploads\/2025\/10\/BUENAS-PRACTICAS-.jpg","jetpack_shortlink":"https:\/\/wp.me\/p62QDO-cka","jetpack_sharing_enabled":true,"amp_enabled":true,"_links":{"self":[{"href":"https:\/\/armstrongyregion.com.ar\/diario\/wp-json\/wp\/v2\/posts\/47378","targetHints":{"allow":["GET"]}}],"collection":[{"href":"https:\/\/armstrongyregion.com.ar\/diario\/wp-json\/wp\/v2\/posts"}],"about":[{"href":"https:\/\/armstrongyregion.com.ar\/diario\/wp-json\/wp\/v2\/types\/post"}],"author":[{"embeddable":true,"href":"https:\/\/armstrongyregion.com.ar\/diario\/wp-json\/wp\/v2\/users\/1"}],"replies":[{"embeddable":true,"href":"https:\/\/armstrongyregion.com.ar\/diario\/wp-json\/wp\/v2\/comments?post=47378"}],"version-history":[{"count":1,"href":"https:\/\/armstrongyregion.com.ar\/diario\/wp-json\/wp\/v2\/posts\/47378\/revisions"}],"predecessor-version":[{"id":47380,"href":"https:\/\/armstrongyregion.com.ar\/diario\/wp-json\/wp\/v2\/posts\/47378\/revisions\/47380"}],"wp:featuredmedia":[{"embeddable":true,"href":"https:\/\/armstrongyregion.com.ar\/diario\/wp-json\/wp\/v2\/media\/47379"}],"wp:attachment":[{"href":"https:\/\/armstrongyregion.com.ar\/diario\/wp-json\/wp\/v2\/media?parent=47378"}],"wp:term":[{"taxonomy":"category","embeddable":true,"href":"https:\/\/armstrongyregion.com.ar\/diario\/wp-json\/wp\/v2\/categories?post=47378"},{"taxonomy":"post_tag","embeddable":true,"href":"https:\/\/armstrongyregion.com.ar\/diario\/wp-json\/wp\/v2\/tags?post=47378"}],"curies":[{"name":"wp","href":"https:\/\/api.w.org\/{rel}","templated":true}]}}