{"id":47347,"date":"2025-10-19T16:18:55","date_gmt":"2025-10-19T16:18:55","guid":{"rendered":"https:\/\/armstrongyregion.com.ar\/diario\/?p=47347"},"modified":"2025-10-19T16:18:56","modified_gmt":"2025-10-19T16:18:56","slug":"armstrong-celebro-la-creatividad-estudiantil-la-escuela-n-51-deslumbro-con-sus-57-microemprendimientos","status":"publish","type":"post","link":"https:\/\/armstrongyregion.com.ar\/diario\/armstrong-celebro-la-creatividad-estudiantil-la-escuela-n-51-deslumbro-con-sus-57-microemprendimientos\/","title":{"rendered":"Armstrong celebr\u00f3 la Creatividad Estudiantil: La Escuela N\u00b0 51 deslumbr\u00f3 con sus 57 Microemprendimientos."},"content":{"rendered":"\n<figure class=\"wp-block-image size-large\"><img loading=\"lazy\" decoding=\"async\" width=\"480\" height=\"480\" src=\"https:\/\/armstrongyregion.com.ar\/diario\/wp-content\/uploads\/2025\/10\/microemprendimientos-1-25-480x480.jpg\" alt=\"\" class=\"wp-image-47348\" srcset=\"https:\/\/armstrongyregion.com.ar\/diario\/wp-content\/uploads\/2025\/10\/microemprendimientos-1-25-480x480.jpg 480w, https:\/\/armstrongyregion.com.ar\/diario\/wp-content\/uploads\/2025\/10\/microemprendimientos-1-25-300x300.jpg 300w, https:\/\/armstrongyregion.com.ar\/diario\/wp-content\/uploads\/2025\/10\/microemprendimientos-1-25-150x150.jpg 150w, https:\/\/armstrongyregion.com.ar\/diario\/wp-content\/uploads\/2025\/10\/microemprendimientos-1-25.jpg 720w\" sizes=\"auto, (max-width: 480px) 100vw, 480px\" \/><\/figure>\n\n\n\n<h2 class=\"wp-block-heading\">\u00abEmprender para Aprender\u00bb reuni\u00f3 a toda la comunidad de Armstrong en torno a 57 proyectos que reflejan la creatividad, el compromiso y el aprendizaje integral de los alumnos de la Escuela de Comercio Dr. Manuel Belgrano.<\/h2>\n\n\n\n<figure class=\"wp-block-image size-large\"><img loading=\"lazy\" decoding=\"async\" width=\"480\" height=\"480\" src=\"https:\/\/armstrongyregion.com.ar\/diario\/wp-content\/uploads\/2025\/10\/microemprendimientos-2--480x480.jpg\" alt=\"\" class=\"wp-image-47349\" srcset=\"https:\/\/armstrongyregion.com.ar\/diario\/wp-content\/uploads\/2025\/10\/microemprendimientos-2--480x480.jpg 480w, https:\/\/armstrongyregion.com.ar\/diario\/wp-content\/uploads\/2025\/10\/microemprendimientos-2--300x300.jpg 300w, https:\/\/armstrongyregion.com.ar\/diario\/wp-content\/uploads\/2025\/10\/microemprendimientos-2--150x150.jpg 150w, https:\/\/armstrongyregion.com.ar\/diario\/wp-content\/uploads\/2025\/10\/microemprendimientos-2-.jpg 720w\" sizes=\"auto, (max-width: 480px) 100vw, 480px\" \/><\/figure>\n\n\n\n<p>La Escuela de Educaci\u00f3n Secundaria N\u00b0 51 Dr. Manuel Belgrano vivi\u00f3 una intensa jornada el pasado viernes 17 de octubre con la realizaci\u00f3n de su und\u00e9cima edici\u00f3n de Microemprendimientos Estudiantiles: Emprender para Aprender. El proyecto, que involucra a todo el alumnado de primero a quinto a\u00f1o, se consolid\u00f3 nuevamente como un espacio de innovaci\u00f3n y vinculaci\u00f3n con la comunidad.<\/p>\n\n\n\n<figure class=\"wp-block-image size-large\"><img loading=\"lazy\" decoding=\"async\" width=\"480\" height=\"480\" src=\"https:\/\/armstrongyregion.com.ar\/diario\/wp-content\/uploads\/2025\/10\/microemprendimientos-3-25-480x480.jpg\" alt=\"\" class=\"wp-image-47350\" srcset=\"https:\/\/armstrongyregion.com.ar\/diario\/wp-content\/uploads\/2025\/10\/microemprendimientos-3-25-480x480.jpg 480w, https:\/\/armstrongyregion.com.ar\/diario\/wp-content\/uploads\/2025\/10\/microemprendimientos-3-25-300x300.jpg 300w, https:\/\/armstrongyregion.com.ar\/diario\/wp-content\/uploads\/2025\/10\/microemprendimientos-3-25-150x150.jpg 150w, https:\/\/armstrongyregion.com.ar\/diario\/wp-content\/uploads\/2025\/10\/microemprendimientos-3-25.jpg 720w\" sizes=\"auto, (max-width: 480px) 100vw, 480px\" \/><\/figure>\n\n\n\n<p>La muestra se desarroll\u00f3 en dos franjas horarias (de nueve a doce y de diecisiete a veintiuna), permitiendo que un gran n\u00famero de familias y vecinos se acercaran a conocer los 57 stands que los estudiantes prepararon con meses de planificaci\u00f3n y esfuerzo.<\/p>\n\n\n\n<figure class=\"wp-block-image size-large\"><img loading=\"lazy\" decoding=\"async\" width=\"480\" height=\"480\" src=\"https:\/\/armstrongyregion.com.ar\/diario\/wp-content\/uploads\/2025\/10\/microemprendimientos-4-25-480x480.jpg\" alt=\"\" class=\"wp-image-47351\" srcset=\"https:\/\/armstrongyregion.com.ar\/diario\/wp-content\/uploads\/2025\/10\/microemprendimientos-4-25-480x480.jpg 480w, https:\/\/armstrongyregion.com.ar\/diario\/wp-content\/uploads\/2025\/10\/microemprendimientos-4-25-300x300.jpg 300w, https:\/\/armstrongyregion.com.ar\/diario\/wp-content\/uploads\/2025\/10\/microemprendimientos-4-25-150x150.jpg 150w, https:\/\/armstrongyregion.com.ar\/diario\/wp-content\/uploads\/2025\/10\/microemprendimientos-4-25.jpg 720w\" sizes=\"auto, (max-width: 480px) 100vw, 480px\" \/><\/figure>\n\n\n\n<p><strong>Un Proyecto Integral y Formativo<\/strong><\/p>\n\n\n\n<p>Este evento representa el<strong> \u201ccierre de un proceso formativo integral\u201d<\/strong>, donde los estudiantes de ambas modalidades \u2014Econom\u00eda \u00a0y Ciencias Sociales\u2014 ponen en pr\u00e1ctica los saberes adquiridos. Cada microemprendimiento es el resultado de un trabajo sostenido y colaborativo, donde los alumnos aprenden a organizarse, tomar decisiones y <strong>\u201ctransformar ideas en proyectos concretos\u201d<\/strong>, <strong>como se destac\u00f3 en el discurso de apertura.<\/strong><\/p>\n\n\n\n<figure class=\"wp-block-image size-large is-resized\"><img loading=\"lazy\" decoding=\"async\" width=\"480\" height=\"480\" src=\"https:\/\/armstrongyregion.com.ar\/diario\/wp-content\/uploads\/2025\/10\/microemprendimientos-5-25-480x480.jpg\" alt=\"\" class=\"wp-image-47352\" style=\"width:840px;height:auto\" srcset=\"https:\/\/armstrongyregion.com.ar\/diario\/wp-content\/uploads\/2025\/10\/microemprendimientos-5-25-480x480.jpg 480w, https:\/\/armstrongyregion.com.ar\/diario\/wp-content\/uploads\/2025\/10\/microemprendimientos-5-25-300x300.jpg 300w, https:\/\/armstrongyregion.com.ar\/diario\/wp-content\/uploads\/2025\/10\/microemprendimientos-5-25-150x150.jpg 150w, https:\/\/armstrongyregion.com.ar\/diario\/wp-content\/uploads\/2025\/10\/microemprendimientos-5-25.jpg 720w\" sizes=\"auto, (max-width: 480px) 100vw, 480px\" \/><\/figure>\n\n\n\n<p>La actividad econ\u00f3mica comercial es el eje principal, buscando que los chicos piensen una idea, la lleven adelante y gestionen los recursos. En el \u00e1rea de Ciencias Sociales, adem\u00e1s, se lucieron con la tradicional Radio (a cargo de 5to. Sociales) y la Revista (realizada por 4to. Sociales), a la cual este a\u00f1o le sumaron historietas y cuya venta sirve para generar recursos.<\/p>\n\n\n\n<p><strong>Apertura Institucional y Agradecimientos<\/strong><\/p>\n\n\n\n<p>El acto de apertura cont\u00f3 con la presencia de destacadas autoridades y referentes de la comunidad, lo que subraya la relevancia del proyecto. Entre los presentes estuvieron: el Supervisor de Escuelas Secundarias Orientadas, Prof. Gonzalo Costa; la secretaria de Educaci\u00f3n y Desarrollo de la Municipalidad de Armstrong, Rosana Siri; el Senador Dr. Pablo Verdecchia; el Pte. Del Concejo Municipal, Prof. Alejandro Pertusati; la Concejala Carla Revigliono,  Ex directivo de la Escuela de Comercio, Prof. Omar Maiani; ex docentes, y, por supuesto, toda la comunidad educativa.<\/p>\n\n\n\n\n\n<p>En su discurso,<strong> la Profesora Fernanda De Benedetti,<\/strong> agradeci\u00f3 el apoyo incondicional: <strong>\u201cAgradezco profundamente a los docentes orientadores y a todo el personal de la escuela por su acompa\u00f1amiento; a las familias que con su apoyo cotidiano hacen posible que cada uno de estos logros se concreten; a la Municipalidad de Armstrong por cedernos este espacio; a las empresas, comercios e instituciones que colaboraron con sus adhesiones\u201d.<\/strong><\/p>\n\n\n\n<p><strong>El Valor de la Conexi\u00f3n y el Trabajo en Equipo<\/strong><\/p>\n\n\n\n<p>La participaci\u00f3n fue clave en esta edici\u00f3n. Adem\u00e1s de los 57 stands, el evento cont\u00f3 con el B\u00faf\u00e9 de bebidas a cargo de la cooperadora escolar y un Stand Institucional para informar sobre la inscripci\u00f3n a ingresantes 2026.<\/p>\n\n\n\n<p>En el cierre de su mensaje, la <strong>Directora Fernanda De Benedetti, enfatiz\u00f3 el valor del proceso y la colaboraci\u00f3n, citando a Claudia Romero para reflexionar sobre el liderazgo educativo: \u201cHagamos de la escuela una buena escuela, porque hacer de la escuela una buena escuela es asumir d\u00eda a d\u00eda el compromiso de construir un espacio donde ense\u00f1ar y aprender tengan sentido.\u201d<\/strong><\/p>\n\n\n\n<p>La jornada no solo mostr\u00f3 productos innovadores y creativos, sino que demostr\u00f3 una vez m\u00e1s que, <strong>\u201ccuando la escuela y la comunidad trabajan juntas, los sue\u00f1os se transforman en realidad\u201d.<\/strong> \u00a1Felicitaciones a los estudiantes y a toda la Escuela N\u00b0 51 por este gran evento!<\/p>\n","protected":false},"excerpt":{"rendered":"<p>\u00abEmprender para Aprender\u00bb reuni\u00f3 a toda la comunidad de Armstrong en torno a 57 proyectos que reflejan la creatividad, el compromiso y el aprendizaje integral de los alumnos de la Escuela de Comercio Dr. Manuel Belgrano. La Escuela de Educaci\u00f3n Secundaria N\u00b0 51 Dr. Manuel Belgrano vivi\u00f3 una intensa jornada el pasado viernes 17 de <a href=\"https:\/\/armstrongyregion.com.ar\/diario\/armstrong-celebro-la-creatividad-estudiantil-la-escuela-n-51-deslumbro-con-sus-57-microemprendimientos\/\" title=\"Read more\" >&#8230;<\/a><\/p>\n","protected":false},"author":1,"featured_media":47348,"comment_status":"open","ping_status":"open","sticky":false,"template":"","format":"image","meta":{"_jetpack_memberships_contains_paid_content":false,"footnotes":"","jetpack_publicize_message":"","jetpack_publicize_feature_enabled":true,"jetpack_social_post_already_shared":true,"jetpack_social_options":{"image_generator_settings":{"template":"highway","default_image_id":0,"enabled":false},"version":2}},"categories":[6,8,1,2,7,3],"tags":[10981,12101,20,2040,12099,12103,12041,12100,31,12102,12104],"class_list":["post-47347","post","type-post","status-publish","format-image","has-post-thumbnail","hentry","category-cultura-entretenimiento","category-deliberando","category-diario-armstrong","category-locales","category-politica","category-region","tag-10981","tag-57-microemprendimientos","tag-armstrong","tag-celebro","tag-creatividad","tag-dr-pablo-verecchia","tag-esc-n51","tag-estudiantil","tag-la","tag-prof-fernanda-de-benedetti","tag-prof-gonzalo-costa","post_format-post-format-image"],"jetpack_publicize_connections":[],"jetpack_featured_media_url":"https:\/\/armstrongyregion.com.ar\/diario\/wp-content\/uploads\/2025\/10\/microemprendimientos-1-25.jpg","jetpack_shortlink":"https:\/\/wp.me\/p62QDO-cjF","jetpack_sharing_enabled":true,"amp_enabled":true,"_links":{"self":[{"href":"https:\/\/armstrongyregion.com.ar\/diario\/wp-json\/wp\/v2\/posts\/47347","targetHints":{"allow":["GET"]}}],"collection":[{"href":"https:\/\/armstrongyregion.com.ar\/diario\/wp-json\/wp\/v2\/posts"}],"about":[{"href":"https:\/\/armstrongyregion.com.ar\/diario\/wp-json\/wp\/v2\/types\/post"}],"author":[{"embeddable":true,"href":"https:\/\/armstrongyregion.com.ar\/diario\/wp-json\/wp\/v2\/users\/1"}],"replies":[{"embeddable":true,"href":"https:\/\/armstrongyregion.com.ar\/diario\/wp-json\/wp\/v2\/comments?post=47347"}],"version-history":[{"count":1,"href":"https:\/\/armstrongyregion.com.ar\/diario\/wp-json\/wp\/v2\/posts\/47347\/revisions"}],"predecessor-version":[{"id":47353,"href":"https:\/\/armstrongyregion.com.ar\/diario\/wp-json\/wp\/v2\/posts\/47347\/revisions\/47353"}],"wp:featuredmedia":[{"embeddable":true,"href":"https:\/\/armstrongyregion.com.ar\/diario\/wp-json\/wp\/v2\/media\/47348"}],"wp:attachment":[{"href":"https:\/\/armstrongyregion.com.ar\/diario\/wp-json\/wp\/v2\/media?parent=47347"}],"wp:term":[{"taxonomy":"category","embeddable":true,"href":"https:\/\/armstrongyregion.com.ar\/diario\/wp-json\/wp\/v2\/categories?post=47347"},{"taxonomy":"post_tag","embeddable":true,"href":"https:\/\/armstrongyregion.com.ar\/diario\/wp-json\/wp\/v2\/tags?post=47347"}],"curies":[{"name":"wp","href":"https:\/\/api.w.org\/{rel}","templated":true}]}}