{"id":47346,"date":"2025-10-19T18:03:52","date_gmt":"2025-10-19T18:03:52","guid":{"rendered":"https:\/\/armstrongyregion.com.ar\/diario\/?p=47346"},"modified":"2025-10-19T18:03:53","modified_gmt":"2025-10-19T18:03:53","slug":"plan-raiz-mas-de-7-mil-docentes-y-directivos-participaron-de-las-instancias-de-formacion-y-capacitacion-en-alfabetizacion","status":"publish","type":"post","link":"https:\/\/armstrongyregion.com.ar\/diario\/plan-raiz-mas-de-7-mil-docentes-y-directivos-participaron-de-las-instancias-de-formacion-y-capacitacion-en-alfabetizacion\/","title":{"rendered":"Plan Ra\u00edz: m\u00e1s de 7 mil docentes y directivos participaron de las instancias de formaci\u00f3n y capacitaci\u00f3n en alfabetizaci\u00f3n."},"content":{"rendered":"\n<figure class=\"wp-block-image size-full\"><img loading=\"lazy\" decoding=\"async\" width=\"640\" height=\"427\" src=\"https:\/\/armstrongyregion.com.ar\/diario\/wp-content\/uploads\/2025\/10\/plan-raiz-25.jpg\" alt=\"\" class=\"wp-image-47354\" srcset=\"https:\/\/armstrongyregion.com.ar\/diario\/wp-content\/uploads\/2025\/10\/plan-raiz-25.jpg 640w, https:\/\/armstrongyregion.com.ar\/diario\/wp-content\/uploads\/2025\/10\/plan-raiz-25-300x200.jpg 300w\" sizes=\"auto, (max-width: 640px) 100vw, 640px\" \/><\/figure>\n\n\n\n<h2 class=\"wp-block-heading\">En lo que va del a\u00f1o se realizaron siete encuentros en diferentes ciudades de la provincia &nbsp;destinados a docentes de primer y segundo grado y directivos de escuelas de gesti\u00f3n oficial y privada. \u201cEl plan es un compromiso del gobierno de Maximiliano Pullaro y Gisela Scaglia, con la mejora de los aprendizajes, la formaci\u00f3n docente continua y el derecho a la alfabetizaci\u00f3n de todos los ni\u00f1os y ni\u00f1as\u201d, indicaron desde el Ministerio de Educaci\u00f3n.<\/h2>\n\n\n\n<p>En el marco del Plan de Alfabetizaci\u00f3n Ra\u00edz, el Gobierno de Santa Fe, a trav\u00e9s del Ministerio de Educaci\u00f3n llev\u00f3 adelante las diferentes instancias de formaci\u00f3n y capacitaci\u00f3n en alfabetizaci\u00f3n que contaron con la participaci\u00f3n de m\u00e1s de 7 mil docentes de primer y segundo grado y directivos de instituciones educativas de gesti\u00f3n oficial y privada de toda la provincia.<\/p>\n\n\n\n<p>Los siete encuentros se desarrollaron de manera simult\u00e1nea en las sedes de las localidades de Tostado, Reconquista, Villa Ocampo, Rafaela, San Justo, Cayast\u00e1, Santa Fe, Coronda, G\u00e1lvez, Armstrong, Rosario, Villa Gobernador G\u00e1lvez, San Lorenzo, Venado Tuerto, San Jorge, San Crist\u00f3bal y Arruf\u00f3 y contaron con la presencia de 7.396 docentes de grado y directivos en los diferentes procesos de formaci\u00f3n y acompa\u00f1amiento pedag\u00f3gico consolidando tambi\u00e9n la presencia territorial del programa y el trabajo articulado con las distintas regionales educativas.<\/p>\n\n\n\n<p>\u201cEl Plan de Alfabetizaci\u00f3n Ra\u00edz representa una pol\u00edtica educativa sostenida que pone en el centro a la alfabetizaci\u00f3n como derecho y como prioridad pedag\u00f3gica. Este cierre de a\u00f1o es el resultado del esfuerzo de miles de docentes y equipos directivos que trabajan cada d\u00eda para garantizar que todos los ni\u00f1os y ni\u00f1as de la provincia aprendan a leer y escribir con sentido\u201d, afirm\u00f3 el ministro de Educaci\u00f3n, Jos\u00e9 Goity, y agreg\u00f3 que \u201cel Gobierno Provincial encabezado por Maximiliano Pullaro y Gisela Scaglia reafirma de esta manera el compromiso con la mejora de los aprendizajes, la formaci\u00f3n docente continua y el derecho a la alfabetizaci\u00f3n de todos los ni\u00f1os y ni\u00f1as santafesinos\u201d.<\/p>\n\n\n\n<p>Cabe destacar que en lo que va de 2025, a trav\u00e9s del Plan de Alfabetizaci\u00f3n Ra\u00edz se profundizaron las pol\u00edticas de alfabetizaci\u00f3n inicial en todo el territorio provincial. Actualmente, se est\u00e1n alfabetizando 104.827 estudiantes de primer y segundo grado, se entregaron m\u00e1s de 300 mil libros a 1.700 escuelas y se conformaron diferentes sedes de formaci\u00f3n, garantizando el acceso equitativo a la capacitaci\u00f3n docente.<br><br><img decoding=\"async\" alt=\"\" src=\"https:\/\/ci3.googleusercontent.com\/meips\/ADKq_NZoLK8VXBVsbtWUxS3FLnppZie2MDd7dRD1zORL2V9gxmGMlZL4fJThUC1EeKpINpKQOdVa3TGuvmVDQSFK1QjtrgaZeujP53phSVC9kGUmkt_zx2IHbYNe71gpq6G_aOUZoE5PJ1NV4NXPc9g=s0-d-e1-ft#https:\/\/www.santafe.gob.ar\/noticias\/recursos\/fotos\/2025\/10\/2025-10-18NID_284383O_1.jpeg\"><\/p>\n\n\n\n<p><strong>Testimonios de docentes<\/strong><br>Para Jesica Rosolo, docente de segundo grado, \u201cel Plan Ra\u00edz signific\u00f3 una gran ayuda dentro del aula, un sost\u00e9n que nos estructur\u00f3 desde la capacitaci\u00f3n y tambi\u00e9n represent\u00f3 un recurso para los ni\u00f1os ya que todos est\u00e1n recibiendo la misma informaci\u00f3n independientemente del contexto al que pertenezcan\u201d.<\/p>\n\n\n\n<p>Por su parte, Micaela Cappella expres\u00f3 que el plan \u201casegura el derecho a la educaci\u00f3n, a la alfabetizaci\u00f3n y a que los ni\u00f1os y ni\u00f1as puedan leer y escribir perfectamente a trav\u00e9s del trabajo de docentes comprometidos y responsables que avanzan d\u00eda a d\u00eda\u201d.<\/p>\n\n\n\n<p>Finalmente, otras docentes, coincidieron en que el Plan Ra\u00edz es muy significativo y destacaron el valor de las capacitaciones \u201cque se fueron llevando adelante durante el a\u00f1o, nos sirvieron mucho, fueron muy bien explicadas y nos aportaron mucho material\u201d.<\/p>\n\n\n\n<figure class=\"wp-block-image\"><img decoding=\"async\" src=\"https:\/\/ci3.googleusercontent.com\/meips\/ADKq_NazMekGAczf1J_QBBuKLDM0dLe28-w0yzwW8feNEpXmfD_K-3G1a9_sL4ZnyHBfnp6tk4fhBL-N-pmVH9Lr-vVfutH75x1XvwM911p1SYEQRVJBjNFiWDvTf2q9zPlBhD9i1X_Z57jwYOGyQHc=s0-d-e1-ft#https:\/\/www.santafe.gob.ar\/noticias\/recursos\/fotos\/2025\/10\/2025-10-18NID_284383O_3.jpeg\" alt=\"\"\/><\/figure>\n","protected":false},"excerpt":{"rendered":"<p>En lo que va del a\u00f1o se realizaron siete encuentros en diferentes ciudades de la provincia &nbsp;destinados a docentes de primer y segundo grado y directivos de escuelas de gesti\u00f3n oficial y privada. \u201cEl plan es un compromiso del gobierno de Maximiliano Pullaro y Gisela Scaglia, con la mejora de los aprendizajes, la formaci\u00f3n docente <a href=\"https:\/\/armstrongyregion.com.ar\/diario\/plan-raiz-mas-de-7-mil-docentes-y-directivos-participaron-de-las-instancias-de-formacion-y-capacitacion-en-alfabetizacion\/\" title=\"Read more\" >&#8230;<\/a><\/p>\n","protected":false},"author":1,"featured_media":47354,"comment_status":"open","ping_status":"open","sticky":false,"template":"","format":"image","meta":{"_jetpack_memberships_contains_paid_content":false,"footnotes":"","jetpack_publicize_message":"","jetpack_publicize_feature_enabled":true,"jetpack_social_post_already_shared":true,"jetpack_social_options":{"image_generator_settings":{"template":"highway","default_image_id":0,"enabled":false},"version":2}},"categories":[6,8,1,2,7,3],"tags":[12106,1292,5030,527,66,12105],"class_list":["post-47346","post","type-post","status-publish","format-image","has-post-thumbnail","hentry","category-cultura-entretenimiento","category-deliberando","category-diario-armstrong","category-locales","category-politica","category-region","tag-7-mil-docentes","tag-capacitacion","tag-diario-armstrong","tag-formacion","tag-participaron","tag-plan-raiz","post_format-post-format-image"],"jetpack_publicize_connections":[],"jetpack_featured_media_url":"https:\/\/armstrongyregion.com.ar\/diario\/wp-content\/uploads\/2025\/10\/plan-raiz-25.jpg","jetpack_shortlink":"https:\/\/wp.me\/p62QDO-cjE","jetpack_sharing_enabled":true,"amp_enabled":true,"_links":{"self":[{"href":"https:\/\/armstrongyregion.com.ar\/diario\/wp-json\/wp\/v2\/posts\/47346","targetHints":{"allow":["GET"]}}],"collection":[{"href":"https:\/\/armstrongyregion.com.ar\/diario\/wp-json\/wp\/v2\/posts"}],"about":[{"href":"https:\/\/armstrongyregion.com.ar\/diario\/wp-json\/wp\/v2\/types\/post"}],"author":[{"embeddable":true,"href":"https:\/\/armstrongyregion.com.ar\/diario\/wp-json\/wp\/v2\/users\/1"}],"replies":[{"embeddable":true,"href":"https:\/\/armstrongyregion.com.ar\/diario\/wp-json\/wp\/v2\/comments?post=47346"}],"version-history":[{"count":1,"href":"https:\/\/armstrongyregion.com.ar\/diario\/wp-json\/wp\/v2\/posts\/47346\/revisions"}],"predecessor-version":[{"id":47355,"href":"https:\/\/armstrongyregion.com.ar\/diario\/wp-json\/wp\/v2\/posts\/47346\/revisions\/47355"}],"wp:featuredmedia":[{"embeddable":true,"href":"https:\/\/armstrongyregion.com.ar\/diario\/wp-json\/wp\/v2\/media\/47354"}],"wp:attachment":[{"href":"https:\/\/armstrongyregion.com.ar\/diario\/wp-json\/wp\/v2\/media?parent=47346"}],"wp:term":[{"taxonomy":"category","embeddable":true,"href":"https:\/\/armstrongyregion.com.ar\/diario\/wp-json\/wp\/v2\/categories?post=47346"},{"taxonomy":"post_tag","embeddable":true,"href":"https:\/\/armstrongyregion.com.ar\/diario\/wp-json\/wp\/v2\/tags?post=47346"}],"curies":[{"name":"wp","href":"https:\/\/api.w.org\/{rel}","templated":true}]}}